{"id":142828,"date":"2019-09-09T12:10:43","date_gmt":"2019-09-09T10:10:43","guid":{"rendered":"https:\/\/www.ifun.de\/?p=142828"},"modified":"2019-09-09T12:11:12","modified_gmt":"2019-09-09T10:11:12","slug":"netatmo-alarmsystem-startet-kamera-sensoren-und-sirene","status":"publish","type":"post","link":"https:\/\/www.ifun.de\/netatmo-alarmsystem-startet-kamera-sensoren-und-sirene-142828\/","title":{"rendered":"Netatmo-Alarmsystem startet: Kamera, Sensoren und Sirene"},"content":{"rendered":"<p>Netatmo baut sein Produktportfolio aus und wird in K\u00fcrze ein \u201e<a href=\"https:\/\/www.netatmo.com\/de-de\/security\/video-alarm-system\">Smartes Alarmsystem mit Kamera<\/a>\u201c anbieten. Das System setzt sich aus einer neu verf\u00fcgbaren Alarmsirene, den wiederbelebten Netatmo Tags und der mit HomeKit kompatiblen Innenkamera des Herstellers zusammen.<\/p>\n<p>Die neue <a href=\"https:\/\/www.netatmo.com\/de-de\/security\/cam-indoor\/siren\">Netatmo-Sirene f\u00fcr Innenr\u00e4ume<\/a> wird vom 26. September an zum Preis von 79,99 Euro erh\u00e4ltlich sein. Die Sirene macht sich durch ein akustisches Alarmsignal mit einer Lautst\u00e4rke von 110 dB bemerkbar. Als Ausl\u00f6ser k\u00f6nnen die <a href=\"https:\/\/www.netatmo.com\/de-de\/security\/cam-indoor\/tag\">neuaufgelegten T\u00fcr- und Fenstersensoren<\/a> von Netatmo oder auch der Bewegungsmelder der Kamera dienen.<\/p>\n<p><a href=\"https:\/\/images.ifun.de\/wp-content\/uploads\/2019\/09\/netatmo-kamera-sirene-und-tags.jpg\"><img loading=\"lazy\" decoding=\"async\" src=\"https:\/\/images.ifun.de\/wp-content\/uploads\/2019\/09\/netatmo-kamera-sirene-und-tags-700x443.jpg\" alt=\"Netatmo Kamera Sirene Und Tags\" width=\"700\" height=\"443\" class=\"alignnone size-large wp-image-142832\" srcset=\"https:\/\/images.ifun.de\/wp-content\/uploads\/2019\/09\/netatmo-kamera-sirene-und-tags-700x443.jpg 700w, https:\/\/images.ifun.de\/wp-content\/uploads\/2019\/09\/netatmo-kamera-sirene-und-tags-500x316.jpg 500w, https:\/\/images.ifun.de\/wp-content\/uploads\/2019\/09\/netatmo-kamera-sirene-und-tags-768x486.jpg 768w, https:\/\/images.ifun.de\/wp-content\/uploads\/2019\/09\/netatmo-kamera-sirene-und-tags.jpg 798w\" sizes=\"auto, (max-width: 700px) 100vw, 700px\" \/><\/a><\/p>\n<p>An die urspr\u00fcnglich als \u201eNetatmo Tags\u201c genannten T\u00fcr- und Fenstersensoren erinnert ihr euch vielleicht. Netatmo hatte die Dinger vor drei Jahren schon mal im Programm und den Verkauf wohl aufgrund ihrer damals unzuverl\u00e4ssigen Funktion kurze Zeit sp\u00e4ter wieder eingestellt. Mit dem Neustart sollten die urspr\u00fcnglichen Probleme beseitigt sein. Die Sensoren sind jetzt wieder im Dreierpack zum Preis von 99 Euro erh\u00e4ltlich.<\/p>\n<p>In Kombination mit der Innenraumkamera von Netatmo kann das Alarmsystem nicht nur akustisch auf sich aufmerksam machen, sondern seinen Besitzer im Ernstfall auch gleich mit Live-Bildern versorgen. Die Kamera ist mit einer Gesichtserkennung ausgestattet und kann beispielsweise Warnungen verschicken, sobald eine unbekannte Person im Haus entdeckt wird. Ein nettes Feature ist dabei auch die Option, alternativ zum klassischen Alarmton der Sirene andere Ger\u00e4usche abzuspielen, zu den in der App verf\u00fcgbaren T\u00f6nen geh\u00f6rt etwa das Bellen eines Hundes.<\/p>\n<p>Und nicht wundern, falls euch das Netatmo-Alarmsystem bekannt vorkommt: Urspr\u00fcnglich wurde die Kombination aus Kamera, Tags und Sirene bereits <a href=\"https:\/\/www.iphone-ticker.de\/netatmo-stellt-homekit-rauchmelder-und-alarmsirene-vor-106489\/\">f\u00fcr das Jahr 2017 angek\u00fcndigt<\/a>.<\/p>\n","protected":false},"excerpt":{"rendered":"<a href=\"https:\/\/www.ifun.de\/netatmo-alarmsystem-startet-kamera-sensoren-und-sirene-142828\/\"><img width=\"150\" height=\"150\" src=\"https:\/\/images.ifun.de\/wp-content\/uploads\/2019\/09\/netatmo-alarmsystem-150x150.jpg\" class=\"alignright tfe wp-post-image\" alt=\"Netatmo Alarmsystem\" decoding=\"async\" loading=\"lazy\" \/><\/a><p>Netatmo baut sein Produktportfolio aus und wird in K\u00fcrze ein \u201eSmartes Alarmsystem mit Kamera\u201c anbieten. Das System setzt sich aus einer neu verf\u00fcgbaren Alarmsirene, den wiederbelebten Netatmo Tags und der mit HomeKit kompatiblen Innenkamera des Herstellers zusammen. Die neue Netatmo-Sirene f\u00fcr Innenr\u00e4ume wird vom 26. September an zum Preis von 79,99 Euro erh\u00e4ltlich sein. Die [&hellip;]<\/p>\n","protected":false},"author":2,"featured_media":142831,"comment_status":"open","ping_status":"closed","sticky":false,"template":"","format":"standard","meta":{"_acf_changed":false,"footnotes":""},"categories":[1],"tags":[1787],"class_list":["post-142828","post","type-post","status-publish","format-standard","has-post-thumbnail","hentry","category-news","tag-netatmo"],"acf":[],"aioseo_notices":[],"subheadline":["\"Netatmo Tags\" wiederbelebt"],"featured_image":["https:\/\/images.ifun.de\/wp-content\/uploads\/2019\/09\/netatmo-alarmsystem.jpg"],"rest_api_enabler":{"subheadline":"\"Netatmo Tags\" wiederbelebt","featured_image":"https:\/\/images.ifun.de\/wp-content\/uploads\/2019\/09\/netatmo-alarmsystem.jpg"},"_links":{"self":[{"href":"https:\/\/www.ifun.de\/apiv2\/wp\/v2\/posts\/142828","targetHints":{"allow":["GET"]}}],"collection":[{"href":"https:\/\/www.ifun.de\/apiv2\/wp\/v2\/posts"}],"about":[{"href":"https:\/\/www.ifun.de\/apiv2\/wp\/v2\/types\/post"}],"author":[{"embeddable":true,"href":"https:\/\/www.ifun.de\/apiv2\/wp\/v2\/users\/2"}],"replies":[{"embeddable":true,"href":"https:\/\/www.ifun.de\/apiv2\/wp\/v2\/comments?post=142828"}],"version-history":[{"count":5,"href":"https:\/\/www.ifun.de\/apiv2\/wp\/v2\/posts\/142828\/revisions"}],"predecessor-version":[{"id":142835,"href":"https:\/\/www.ifun.de\/apiv2\/wp\/v2\/posts\/142828\/revisions\/142835"}],"wp:featuredmedia":[{"embeddable":true,"href":"https:\/\/www.ifun.de\/apiv2\/wp\/v2\/media\/142831"}],"wp:attachment":[{"href":"https:\/\/www.ifun.de\/apiv2\/wp\/v2\/media?parent=142828"}],"wp:term":[{"taxonomy":"category","embeddable":true,"href":"https:\/\/www.ifun.de\/apiv2\/wp\/v2\/categories?post=142828"},{"taxonomy":"post_tag","embeddable":true,"href":"https:\/\/www.ifun.de\/apiv2\/wp\/v2\/tags?post=142828"}],"curies":[{"name":"wp","href":"https:\/\/api.w.org\/{rel}","templated":true}]}}