{"id":142814,"date":"2019-09-09T08:54:22","date_gmt":"2019-09-09T06:54:22","guid":{"rendered":"https:\/\/www.ifun.de\/?p=142814"},"modified":"2019-09-09T08:55:03","modified_gmt":"2019-09-09T06:55:03","slug":"apples-september-event-auch-live-auf-youtube","status":"publish","type":"post","link":"https:\/\/www.ifun.de\/apples-september-event-auch-live-auf-youtube-142814\/","title":{"rendered":"Apples September-Event auch Live auf YouTube"},"content":{"rendered":"<p>Apple \u00fcbertr\u00e4gt das f\u00fcr morgen angesetzte Special Event auch auf YouTube. Die <a href=\"https:\/\/www.youtube.com\/watch?v=996wliAI_y4\">Webseite f\u00fcr den Livestream<\/a> ist dort bereits eingerichtet. Mit der Ausstrahlung \u00fcber YouTube bietet sich eine unkomplizierte und plattform\u00fcbergreifende Alternative zu dem \u00fcber die <a href=\"https:\/\/www.apple.com\/apple-events\/\">Apple-Webseite<\/a> angebotenen Livestream.<\/p>\n<p><div class=\"responsive-video\"><iframe loading=\"lazy\" width=\"500\" height=\"298\" src=\"https:\/\/www.youtube-nocookie.com\/embed\/996wliAI_y4\" frameborder=\"0\" allow=\"accelerometer; autoplay; encrypted-media; gyroscope; picture-in-picture\" allowfullscreen><\/iframe><\/div><\/p>\n<blockquote>\n<p>Cupertino calling. Join us for an Apple special event live from the Steve Jobs Theater on September 10 at 10 a.m. PDT. Set a reminder and we\u2019ll send an update before the show.<\/p>\n<\/blockquote>\n<p>Um 19 Uhr unserer Zeit geht\u2019s morgen los. Apple hat ins Steve Jobs Theatre auf dem Firmengel\u00e4nde in Cupertino geladen, um die iPhone-Modelle 2019 und hoffentlich dazu noch die eine oder andere \u00dcberraschung zu pr\u00e4sentieren.<\/p>\n<p>Nach aktuellem Stand der Dinge erwarten wir neue Modelle mit den Namen iPhone 11, iPhone 11 Pro und iPhone 11 Pro Max, die durch ihren <a href=\"https:\/\/www.iphone-ticker.de\/so-wirds-wohl-kommen-die-drei-iphone-11-modelle-im-video-143987\/\" title=\"quadratischen Kamera-Buckel\">quadratischen Kamera-Buckel<\/a> und wohl auch <a href=\"https:\/\/www.ifun.de\/fuer-apple-tv-events-app-jetzt-in-den-alten-imac-farben-142776\/\" title=\"F\u00fcr Apple TV: Events-App jetzt in den alten iMac-Farben\">neue Farben<\/a> auffallen. Dar\u00fcber hinaus erhoffen wir uns finale Informationen zu den f\u00fcr Herbst angek\u00fcndigten neuen Apple-Abos Apple Arcade und Apple TV+ sowie vielleicht das eine oder andere \u201eOne more thing\u201c. Im Gespr\u00e4ch ist unter anderem <a href=\"https:\/\/www.ifun.de\/apple-event-am-dienstag-neues-apple-tv-und-one-more-thing-142616\/\" title=\"Apple-Event am Dienstag: Neues Apple TV und \u201eOne more thing\u201c?\">ein neues Apple TV<\/a>.<\/p>\n<p>Wir werden das Apple-Event morgen in gewohnter Weise begleiten und euch parallel zum Livestream mit News-Eintr\u00e4gen und Push-Mitteilungen zu den wichtigsten Neuvorstellungen und Ank\u00fcndigungen versorgen.<\/p>\n<!-- WP-Appbox (Version: 4.5.12 \/\/ Store: appstore \/\/ ID: 369902977) -->\t<!-- app-link -->\n\t<div id=\"article-single-app-preview\">\n\t\t<div id=\"article-single-app-preview-header\">\n\t\t\t<span class=\"title\">Laden im App Store<\/span>\n\t\t<\/div>\n\t\t<div id=\"article-single-app-preview-content\">\n\t\t\t<div id=\"article-single-app-preview-img\"><img loading=\"lazy\" decoding=\"async\" src=\"\/\/is1-ssl.mzstatic.com\/image\/thumb\/Purple211\/v4\/74\/39\/58\/7439581a-3b4f-f6f6-d722-60e2318c95b3\/AppIcon-0-0-1x_U007epad-0-11-0-85-220.png\/200x200ia-75.png\" alt=\"ifun.de\"  height=\"72\" width=\"72\" class=\"asl-icon-img\" \/><\/div>\n\t\t\t<div id=\"article-single-app-preview-desc\">\n\t\t\t\t<span class=\"name\">ifun.de<\/span><br \/>\n\t\t\t\t<span class=\"seller\">Entwickler: <a target=\"_blank\" rel=\"nofollow\" href=\"https:\/\/apps.apple.com\/de\/developer\/aketo-gmbh\/id776255936\">aketo GmbH<\/a><\/span>\n\t\t\t<\/div>\n\t\t\t<a target=\"_blank\" rel=\"nofollow\" href=\"https:\/\/apps.apple.com\/de\/app\/ifun-de\/id369902977\"><div id=\"article-single-app-preview-download\">Preis: Kostenlos<sup>+<\/sup><br \/>\n\t\t\t<span class=\"size\">Laden<\/span><\/div><\/a>\n\t\t<\/div>\n\t\t<!-- <div id=\"article-single-app-preview-footer\"><\/div>\t-->\n\t<\/div>\n\t<!-- app-link\/ende --><!-- \/WP-Appbox -->\n","protected":false},"excerpt":{"rendered":"<a href=\"https:\/\/www.ifun.de\/apples-september-event-auch-live-auf-youtube-142814\/\"><img width=\"150\" height=\"150\" src=\"https:\/\/images.ifun.de\/wp-content\/uploads\/2019\/09\/apple-special-event-auf-youtube-150x150.jpg\" class=\"alignright tfe wp-post-image\" alt=\"Apple Special Event Auf Youtube\" decoding=\"async\" loading=\"lazy\" \/><\/a><p>Apple \u00fcbertr\u00e4gt das f\u00fcr morgen angesetzte Special Event auch auf YouTube. Die Webseite f\u00fcr den Livestream ist dort bereits eingerichtet. Mit der Ausstrahlung \u00fcber YouTube bietet sich eine unkomplizierte und plattform\u00fcbergreifende Alternative zu dem \u00fcber die Apple-Webseite angebotenen Livestream. Cupertino calling. Join us for an Apple special event live from the Steve Jobs Theater on [&hellip;]<\/p>\n","protected":false},"author":2,"featured_media":142816,"comment_status":"open","ping_status":"closed","sticky":false,"template":"","format":"standard","meta":{"_acf_changed":false,"footnotes":""},"categories":[3],"tags":[308],"class_list":["post-142814","post","type-post","status-publish","format-standard","has-post-thumbnail","hentry","category-apple","tag-apple-event"],"acf":[],"aioseo_notices":[],"subheadline":["Alternative zur Apple-Webseite"],"featured_image":["https:\/\/images.ifun.de\/wp-content\/uploads\/2019\/08\/tim-cook-ist-stolz.jpg"],"rest_api_enabler":{"subheadline":"Alternative zur Apple-Webseite","featured_image":"https:\/\/images.ifun.de\/wp-content\/uploads\/2019\/08\/tim-cook-ist-stolz.jpg"},"_links":{"self":[{"href":"https:\/\/www.ifun.de\/apiv2\/wp\/v2\/posts\/142814","targetHints":{"allow":["GET"]}}],"collection":[{"href":"https:\/\/www.ifun.de\/apiv2\/wp\/v2\/posts"}],"about":[{"href":"https:\/\/www.ifun.de\/apiv2\/wp\/v2\/types\/post"}],"author":[{"embeddable":true,"href":"https:\/\/www.ifun.de\/apiv2\/wp\/v2\/users\/2"}],"replies":[{"embeddable":true,"href":"https:\/\/www.ifun.de\/apiv2\/wp\/v2\/comments?post=142814"}],"version-history":[{"count":4,"href":"https:\/\/www.ifun.de\/apiv2\/wp\/v2\/posts\/142814\/revisions"}],"predecessor-version":[{"id":142819,"href":"https:\/\/www.ifun.de\/apiv2\/wp\/v2\/posts\/142814\/revisions\/142819"}],"wp:featuredmedia":[{"embeddable":true,"href":"https:\/\/www.ifun.de\/apiv2\/wp\/v2\/media\/142816"}],"wp:attachment":[{"href":"https:\/\/www.ifun.de\/apiv2\/wp\/v2\/media?parent=142814"}],"wp:term":[{"taxonomy":"category","embeddable":true,"href":"https:\/\/www.ifun.de\/apiv2\/wp\/v2\/categories?post=142814"},{"taxonomy":"post_tag","embeddable":true,"href":"https:\/\/www.ifun.de\/apiv2\/wp\/v2\/tags?post=142814"}],"curies":[{"name":"wp","href":"https:\/\/api.w.org\/{rel}","templated":true}]}}