{"id":142792,"date":"2019-09-07T09:31:47","date_gmt":"2019-09-07T07:31:47","guid":{"rendered":"https:\/\/www.ifun.de\/?p=142792"},"modified":"2019-09-09T20:39:46","modified_gmt":"2019-09-09T18:39:46","slug":"noch-eine-apple-serie-reicht-es-fuer-das-abo","status":"publish","type":"post","link":"https:\/\/www.ifun.de\/noch-eine-apple-serie-reicht-es-fuer-das-abo-142792\/","title":{"rendered":"Noch eine Apple-Serie: Reicht es f\u00fcr das Abo?"},"content":{"rendered":"<p>Wenn selbst der f\u00fcr November angek\u00fcndigte Streaming-Dienst <a href=\"https:\/\/www.ifun.de\/disney-erlaubt-7-nutzerprofile-und-4-gleichzeitige-streams-142130\/\">Disney+<\/a>, mit seinem prall gef\u00fcllten Katalog an hochkar\u00e4tigen Eigenproduktionen nur 6,99 Euro f\u00fcr den monatlichen Zugriff auf die Inhalte von Disney, Marvel, Star Wars, Pixar und National Geographic verlangt, wie zum Teufel wird Apple dann eine monatliche 10 Euro-Investition rechtfertigen.<\/p>\n<p><a href=\"https:\/\/images.ifun.de\/wp-content\/uploads\/2019\/03\/apple-tv-plus-originals.jpg\"><img loading=\"lazy\" decoding=\"async\" class=\"aligncenter size-medium wp-image-135529\" src=\"https:\/\/images.ifun.de\/wp-content\/uploads\/2019\/03\/apple-tv-plus-originals-500x291.jpg\" alt=\"Apple Tv Plus Originals\" width=\"500\" height=\"291\" srcset=\"https:\/\/images.ifun.de\/wp-content\/uploads\/2019\/03\/apple-tv-plus-originals-500x291.jpg 500w, https:\/\/images.ifun.de\/wp-content\/uploads\/2019\/03\/apple-tv-plus-originals-768x447.jpg 768w, https:\/\/images.ifun.de\/wp-content\/uploads\/2019\/03\/apple-tv-plus-originals-700x407.jpg 700w, https:\/\/images.ifun.de\/wp-content\/uploads\/2019\/03\/apple-tv-plus-originals.jpg 1000w\" sizes=\"auto, (max-width: 500px) 100vw, 500px\" \/><\/a><\/p>\n<p>Trotz der sehr \u00fcberschaubaren Anzahl an selbstproduzierten TV-Inhalten rechnen fast alle Marktbeobachter damit, dass Apple mit dem branchen\u00fcblichen Monatspreis von 9,99 Euro in das Video-Streaming-Gesch\u00e4ft einsteigen wird.<\/p>\n<p>Die Analysten fragen sich allerdings auch, wie viele Anwender bereit sein werden den Netflix-Obolus f\u00fcr eine Handvoll Musik-Dokumentation und ein Serien-Angebot auszugeben, das keine Experimente zu wagen scheint, sondern vor allem auf Familien-Kompatibilit\u00e4t setzt.<\/p>\n<ul>\n<li><a href=\"https:\/\/www.ifun.de\/apples-moralvorstellungen-lassen-tv-serie-mit-richard-gere-platzen-142597\/\">04. September<\/a> &#8211; Apples Moralvorstellungen lassen TV-Serie mit Richard Gere platzen<\/li>\n<li><a href=\"https:\/\/www.ifun.de\/bitte-kein-sex-apple-stampft-offenbar-tv-doku-ueber-dr-dre-ein-127662\/\">24. September<\/a> &#8211; \u201eBitte kein Sex\u201c: Apple stampft offenbar TV-Doku \u00fcber Dr. Dre ein<\/li>\n<li><a href=\"https:\/\/www.ifun.de\/unterhaltung-ohne-brueste-apples-vorgaben-irritieren-kreative-118597\/\">08. Februar<\/a> &#8211; Unterhaltung ohne Br\u00fcste: Apples Vorgaben irritieren Kreative<\/li>\n<\/ul>\n<p>Sind vielleicht eine Handvoll iTunes-Leihfilme im Monatspreis inbegriffen? Gibt es den Apple TV Plus-Zugang als Gratis-Dreingabe zum Apple Music- oder Apple Arcade-Abo mit dazu? Oder kommt vielleicht das noch <a href=\"https:\/\/www.ifun.de\/?p=135568\">das Apfel-Abo<\/a> mit allem Zip und Zap?<\/p>\n<p>Ein All-In-One-Angebot mit neuem iPhone ($31,99\/Monat), Apple News+ ($9,99\/Monat), Apple Music ($9,99\/Monat), Apple TV+ ($9,99\/Monat), Apple Arcade ($9,99\/Monat) und 2TB iCloud-Speicher ($9,99\/Monat) das der Konzern statt f\u00fcr $81,94 vielleicht f\u00fcr $69,99 anbieten k\u00f6nnte?<\/p>\n<h2>Mr. Corman mit Joseph Gordon-Levitt<\/h2>\n<p>Was wir eigentlich schreiben wollten: Inception-Star Joseph Gordon-Levitt arbeitet f\u00fcr Apple an <a href=\"https:\/\/variety.com\/2019\/tv\/news\/joseph-gordon-levitt-apple-series-1203325340\/\">einer neuen Dramaserie<\/a> mit dem Arbeitstitel &#8222;Mr. Corman&#8220;.<\/p>\n<p>Es soll um einen Grundschullehrer in Los Angeles gehen. Ob Gordon-Levitt hier &#8222;nur&#8220; produziert oder auch selbst vor der Kamera stehen wird, ist aktuell noch unklar.<\/p>\n<p>Apples Video-Streaming-Dienst soll noch im Herbst starten.<\/p>\n<p><img loading=\"lazy\" decoding=\"async\" class=\"tracking\" src=\"https:\/\/vg08.met.vgwort.de\/na\/113cdbdbc8ad496ebd5704002c0a3c70\" width=\"1\" height=\"1\" \/><\/p>\n","protected":false},"excerpt":{"rendered":"<a href=\"https:\/\/www.ifun.de\/noch-eine-apple-serie-reicht-es-fuer-das-abo-142792\/\"><img decoding=\"async\" width=\"150\" src=\"https:\/\/images.ifun.de\/wp-content\/uploads\/2019\/03\/apple-tv-plus-originals-500x291.jpg\" class=\"alignright wp-post-image tfe\" alt=\"Apple Tv Plus Originals\" title=\"\" \/><\/a><p>Wenn selbst der f\u00fcr November angek\u00fcndigte Streaming-Dienst Disney+, mit seinem prall gef\u00fcllten Katalog an hochkar\u00e4tigen Eigenproduktionen nur 6,99 Euro f\u00fcr den monatlichen Zugriff auf die Inhalte von Disney, Marvel, Star Wars, Pixar und National Geographic verlangt, wie zum Teufel wird Apple dann eine monatliche 10 Euro-Investition rechtfertigen. Trotz der sehr \u00fcberschaubaren Anzahl an selbstproduzierten TV-Inhalten [&hellip;]<\/p>\n","protected":false},"author":1,"featured_media":0,"comment_status":"open","ping_status":"closed","sticky":false,"template":"","format":"standard","meta":{"_acf_changed":false,"footnotes":""},"categories":[4,1783],"tags":[4736,4467,58,3389],"class_list":["post-142792","post","type-post","status-publish","format-standard","hentry","category-appletv","category-feature","tag-apple","tag-apple-tv-plus","tag-fernsehen","tag-serie"],"acf":[],"aioseo_notices":[],"subheadline":["Mr. Corman kommt"],"featured_image":["https:\/\/images.ifun.de\/wp-content\/uploads\/2019\/03\/apple-tv-plus-1.jpg"],"rest_api_enabler":{"subheadline":"Mr. Corman kommt","featured_image":"https:\/\/images.ifun.de\/wp-content\/uploads\/2019\/03\/apple-tv-plus-1.jpg"},"_links":{"self":[{"href":"https:\/\/www.ifun.de\/apiv2\/wp\/v2\/posts\/142792","targetHints":{"allow":["GET"]}}],"collection":[{"href":"https:\/\/www.ifun.de\/apiv2\/wp\/v2\/posts"}],"about":[{"href":"https:\/\/www.ifun.de\/apiv2\/wp\/v2\/types\/post"}],"author":[{"embeddable":true,"href":"https:\/\/www.ifun.de\/apiv2\/wp\/v2\/users\/1"}],"replies":[{"embeddable":true,"href":"https:\/\/www.ifun.de\/apiv2\/wp\/v2\/comments?post=142792"}],"version-history":[{"count":5,"href":"https:\/\/www.ifun.de\/apiv2\/wp\/v2\/posts\/142792\/revisions"}],"predecessor-version":[{"id":142878,"href":"https:\/\/www.ifun.de\/apiv2\/wp\/v2\/posts\/142792\/revisions\/142878"}],"wp:attachment":[{"href":"https:\/\/www.ifun.de\/apiv2\/wp\/v2\/media?parent=142792"}],"wp:term":[{"taxonomy":"category","embeddable":true,"href":"https:\/\/www.ifun.de\/apiv2\/wp\/v2\/categories?post=142792"},{"taxonomy":"post_tag","embeddable":true,"href":"https:\/\/www.ifun.de\/apiv2\/wp\/v2\/tags?post=142792"}],"curies":[{"name":"wp","href":"https:\/\/api.w.org\/{rel}","templated":true}]}}