{"id":142719,"date":"2019-09-05T16:43:34","date_gmt":"2019-09-05T14:43:34","guid":{"rendered":"https:\/\/www.ifun.de\/?p=142719"},"modified":"2019-09-05T17:00:42","modified_gmt":"2019-09-05T15:00:42","slug":"mit-airplay-2-neue-braun-lautsprecher-nach-28-jahren-stille","status":"publish","type":"post","link":"https:\/\/www.ifun.de\/mit-airplay-2-neue-braun-lautsprecher-nach-28-jahren-stille-142719\/","title":{"rendered":"Mit AirPlay 2: Neue BRAUN-Lautsprecher nach 28 Jahren Stille"},"content":{"rendered":"<p>Nach 28 Jahren Abstinenz im Bereich Audio, meldet sich die Marke Braun mit einer Neuerfindung der klassischen LE Lautsprecher aus dem Jahr 1959 zuru\u0308ck.<\/p>\n<p><a href=\"https:\/\/images.ifun.de\/wp-content\/uploads\/2019\/09\/braun-original.jpg\"><img loading=\"lazy\" decoding=\"async\" src=\"https:\/\/images.ifun.de\/wp-content\/uploads\/2019\/09\/braun-original-500x500.jpg\" alt=\"Braun Original\" width=\"500\" height=\"500\" class=\"aligncenter size-medium wp-image-142721\" srcset=\"https:\/\/images.ifun.de\/wp-content\/uploads\/2019\/09\/braun-original-500x500.jpg 500w, https:\/\/images.ifun.de\/wp-content\/uploads\/2019\/09\/braun-original-150x150.jpg 150w, https:\/\/images.ifun.de\/wp-content\/uploads\/2019\/09\/braun-original-768x766.jpg 768w, https:\/\/images.ifun.de\/wp-content\/uploads\/2019\/09\/braun-original-700x698.jpg 700w\" sizes=\"auto, (max-width: 500px) 100vw, 500px\" \/><\/a><\/p>\n<h6>Das Original aus den 60ern<\/h6>\n<p>Die jetzt pr\u00e4sentierte LE-Reihe umfasst insgesamt drei Lautsprecher, den LE01, LE02 sowie den LE03 und wird in Deutschland ab Oktober in Schwarz und Wei\u00df erha\u0308ltlich sein.<\/p>\n<p>Die Netzwerk-Lautsprecher sind Multiroom-fa\u0308hig und verfu\u0308gen u\u0308ber die Mo\u0308glichkeit, drahtlos und in Stereo miteinander gekoppelt zu werden. Neben dem Google Assistant ist AirPlay 2, Chromecast und Bluetooth mit an Bord. Ein 3.5mm Aux-in und folgende Eingabemo\u0308glichkeiten: Sicherheitstaste, Aktionstaste, Play\/Pause, Titel u\u0308berspringen, Vorheriger Titel, Lauter, Leiser, Bluetooth-Kopplung.<\/p>\n<blockquote><p>Das Braun Ingenieursteam hat speziell angefertigte Komponenten entwickelt, die die Lautsprecher so abstimmen, dass sie au\u00dfergew\u00f6hnlich tiefe und druckvolle B\u00e4sse liefern \u2013 trotz des schlanken Geh\u00e4uses der LE Serie. Diese Komponenten verf\u00fcgen \u00fcber eine doppelte progressive Linearaufh\u00e4ngung f\u00fcr mehr Kontrolle und weniger Verzerrung. In Verbindung mit den Tieft\u00f6nern und Passivstrahlern der LE Serie erm\u00f6glicht der Einsatz der BMRs eine raumf\u00fcllende Leistung f\u00fcr jedes Modell der neuen LE Lautsprecher.<\/p><\/blockquote>\n<p><a href=\"https:\/\/images.ifun.de\/wp-content\/uploads\/2019\/09\/braun-neu.jpg\"><img loading=\"lazy\" decoding=\"async\" src=\"https:\/\/images.ifun.de\/wp-content\/uploads\/2019\/09\/braun-neu-700x525.jpg\" alt=\"Braun Neu\" width=\"700\" height=\"525\" class=\"aligncenter size-large wp-image-142730\" srcset=\"https:\/\/images.ifun.de\/wp-content\/uploads\/2019\/09\/braun-neu-700x525.jpg 700w, https:\/\/images.ifun.de\/wp-content\/uploads\/2019\/09\/braun-neu-500x375.jpg 500w, https:\/\/images.ifun.de\/wp-content\/uploads\/2019\/09\/braun-neu-768x576.jpg 768w\" sizes=\"auto, (max-width: 700px) 100vw, 700px\" \/><\/a><\/p>\n<h6>Die Neuinterpretation 2019<\/h6>\n<p>Die Lautsprechergeha\u0308use sind aus Aluminium, die Lautsprecherabdeckung aus Akustikgewebe, die Stu\u0308tzfu\u0308\u00dfe aus Edelstahl. Hier gibt es das vollst\u00e4ndige Datenblatt: <a href=\"https:\/\/schwartzpr.de\/website\/uploads\/LE-Range_Press-Release_TECH-VERSION_DE-1.pdf\">PDF-Download<\/a>. <\/p>\n<h2>LE01 &#8211; 1.199 Euro<\/h2>\n<p>Lautsprecher: 700 (Breite) x 271 (Ho\u0308he) x 99 (Tiefe) &#8211; Lautsprecher inkl. Tischgestell: 700 (Breite) x 323 (Ho\u0308he) x 159 (Tiefe)<\/p>\n<h2>LE02 &#8211; 799 Euro<\/h2>\n<p>Lautsprecher: 480 (Breite) x 171 (Ho\u0308he) x 84.5 (Tiefe) &#8211; Lautsprecher inkl. Tischgestell: 480 (Breite) x 210 (Ho\u0308he) x 131.5 (Tiefe)<\/p>\n<h2>LE03 &#8211; 379 Euro<\/h2>\n<p>Lautsprecher: 170 (Breite) x 170 (Ho\u0308he) x 84 (Tiefe)<\/p>\n<p><a href=\"https:\/\/images.ifun.de\/wp-content\/uploads\/2019\/09\/braun-familie-quer.jpg\"><img loading=\"lazy\" decoding=\"async\" src=\"https:\/\/images.ifun.de\/wp-content\/uploads\/2019\/09\/braun-familie-quer-700x418.jpg\" alt=\"Braun Familie Quer\" width=\"700\" height=\"418\" class=\"aligncenter size-large wp-image-142727\" srcset=\"https:\/\/images.ifun.de\/wp-content\/uploads\/2019\/09\/braun-familie-quer-700x418.jpg 700w, https:\/\/images.ifun.de\/wp-content\/uploads\/2019\/09\/braun-familie-quer-500x299.jpg 500w, https:\/\/images.ifun.de\/wp-content\/uploads\/2019\/09\/braun-familie-quer-768x459.jpg 768w\" sizes=\"auto, (max-width: 700px) 100vw, 700px\" \/><\/a><\/p>\n<p><a href=\"https:\/\/images.ifun.de\/wp-content\/uploads\/2019\/09\/braun-vorn.jpg\"><img loading=\"lazy\" decoding=\"async\" src=\"https:\/\/images.ifun.de\/wp-content\/uploads\/2019\/09\/braun-vorn-700x330.jpg\" alt=\"Braun Vorn\" width=\"700\" height=\"330\" class=\"aligncenter size-large wp-image-142722\" srcset=\"https:\/\/images.ifun.de\/wp-content\/uploads\/2019\/09\/braun-vorn-700x330.jpg 700w, https:\/\/images.ifun.de\/wp-content\/uploads\/2019\/09\/braun-vorn-500x235.jpg 500w, https:\/\/images.ifun.de\/wp-content\/uploads\/2019\/09\/braun-vorn-768x362.jpg 768w\" sizes=\"auto, (max-width: 700px) 100vw, 700px\" \/><\/a><\/p>\n<p><a href=\"https:\/\/images.ifun.de\/wp-content\/uploads\/2019\/09\/braun-oben.jpg\"><img loading=\"lazy\" decoding=\"async\" src=\"https:\/\/images.ifun.de\/wp-content\/uploads\/2019\/09\/braun-oben-700x325.jpg\" alt=\"Braun Oben\" width=\"700\" height=\"325\" class=\"aligncenter size-large wp-image-142734\" srcset=\"https:\/\/images.ifun.de\/wp-content\/uploads\/2019\/09\/braun-oben-700x325.jpg 700w, https:\/\/images.ifun.de\/wp-content\/uploads\/2019\/09\/braun-oben-500x232.jpg 500w, https:\/\/images.ifun.de\/wp-content\/uploads\/2019\/09\/braun-oben-768x357.jpg 768w, https:\/\/images.ifun.de\/wp-content\/uploads\/2019\/09\/braun-oben.jpg 2000w\" sizes=\"auto, (max-width: 700px) 100vw, 700px\" \/><\/a><\/p>\n","protected":false},"excerpt":{"rendered":"<a href=\"https:\/\/www.ifun.de\/mit-airplay-2-neue-braun-lautsprecher-nach-28-jahren-stille-142719\/\"><img width=\"150\" height=\"150\" src=\"https:\/\/images.ifun.de\/wp-content\/uploads\/2019\/09\/braun-klein-150x150.jpg\" class=\"alignright tfe wp-post-image\" alt=\"Braun Klein\" decoding=\"async\" loading=\"lazy\" srcset=\"https:\/\/images.ifun.de\/wp-content\/uploads\/2019\/09\/braun-klein-150x150.jpg 150w, https:\/\/images.ifun.de\/wp-content\/uploads\/2019\/09\/braun-klein-500x498.jpg 500w, https:\/\/images.ifun.de\/wp-content\/uploads\/2019\/09\/braun-klein-768x764.jpg 768w, https:\/\/images.ifun.de\/wp-content\/uploads\/2019\/09\/braun-klein-700x697.jpg 700w, https:\/\/images.ifun.de\/wp-content\/uploads\/2019\/09\/braun-klein.jpg 2000w\" sizes=\"auto, (max-width: 150px) 100vw, 150px\" \/><\/a><p>Nach 28 Jahren Abstinenz im Bereich Audio, meldet sich die Marke Braun mit einer Neuerfindung der klassischen LE Lautsprecher aus dem Jahr 1959 zuru\u0308ck. Das Original aus den 60ern Die jetzt pr\u00e4sentierte LE-Reihe umfasst insgesamt drei Lautsprecher, den LE01, LE02 sowie den LE03 und wird in Deutschland ab Oktober in Schwarz und Wei\u00df erha\u0308ltlich sein. [&hellip;]<\/p>\n","protected":false},"author":1,"featured_media":142724,"comment_status":"open","ping_status":"closed","sticky":false,"template":"","format":"standard","meta":{"_acf_changed":false,"footnotes":""},"categories":[1],"tags":[4032,1437,126],"class_list":["post-142719","post","type-post","status-publish","format-standard","has-post-thumbnail","hentry","category-news","tag-airplay-2","tag-braun","tag-lautsprecher"],"acf":[],"aioseo_notices":[],"featured_image":["https:\/\/images.ifun.de\/wp-content\/uploads\/2019\/09\/braun-feature.jpg"],"subheadline":["In drei Gr\u00f6\u00dfen"],"rest_api_enabler":{"featured_image":"https:\/\/images.ifun.de\/wp-content\/uploads\/2019\/09\/braun-feature.jpg","subheadline":"In drei Gr\u00f6\u00dfen"},"_links":{"self":[{"href":"https:\/\/www.ifun.de\/apiv2\/wp\/v2\/posts\/142719","targetHints":{"allow":["GET"]}}],"collection":[{"href":"https:\/\/www.ifun.de\/apiv2\/wp\/v2\/posts"}],"about":[{"href":"https:\/\/www.ifun.de\/apiv2\/wp\/v2\/types\/post"}],"author":[{"embeddable":true,"href":"https:\/\/www.ifun.de\/apiv2\/wp\/v2\/users\/1"}],"replies":[{"embeddable":true,"href":"https:\/\/www.ifun.de\/apiv2\/wp\/v2\/comments?post=142719"}],"version-history":[{"count":9,"href":"https:\/\/www.ifun.de\/apiv2\/wp\/v2\/posts\/142719\/revisions"}],"predecessor-version":[{"id":142738,"href":"https:\/\/www.ifun.de\/apiv2\/wp\/v2\/posts\/142719\/revisions\/142738"}],"wp:featuredmedia":[{"embeddable":true,"href":"https:\/\/www.ifun.de\/apiv2\/wp\/v2\/media\/142724"}],"wp:attachment":[{"href":"https:\/\/www.ifun.de\/apiv2\/wp\/v2\/media?parent=142719"}],"wp:term":[{"taxonomy":"category","embeddable":true,"href":"https:\/\/www.ifun.de\/apiv2\/wp\/v2\/categories?post=142719"},{"taxonomy":"post_tag","embeddable":true,"href":"https:\/\/www.ifun.de\/apiv2\/wp\/v2\/tags?post=142719"}],"curies":[{"name":"wp","href":"https:\/\/api.w.org\/{rel}","templated":true}]}}