{"id":142710,"date":"2019-09-05T14:05:03","date_gmt":"2019-09-05T12:05:03","guid":{"rendered":"https:\/\/www.ifun.de\/?p=142710"},"modified":"2019-11-21T18:49:06","modified_gmt":"2019-11-21T17:49:06","slug":"telekom-smart-speaker-ab-morgen-fuer-100-euro","status":"publish","type":"post","link":"https:\/\/www.ifun.de\/telekom-smart-speaker-ab-morgen-fuer-100-euro-142710\/","title":{"rendered":"Telekom Smart Speaker: Ab morgen f\u00fcr 100 Euro"},"content":{"rendered":"<p>Zuletzt musste wir <a href=\"https:\/\/www.ifun.de\/hallo-magenta-kommt-die-telekom-diesen-monat-zu-potte-136417\/\">im April<\/a> an den bereits 2017 angek\u00fcndigten <a href=\"https:\/\/www.telekom.de\/zuhause\/geraete-und-zubehoer\/smart-speaker\">Smart Speaker der Telekom<\/a> denken und waren damals wenig zuversichtlich was das Projekt \u201eHallo Magenta\u201c anging. <\/p>\n<p>Jetzt steht fest: Der sprachgesteuerte Smart Speaker wird nicht in die Fu\u00dfstapfen von Apples \u201eAirPower\u201c treten sondern ab morgen im Handel erh\u00e4ltlich sein.<\/p>\n<p><a href=\"https:\/\/images.ifun.de\/wp-content\/uploads\/2019\/01\/hallo-magenta-telekom-smart-speaker.jpg\"><img loading=\"lazy\" decoding=\"async\" src=\"https:\/\/images.ifun.de\/wp-content\/uploads\/2019\/01\/hallo-magenta-telekom-smart-speaker-500x281.jpg\" alt=\"Hallo Magenta Telekom Smart Speaker\" width=\"500\" height=\"281\" class=\"aligncenter size-medium wp-image-132699\" srcset=\"https:\/\/images.ifun.de\/wp-content\/uploads\/2019\/01\/hallo-magenta-telekom-smart-speaker-500x281.jpg 500w, https:\/\/images.ifun.de\/wp-content\/uploads\/2019\/01\/hallo-magenta-telekom-smart-speaker.jpg 700w\" sizes=\"auto, (max-width: 500px) 100vw, 500px\" \/><\/a><\/p>\n<p>Der Telekom Smart Speaker ist ab dem 6. September bis zum 31. Oktober zum Aktionspreis von 99 Euro statt f\u00fcr 149,99 Euro oder als Mietger\u00e4t f\u00fcr monatlich 4,95 Euro <a href=\"https:\/\/www.telekom.de\/zuhause\/geraete-und-zubehoer\/smart-speaker\">erh\u00e4ltlich<\/a>.<\/p>\n<h2>Amazon Alexa zus\u00e4tzlich integriert<\/h2>\n<p>Der Smart Speaker spielt Radiosender ab und hilft bei der Erstellung von Einkaufslisten. Er verr\u00e4t auch, wie das Wetter wird. \u00dcber Spotify Connect l\u00e4sst sich Musik abspielen, zus\u00e4tzlich ist Amazon Alexa als zweiter Sprachdienst in den Smart Speaker integriert und kann auf Wunsch aktiviert werden. Der Leuchtring am Speaker leuchtet dann blau und nicht magentafarben. <\/p>\n<blockquote><p>Mit dem Smart Speaker wird die Stimme zur Fernbedienung. Dienste der Telekom wie MagentaTV, Magenta SmartHome und Telefonie lassen sich nun einfach durch die Stimme des Nutzers steuern. Auf Zuruf werden so das Licht oder die Temperatur im Zuhause an die jeweilige Stimmung angepasst. Auch das Tippen auf der Fernbedienung bei der Suche nach der Lieblingsserie im TV wird obsolet. Und selbst beim Telefonieren bleiben die H\u00e4nde frei: Ohne zus\u00e4tzliches Ger\u00e4t telefonieren die Nutzer ganz einfach per Sprachwahl \u00fcber ihren Festnetzanschluss. <\/p><\/blockquote>\n<h2>Von Siri gelernt: Keine Zwangs-Analyse<\/h2>\n<p>Und die Telekom hat aus <a href=\"https:\/\/www.ifun.de\/mitgehoerte-siri-aufnahmen-apple-entschuldigt-sich-142276\/\">dem Datenschutz-Debakel<\/a> rund um Siri und Co gelernt: Um die Spracherkennung weiter zu verbessern, werden die Sprachdaten stichprobenartig oder bei Verst\u00e4ndnisproblemen auch von menschlichen Sprachexperten analysiert &#8211; ein Widerspruch ist allerdings jederzeit m\u00f6glich.  <\/p>\n<blockquote><p>In der \u201eHallo Magenta\u201c-App wird bereits w\u00e4hrend der ersten Einrichtung des Smart Speakers deutlich darauf hingewiesen und der Kunde hat jederzeit die M\u00f6glichkeit, dem zu widersprechen. Dar\u00fcber hinaus k\u00f6nnen einzelne oder s\u00e4mtliche Sprachdaten \u00fcber die entsprechende Funktion in der App innerhalb von 90 Tagen gel\u00f6scht werden.<\/p><\/blockquote>\n","protected":false},"excerpt":{"rendered":"<a href=\"https:\/\/www.ifun.de\/telekom-smart-speaker-ab-morgen-fuer-100-euro-142710\/\"><img width=\"150\" height=\"150\" src=\"https:\/\/images.ifun.de\/wp-content\/uploads\/2019\/09\/telekom-smart-speaker-150x150.jpg\" class=\"alignright tfe wp-post-image\" alt=\"Telekom Smart Speaker\" decoding=\"async\" loading=\"lazy\" \/><\/a><p>Zuletzt musste wir im April an den bereits 2017 angek\u00fcndigten Smart Speaker der Telekom denken und waren damals wenig zuversichtlich was das Projekt \u201eHallo Magenta\u201c anging. Jetzt steht fest: Der sprachgesteuerte Smart Speaker wird nicht in die Fu\u00dfstapfen von Apples \u201eAirPower\u201c treten sondern ab morgen im Handel erh\u00e4ltlich sein. Der Telekom Smart Speaker ist ab [&hellip;]<\/p>\n","protected":false},"author":1,"featured_media":142713,"comment_status":"open","ping_status":"closed","sticky":false,"template":"","format":"standard","meta":{"_acf_changed":false,"footnotes":""},"categories":[1],"tags":[3208,3912,282],"class_list":["post-142710","post","type-post","status-publish","format-standard","has-post-thumbnail","hentry","category-news","tag-alexa","tag-hallo-magenta","tag-telekom"],"acf":[],"aioseo_notices":[],"subheadline":["Amazon Alexa zus\u00e4tzlich integriert"],"featured_image":["https:\/\/images.ifun.de\/wp-content\/uploads\/2019\/09\/telekom-smart-speaker.jpg"],"rest_api_enabler":{"subheadline":"Amazon Alexa zus\u00e4tzlich integriert","featured_image":"https:\/\/images.ifun.de\/wp-content\/uploads\/2019\/09\/telekom-smart-speaker.jpg"},"_links":{"self":[{"href":"https:\/\/www.ifun.de\/apiv2\/wp\/v2\/posts\/142710","targetHints":{"allow":["GET"]}}],"collection":[{"href":"https:\/\/www.ifun.de\/apiv2\/wp\/v2\/posts"}],"about":[{"href":"https:\/\/www.ifun.de\/apiv2\/wp\/v2\/types\/post"}],"author":[{"embeddable":true,"href":"https:\/\/www.ifun.de\/apiv2\/wp\/v2\/users\/1"}],"replies":[{"embeddable":true,"href":"https:\/\/www.ifun.de\/apiv2\/wp\/v2\/comments?post=142710"}],"version-history":[{"count":5,"href":"https:\/\/www.ifun.de\/apiv2\/wp\/v2\/posts\/142710\/revisions"}],"predecessor-version":[{"id":146338,"href":"https:\/\/www.ifun.de\/apiv2\/wp\/v2\/posts\/142710\/revisions\/146338"}],"wp:featuredmedia":[{"embeddable":true,"href":"https:\/\/www.ifun.de\/apiv2\/wp\/v2\/media\/142713"}],"wp:attachment":[{"href":"https:\/\/www.ifun.de\/apiv2\/wp\/v2\/media?parent=142710"}],"wp:term":[{"taxonomy":"category","embeddable":true,"href":"https:\/\/www.ifun.de\/apiv2\/wp\/v2\/categories?post=142710"},{"taxonomy":"post_tag","embeddable":true,"href":"https:\/\/www.ifun.de\/apiv2\/wp\/v2\/tags?post=142710"}],"curies":[{"name":"wp","href":"https:\/\/api.w.org\/{rel}","templated":true}]}}