{"id":142597,"date":"2019-09-04T14:28:54","date_gmt":"2019-09-04T12:28:54","guid":{"rendered":"https:\/\/www.ifun.de\/?p=142597"},"modified":"2019-09-05T16:16:44","modified_gmt":"2019-09-05T14:16:44","slug":"apples-moralvorstellungen-lassen-tv-serie-mit-richard-gere-platzen","status":"publish","type":"post","link":"https:\/\/www.ifun.de\/apples-moralvorstellungen-lassen-tv-serie-mit-richard-gere-platzen-142597\/","title":{"rendered":"Apples Moralvorstellungen lassen TV-Serie mit Richard Gere platzen"},"content":{"rendered":"<p>Die TV-Serie \u201eBastards\u201c mit Richard Gere in einer der Hauptrollen sollte eines der Aush\u00e4ngeschilder f\u00fcr Apples Videostreaming-Angebot Apple TV+ werden. Daraus wird wohl nichts, Apple hat <a href=\"https:\/\/www.hollywoodreporter.com\/live-feed\/apple-scraps-richard-gere-drama-bastards-1235861\">Medienberichten<\/a> zufolge die Vertr\u00e4ge mit der Produktionsfirma aufgek\u00fcndigt und nimmt dabei eine satte Konventionalstrafe in Kauf.<\/p>\n<p><a href=\"https:\/\/images.ifun.de\/wp-content\/uploads\/2019\/09\/richard-gere-dp.jpg\"><img loading=\"lazy\" decoding=\"async\" src=\"https:\/\/images.ifun.de\/wp-content\/uploads\/2019\/09\/richard-gere-dp-500x329.jpg\" alt=\"Richard Gere Dp\" width=\"500\" height=\"329\" class=\"alignnone size-medium wp-image-142599\" srcset=\"https:\/\/images.ifun.de\/wp-content\/uploads\/2019\/09\/richard-gere-dp-500x329.jpg 500w, https:\/\/images.ifun.de\/wp-content\/uploads\/2019\/09\/richard-gere-dp-768x506.jpg 768w, https:\/\/images.ifun.de\/wp-content\/uploads\/2019\/09\/richard-gere-dp-700x461.jpg 700w, https:\/\/images.ifun.de\/wp-content\/uploads\/2019\/09\/richard-gere-dp.jpg 1364w\" sizes=\"auto, (max-width: 500px) 100vw, 500px\" \/><\/a><\/p>\n<h6>Richard Gere | Bild: <a href=\"https:\/\/de.depositphotos.com\/\">depositphotos.com<\/a><\/h6>\n<p>Hintergrund scheint einmal mehr Apples Vision von einem familienfreundlichen Unterhaltungsangebot ohne Sex und Gewalt. Den Berichten zufolge haben sich Apples Entscheidungstr\u00e4ger daran gest\u00f6rt, dass sich die Hauptfiguren der Serie entschlie\u00dfen, Selbstjustiz zu \u00fcben. Richard Gere spielt dabei einen von zwei Vietnam-Veteranen, die einen Rachefeldzug starten, nachdem ihre gemeinsame Liebe von einem Auto \u00fcberfahren und get\u00f6tet wird.<\/p>\n<h2>Homeland-Produzent bereits vorzeitig ausgestiegen<\/h2>\n<p>F\u00fcr die Produktion der Serie zeichneten urspr\u00fcnglich zwei bekannte Namen verantwortlich. Howard Gordon steht hinter \u201eHomeland\u201c und Warren Leight ist durch die Erfolgsserie \u201eLaw &amp; Order\u201c bekannt. Gordon hat die Segel im Zusammenspiel mit Apple bereits fr\u00fcher gestrichen, doch auch Leight konnte sich offenbar nicht mit Apples Vorstellungen arrangieren.<\/p>\n<p>\u201eBastards\u201c ist nicht die erste Serienproduktion, die an Apples Moralvorstellungen scheitert. Im vergangenen Jahr machten Berichte die Runde, dass Apple die Produktion einer mehrteiligen Dokumentation \u00fcber den Rapper und Beats-Gr\u00fcnder Dr. Dre <a href=\"https:\/\/www.ifun.de\/bitte-kein-sex-apple-stampft-offenbar-tv-doku-ueber-dr-dre-ein-127662\/\">gestoppt hat<\/a>. Hier war offenbar die Darstellung von Gewalt, Drogenkonsum und ausufernde Partys f\u00fcr Apples Moralw\u00e4chter zu viel des Guten. Auch zuvor schon gab es <a href=\"https:\/\/www.ifun.de\/unterhaltung-ohne-brueste-apples-vorgaben-irritieren-kreative-118597\/\">mehrfach Berichte<\/a> \u00fcber die Problematik, Apples Zielvorgaben mit dem inhaltlichen Anspruch erfolgreicher TV-Produzenten zu vereinen.<\/p>\n","protected":false},"excerpt":{"rendered":"<a href=\"https:\/\/www.ifun.de\/apples-moralvorstellungen-lassen-tv-serie-mit-richard-gere-platzen-142597\/\"><img width=\"150\" height=\"150\" src=\"https:\/\/images.ifun.de\/wp-content\/uploads\/2019\/09\/richard-gere-dp-150x150.jpg\" class=\"alignright tfe wp-post-image\" alt=\"Richard Gere Dp\" decoding=\"async\" loading=\"lazy\" \/><\/a><p>Die TV-Serie \u201eBastards\u201c mit Richard Gere in einer der Hauptrollen sollte eines der Aush\u00e4ngeschilder f\u00fcr Apples Videostreaming-Angebot Apple TV+ werden. Daraus wird wohl nichts, Apple hat Medienberichten zufolge die Vertr\u00e4ge mit der Produktionsfirma aufgek\u00fcndigt und nimmt dabei eine satte Konventionalstrafe in Kauf. Richard Gere | Bild: depositphotos.com Hintergrund scheint einmal mehr Apples Vision von einem [&hellip;]<\/p>\n","protected":false},"author":2,"featured_media":142599,"comment_status":"open","ping_status":"closed","sticky":false,"template":"","format":"standard","meta":{"_acf_changed":false,"footnotes":""},"categories":[1,1783],"tags":[26],"class_list":["post-142597","post","type-post","status-publish","format-standard","has-post-thumbnail","hentry","category-news","category-feature","tag-apple-tv"],"acf":[],"aioseo_notices":[],"subheadline":["\"Bastards\" offenbar aufgek\u00fcndigt"],"featured_image":["https:\/\/images.ifun.de\/wp-content\/uploads\/2019\/04\/apple-tv-plus-1.jpg"],"rest_api_enabler":{"subheadline":"\"Bastards\" offenbar aufgek\u00fcndigt","featured_image":"https:\/\/images.ifun.de\/wp-content\/uploads\/2019\/04\/apple-tv-plus-1.jpg"},"_links":{"self":[{"href":"https:\/\/www.ifun.de\/apiv2\/wp\/v2\/posts\/142597","targetHints":{"allow":["GET"]}}],"collection":[{"href":"https:\/\/www.ifun.de\/apiv2\/wp\/v2\/posts"}],"about":[{"href":"https:\/\/www.ifun.de\/apiv2\/wp\/v2\/types\/post"}],"author":[{"embeddable":true,"href":"https:\/\/www.ifun.de\/apiv2\/wp\/v2\/users\/2"}],"replies":[{"embeddable":true,"href":"https:\/\/www.ifun.de\/apiv2\/wp\/v2\/comments?post=142597"}],"version-history":[{"count":3,"href":"https:\/\/www.ifun.de\/apiv2\/wp\/v2\/posts\/142597\/revisions"}],"predecessor-version":[{"id":142601,"href":"https:\/\/www.ifun.de\/apiv2\/wp\/v2\/posts\/142597\/revisions\/142601"}],"wp:featuredmedia":[{"embeddable":true,"href":"https:\/\/www.ifun.de\/apiv2\/wp\/v2\/media\/142599"}],"wp:attachment":[{"href":"https:\/\/www.ifun.de\/apiv2\/wp\/v2\/media?parent=142597"}],"wp:term":[{"taxonomy":"category","embeddable":true,"href":"https:\/\/www.ifun.de\/apiv2\/wp\/v2\/categories?post=142597"},{"taxonomy":"post_tag","embeddable":true,"href":"https:\/\/www.ifun.de\/apiv2\/wp\/v2\/tags?post=142597"}],"curies":[{"name":"wp","href":"https:\/\/api.w.org\/{rel}","templated":true}]}}