{"id":142583,"date":"2019-09-04T11:09:22","date_gmt":"2019-09-04T09:09:22","guid":{"rendered":"https:\/\/www.ifun.de\/?p=142583"},"modified":"2019-09-04T11:38:33","modified_gmt":"2019-09-04T09:38:33","slug":"duenne-5tb-platte-wd-startet-neue-my-passport-fuer-mac","status":"publish","type":"post","link":"https:\/\/www.ifun.de\/duenne-5tb-platte-wd-startet-neue-my-passport-fuer-mac-142583\/","title":{"rendered":"D\u00fcnne 5TB-Platte: WD startet neue &#8222;My Passport f\u00fcr Mac&#8220;"},"content":{"rendered":"<p>Western Digital nutzt die Internationale Funkausstellung in diesem Jahr unter anderem daf\u00fcr, seine neue My Passport und My Passport f\u00fcr Mac-Festplatten vorzustellen.<\/p>\n<p>Das Unternehmen unterstreicht: Die neue My-Passport-Reihe ist bei einer Dicke von lediglich 19,15 mm (0,75 Zoll) die &#8222;schlankeste mobile Festplatte im Markenportfolio von WD&#8220;.<\/p>\n<p><a href=\"https:\/\/images.ifun.de\/wp-content\/uploads\/2019\/09\/my-passport-fuer-mac.jpg\"><img loading=\"lazy\" decoding=\"async\" class=\"aligncenter size-medium wp-image-142585\" src=\"https:\/\/images.ifun.de\/wp-content\/uploads\/2019\/09\/my-passport-fuer-mac-500x500.jpg\" alt=\"My Passport Fuer Mac\" width=\"500\" height=\"500\" srcset=\"https:\/\/images.ifun.de\/wp-content\/uploads\/2019\/09\/my-passport-fuer-mac-500x500.jpg 500w, https:\/\/images.ifun.de\/wp-content\/uploads\/2019\/09\/my-passport-fuer-mac-150x150.jpg 150w, https:\/\/images.ifun.de\/wp-content\/uploads\/2019\/09\/my-passport-fuer-mac-768x768.jpg 768w, https:\/\/images.ifun.de\/wp-content\/uploads\/2019\/09\/my-passport-fuer-mac-700x700.jpg 700w, https:\/\/images.ifun.de\/wp-content\/uploads\/2019\/09\/my-passport-fuer-mac.jpg 1500w\" sizes=\"auto, (max-width: 500px) 100vw, 500px\" \/><\/a><\/p>\n<p>Die neuen Laufwerke zeichnen sich durch ein neues Design aus und sind mit Kapazit\u00e4ten von bis zu 5 TB erh\u00e4ltlich. Die My Passport ist in den Farben Schwarz, Blau und Rot erh\u00e4ltlich, w\u00e4hrend die My Passport for Mac in Midnight Blue verf\u00fcgbar ist.<\/p>\n<p>Die My Passport ist f\u00fcr Windows 10 formatiert und verf\u00fcgt \u00fcber einen USB-3.0-Anschluss, der mit USB 2.0 kompatibel ist. Die My Passport for Mac ist f\u00fcr MacOS Mojave formatiert und verf\u00fcgt \u00fcber einen USB-C-Anschluss.<\/p>\n<p>Die Laufwerke sind ab sofort ab 77,99 Euro \u00fcber den <a href=\"https:\/\/shop.westerndigital.com\/de-de\/wd\">Western Digital Store<\/a> erh\u00e4ltlich und sollen sp\u00e4ter im September bei anderen bekannten H\u00e4ndlern erh\u00e4ltlich sein. Auch auf Amazon ist die neue Platte schon gelistet, wird hier allerdings noch zur Vorbestellung <a rel=\"noindex, nofollow\" href=\"http:\/\/www.ifun.de\/amzn\/B07VX8HHFK\">f\u00fcr Mondpreise<\/a> angeboten.<\/p>\n<script>\r\n  function open_amazon(link) {\r\n    if (navigator.userAgent.indexOf(\"Firefox\") != -1) {\r\n      window.open(link, '_blank');\r\n    } else {\r\n      var tag = document.createElement('a');\r\n      tag.setAttribute('href', link);\r\n      tag.innerHTML = \"amzn\";\r\n      tag.click();\r\n    }\r\n  }\r\n<\/script>\r\n    <div id=\"article-single-amazon-preview\" onclick=\"return open_amazon('https:\/\/www.amazon.de\/dp\/B07VX8HHFK?tag=musicweb02&linkCode=ogi&th=1&psc=1');\">\n  <div id=\"article-single-amazon-preview-header\">\n    <span class=\"title\">Produkthinweis<\/span>\n      <\/div>\n  <div id=\"article-single-amazon-preview-content\">\n    <div id=\"article-single-amazon-preview-img\" style=\"background: url('https:\/\/m.media-amazon.com\/images\/I\/41dKQ1t4AmL.jpg') center center no-repeat; background-size: cover;\"><\/div>\n    <div id=\"article-single-amazon-preview-desc\">\n      <span class=\"bezeichnung\"><a href=\"https:\/\/www.amazon.de\/dp\/B07VX8HHFK?tag=musicweb02&linkCode=ogi&th=1&psc=1\" style=\"text-decoration: none; border-bottom: 0px; box-shadow: none;\">WD My Passport for Mac externe Festplatte 5 TB (mobiler Speicher, USB-C-f\u00e4hig, herunterladbare Software...<\/a><\/span>\n      <span class=\"preis--aktuell\">149,00 EUR<\/span>\n      <span class=\"preis--alt\">159,99 EUR<\/span>\n    <\/div>\n  <\/div>\n<\/div>\n","protected":false},"excerpt":{"rendered":"<a href=\"https:\/\/www.ifun.de\/duenne-5tb-platte-wd-startet-neue-my-passport-fuer-mac-142583\/\"><img width=\"150\" height=\"150\" src=\"https:\/\/images.ifun.de\/wp-content\/uploads\/2019\/09\/wd-passport-mac-150x150.jpg\" class=\"alignright tfe wp-post-image\" alt=\"Wd Passport Mac\" decoding=\"async\" loading=\"lazy\" \/><\/a><p>Western Digital nutzt die Internationale Funkausstellung in diesem Jahr unter anderem daf\u00fcr, seine neue My Passport und My Passport f\u00fcr Mac-Festplatten vorzustellen. Das Unternehmen unterstreicht: Die neue My-Passport-Reihe ist bei einer Dicke von lediglich 19,15 mm (0,75 Zoll) die &#8222;schlankeste mobile Festplatte im Markenportfolio von WD&#8220;. Die neuen Laufwerke zeichnen sich durch ein neues Design [&hellip;]<\/p>\n","protected":false},"author":1,"featured_media":142586,"comment_status":"open","ping_status":"closed","sticky":false,"template":"","format":"standard","meta":{"_acf_changed":false,"footnotes":""},"categories":[22],"tags":[131,2610,4591],"class_list":["post-142583","post","type-post","status-publish","format-standard","has-post-thumbnail","hentry","category-zubehor","tag-festplatte","tag-western-digital","tag-zubehoer"],"acf":[],"aioseo_notices":[],"subheadline":["Mit USB-C-Anschluss"],"featured_image":["https:\/\/images.ifun.de\/wp-content\/uploads\/2019\/09\/wd-passport-mac.jpg"],"rest_api_enabler":{"subheadline":"Mit USB-C-Anschluss","featured_image":"https:\/\/images.ifun.de\/wp-content\/uploads\/2019\/09\/wd-passport-mac.jpg"},"_links":{"self":[{"href":"https:\/\/www.ifun.de\/apiv2\/wp\/v2\/posts\/142583","targetHints":{"allow":["GET"]}}],"collection":[{"href":"https:\/\/www.ifun.de\/apiv2\/wp\/v2\/posts"}],"about":[{"href":"https:\/\/www.ifun.de\/apiv2\/wp\/v2\/types\/post"}],"author":[{"embeddable":true,"href":"https:\/\/www.ifun.de\/apiv2\/wp\/v2\/users\/1"}],"replies":[{"embeddable":true,"href":"https:\/\/www.ifun.de\/apiv2\/wp\/v2\/comments?post=142583"}],"version-history":[{"count":7,"href":"https:\/\/www.ifun.de\/apiv2\/wp\/v2\/posts\/142583\/revisions"}],"predecessor-version":[{"id":142596,"href":"https:\/\/www.ifun.de\/apiv2\/wp\/v2\/posts\/142583\/revisions\/142596"}],"wp:featuredmedia":[{"embeddable":true,"href":"https:\/\/www.ifun.de\/apiv2\/wp\/v2\/media\/142586"}],"wp:attachment":[{"href":"https:\/\/www.ifun.de\/apiv2\/wp\/v2\/media?parent=142583"}],"wp:term":[{"taxonomy":"category","embeddable":true,"href":"https:\/\/www.ifun.de\/apiv2\/wp\/v2\/categories?post=142583"},{"taxonomy":"post_tag","embeddable":true,"href":"https:\/\/www.ifun.de\/apiv2\/wp\/v2\/tags?post=142583"}],"curies":[{"name":"wp","href":"https:\/\/api.w.org\/{rel}","templated":true}]}}