{"id":142536,"date":"2019-09-03T15:04:22","date_gmt":"2019-09-03T13:04:22","guid":{"rendered":"https:\/\/www.ifun.de\/?p=142536"},"modified":"2019-09-03T15:05:47","modified_gmt":"2019-09-03T13:05:47","slug":"1-mio-maerchenbuecher-print-ebook-und-audible-ausgabe-geschenkt","status":"publish","type":"post","link":"https:\/\/www.ifun.de\/1-mio-maerchenbuecher-print-ebook-und-audible-ausgabe-geschenkt-142536\/","title":{"rendered":"1 Mio. M\u00e4rchenb\u00fccher: Print, eBook und Audible-Ausgabe geschenkt"},"content":{"rendered":"<p>Thalia, Mayersche, Hugendubel sowie Amazon.de und weitere teilnehmende Buchhandlungen werden den Weltkindertag am 20. September mit einer gro\u00df angelegten Geschenk-Aktion begleiten.<\/p>\n<p><a href=\"https:\/\/images.ifun.de\/wp-content\/uploads\/2019\/09\/es-war-einmal-kinder.jpg\"><img loading=\"lazy\" decoding=\"async\" class=\"aligncenter size-medium wp-image-142538\" src=\"https:\/\/images.ifun.de\/wp-content\/uploads\/2019\/09\/es-war-einmal-kinder-500x322.jpg\" alt=\"Es War Einmal Kinder\" width=\"500\" height=\"322\" srcset=\"https:\/\/images.ifun.de\/wp-content\/uploads\/2019\/09\/es-war-einmal-kinder-500x322.jpg 500w, https:\/\/images.ifun.de\/wp-content\/uploads\/2019\/09\/es-war-einmal-kinder-768x495.jpg 768w, https:\/\/images.ifun.de\/wp-content\/uploads\/2019\/09\/es-war-einmal-kinder-700x451.jpg 700w, https:\/\/images.ifun.de\/wp-content\/uploads\/2019\/09\/es-war-einmal-kinder.jpg 1008w\" sizes=\"auto, (max-width: 500px) 100vw, 500px\" \/><\/a><\/p>\n<p>Gemeinsam mit den Partnern <a href=\"https:\/\/www.ifun.de\/einfach-vorlesen-gemeinnuetzige-app-mit-woechentlich-neuen-vorlesegeschichten-141472\/\">Stiftung Lesen<\/a> und DHL verschenken die H\u00e4ndler die illustrierte Geschichten-Sammlung \u201eEs war einmal \u2013 Neue und klassische M\u00e4rchen\u201c.<\/p>\n<blockquote><p>In dem M\u00e4rchenband sind elf bekannte Klassiker von Aschenputtel \u00fcber Schneewittchen bis zu Rapunzel versammelt. Das Besondere an diesem (Vor-) Leseschatz: Prominente Lesebotschafter, unter anderem Joey Kelly, Olivia Jones und Jens Lehmann, erz\u00e4hlen einleitend, was das jeweilige M\u00e4rchen f\u00fcr sie bedeutet und warum es sie bis heute durchs Leben begleitet. Auch f\u00fcnf neue M\u00e4rchen voller Zeitgeist, geschrieben von Bestsellerautoren wie Iny Lorentz und Poppy J. Anderson, folgen den Spuren der Br\u00fcder Grimm.<\/p><\/blockquote>\n<p>F\u00fcr Familien wird es mehrere M\u00f6glichkeiten geben, sich ihr kostenloses Exemplar am Weltkindertag zu sichern:<\/p>\n<ul>\n<li>Auf Amazon.de sind am 20. September ab 8 Uhr Buch, eBook und Audible-H\u00f6rbuch <a rel=\"noindex, nofollow\" href=\"https:\/\/www.amazon.de\/s\/ref=as_li_ss_tl?k=Es+war+einmal+%E2%80%93+Neue+und+klassische+M%C3%A4rchen&amp;__mk_de_DE=%C3%85M%C3%85%C5%BD%C3%95%C3%91&amp;ref=nb_sb_noss&amp;linkCode=ll2&amp;tag=musicweb02&amp;linkId=122afcf638f966f031884c441b52fe19&amp;language=de_DE\">kostenlos bestellbar<\/a>. DHL \u00fcbernimmt die Auslieferung der gedruckten B\u00fccher an alle M\u00e4rchenfans.<\/li>\n<li>In allen Filialen von Thalia, Mayersche und Hugendubel in Deutschland k\u00f6nnen sich Familien ebenfalls ab dem 20. September ihr Exemplar sichern, zus\u00e4tzlich kann online auf <a href=\"https:\/\/www.thalia.de\/shop\/home\/show\/\">Thalia.de<\/a>, <a href=\"https:\/\/www.mayersche.de\/\">Mayersche.de<\/a> und <a href=\"https:\/\/www.hugendubel.de\/de\/\">Hugendubel.de<\/a> das eBook bestellt werden.<\/li>\n<li>Zudem ist das Buch bei weiteren teilnehmenden Buchh\u00e4ndlern verf\u00fcgbar. Eine Liste der teilnehmenden Buchh\u00e4ndler soll am 16. September ver\u00f6ffentlicht werden.<\/li>\n<\/ul>\n","protected":false},"excerpt":{"rendered":"<a href=\"https:\/\/www.ifun.de\/1-mio-maerchenbuecher-print-ebook-und-audible-ausgabe-geschenkt-142536\/\"><img width=\"150\" height=\"150\" src=\"https:\/\/images.ifun.de\/wp-content\/uploads\/2019\/09\/es-war-einmal-150x150.jpg\" class=\"alignright tfe wp-post-image\" alt=\"Es War Einmal\" decoding=\"async\" loading=\"lazy\" \/><\/a><p>Thalia, Mayersche, Hugendubel sowie Amazon.de und weitere teilnehmende Buchhandlungen werden den Weltkindertag am 20. September mit einer gro\u00df angelegten Geschenk-Aktion begleiten. Gemeinsam mit den Partnern Stiftung Lesen und DHL verschenken die H\u00e4ndler die illustrierte Geschichten-Sammlung \u201eEs war einmal \u2013 Neue und klassische M\u00e4rchen\u201c. In dem M\u00e4rchenband sind elf bekannte Klassiker von Aschenputtel \u00fcber Schneewittchen bis [&hellip;]<\/p>\n","protected":false},"author":1,"featured_media":142539,"comment_status":"open","ping_status":"closed","sticky":false,"template":"","format":"standard","meta":{"_acf_changed":false,"footnotes":""},"categories":[1],"tags":[4737,398,343,454,4636,154],"class_list":["post-142536","post","type-post","status-publish","format-standard","has-post-thumbnail","hentry","category-news","tag-apps","tag-audible","tag-ebook","tag-kinder","tag-kindertag","tag-lesen"],"acf":[],"aioseo_notices":[],"subheadline":["Zum Weltkindertag am 20. September"],"featured_image":["https:\/\/images.ifun.de\/wp-content\/uploads\/2019\/09\/es-war-einmal.jpg"],"rest_api_enabler":{"subheadline":"Zum Weltkindertag am 20. September","featured_image":"https:\/\/images.ifun.de\/wp-content\/uploads\/2019\/09\/es-war-einmal.jpg"},"_links":{"self":[{"href":"https:\/\/www.ifun.de\/apiv2\/wp\/v2\/posts\/142536","targetHints":{"allow":["GET"]}}],"collection":[{"href":"https:\/\/www.ifun.de\/apiv2\/wp\/v2\/posts"}],"about":[{"href":"https:\/\/www.ifun.de\/apiv2\/wp\/v2\/types\/post"}],"author":[{"embeddable":true,"href":"https:\/\/www.ifun.de\/apiv2\/wp\/v2\/users\/1"}],"replies":[{"embeddable":true,"href":"https:\/\/www.ifun.de\/apiv2\/wp\/v2\/comments?post=142536"}],"version-history":[{"count":2,"href":"https:\/\/www.ifun.de\/apiv2\/wp\/v2\/posts\/142536\/revisions"}],"predecessor-version":[{"id":142540,"href":"https:\/\/www.ifun.de\/apiv2\/wp\/v2\/posts\/142536\/revisions\/142540"}],"wp:featuredmedia":[{"embeddable":true,"href":"https:\/\/www.ifun.de\/apiv2\/wp\/v2\/media\/142539"}],"wp:attachment":[{"href":"https:\/\/www.ifun.de\/apiv2\/wp\/v2\/media?parent=142536"}],"wp:term":[{"taxonomy":"category","embeddable":true,"href":"https:\/\/www.ifun.de\/apiv2\/wp\/v2\/categories?post=142536"},{"taxonomy":"post_tag","embeddable":true,"href":"https:\/\/www.ifun.de\/apiv2\/wp\/v2\/tags?post=142536"}],"curies":[{"name":"wp","href":"https:\/\/api.w.org\/{rel}","templated":true}]}}