{"id":142047,"date":"2019-08-23T08:56:16","date_gmt":"2019-08-23T06:56:16","guid":{"rendered":"https:\/\/www.ifun.de\/?p=142047"},"modified":"2019-08-23T09:13:59","modified_gmt":"2019-08-23T07:13:59","slug":"anker-powerport-atom-iii-laedt-macbooks-mit-60-watt","status":"publish","type":"post","link":"https:\/\/www.ifun.de\/anker-powerport-atom-iii-laedt-macbooks-mit-60-watt-142047\/","title":{"rendered":"Anker PowerPort Atom III l\u00e4dt MacBooks mit 60 Watt"},"content":{"rendered":"<p>Anker bietet mit dem <a rel=\"noindex, nofollow\" href=\"http:\/\/www.ifun.de\/amzn\/B07S4DM75C\">PowerPort Atom III 60W<\/a> ein neues, vergleichsweise kompaktes USB-C-Ladeger\u00e4t an, das sich sowohl mit Apple-Notebooks verwenden l\u00e4sst, als auch f\u00fcr das schnelle Laden von iOS-Ger\u00e4ten gedacht ist.<\/p>\n<p><a href=\"https:\/\/images.ifun.de\/wp-content\/uploads\/2019\/08\/PowerPort-Atom-III-Anker.jpg\"><img loading=\"lazy\" decoding=\"async\" src=\"https:\/\/images.ifun.de\/wp-content\/uploads\/2019\/08\/PowerPort-Atom-III-Anker-500x405.jpg\" alt=\"PowerPort Atom III Anker\" width=\"500\" height=\"405\" class=\"alignnone size-medium wp-image-142051\" srcset=\"https:\/\/images.ifun.de\/wp-content\/uploads\/2019\/08\/PowerPort-Atom-III-Anker-500x405.jpg 500w, https:\/\/images.ifun.de\/wp-content\/uploads\/2019\/08\/PowerPort-Atom-III-Anker-768x621.jpg 768w, https:\/\/images.ifun.de\/wp-content\/uploads\/2019\/08\/PowerPort-Atom-III-Anker-700x566.jpg 700w, https:\/\/images.ifun.de\/wp-content\/uploads\/2019\/08\/PowerPort-Atom-III-Anker.jpg 1000w\" sizes=\"auto, (max-width: 500px) 100vw, 500px\" \/><\/a><\/p>\n<p>Die Produktbezeichnung &#8222;PowerPort Atom III 60W&#8220; hat uns zun\u00e4chst verwirrt, hatte der Hersteller doch schon <a href=\"https:\/\/www.iphone-ticker.de\/anker-atom-iii-startet-60w-2-ports-mit-iphone-schnellladung-144057\/\">letzten Monat<\/a> ein Ladeger\u00e4t mit beinahe dem gleichen Namen (PowerPort+ statt PowerPort) auf den Markt geworfen. Der neue Adapter beschr\u00e4nkt sich nun allerdings auf einen USB-C-Ausgang und liefert hier die vollen 60 Watt. Sein Namensverwandter verteilt die gleiche Leistung auf USB-C und USB-A, aus diesem Grund stehen dann nur maximal 45 Watt \u00fcber USB-C zur Verf\u00fcgung.<\/p>\n<p> Dem Hersteller zufolge sorgt eine neue Ladetechnologie daf\u00fcr, dass die Ger\u00e4te weniger W\u00e4rme entwickeln und zugleich kompakter konstruiert werden k\u00f6nnen. Hintergrund sei die Verwendung von <a href=\"https:\/\/de.wikipedia.org\/wiki\/Galliumnitrid\">Galliumnitrid<\/a> anstelle von Silizium.<\/p>\n<p>Der neue Ladestecker <a rel=\"noindex, nofollow\" href=\"http:\/\/www.ifun.de\/amzn\/B07S4DM75C\">PowerPort Atom III 60W<\/a> wird f\u00fcr 39,99 Euro angeboten. Der Preis f\u00fcr das vergleichbare <a href=\"https:\/\/apple.sjv.io\/WzndZ\">61-Watt-Ladeger\u00e4t von Apple<\/a> liegt bei 75 Euro.<\/p>\n","protected":false},"excerpt":{"rendered":"<a href=\"https:\/\/www.ifun.de\/anker-powerport-atom-iii-laedt-macbooks-mit-60-watt-142047\/\"><img width=\"150\" height=\"150\" src=\"https:\/\/images.ifun.de\/wp-content\/uploads\/2019\/08\/anker-PowerPort-Atom-III-60W-150x150.jpg\" class=\"alignright tfe wp-post-image\" alt=\"Anker PowerPort Atom III 60W\" decoding=\"async\" loading=\"lazy\" \/><\/a><p>Anker bietet mit dem PowerPort Atom III 60W ein neues, vergleichsweise kompaktes USB-C-Ladeger\u00e4t an, das sich sowohl mit Apple-Notebooks verwenden l\u00e4sst, als auch f\u00fcr das schnelle Laden von iOS-Ger\u00e4ten gedacht ist. Die Produktbezeichnung &#8222;PowerPort Atom III 60W&#8220; hat uns zun\u00e4chst verwirrt, hatte der Hersteller doch schon letzten Monat ein Ladeger\u00e4t mit beinahe dem gleichen Namen [&hellip;]<\/p>\n","protected":false},"author":2,"featured_media":142052,"comment_status":"open","ping_status":"closed","sticky":false,"template":"","format":"standard","meta":{"_acf_changed":false,"footnotes":""},"categories":[1],"tags":[2156,231,2650],"class_list":["post-142047","post","type-post","status-publish","format-standard","has-post-thumbnail","hentry","category-news","tag-anker","tag-netzteil","tag-usb-c"],"acf":[],"aioseo_notices":[],"featured_image":["https:\/\/images.ifun.de\/wp-content\/uploads\/2019\/08\/anker-PowerPort-Atom-III-60W.jpg"],"subheadline":["Neues kompaktes USB-C-Netzteil"],"rest_api_enabler":{"featured_image":"https:\/\/images.ifun.de\/wp-content\/uploads\/2019\/08\/anker-PowerPort-Atom-III-60W.jpg","subheadline":"Neues kompaktes USB-C-Netzteil"},"_links":{"self":[{"href":"https:\/\/www.ifun.de\/apiv2\/wp\/v2\/posts\/142047","targetHints":{"allow":["GET"]}}],"collection":[{"href":"https:\/\/www.ifun.de\/apiv2\/wp\/v2\/posts"}],"about":[{"href":"https:\/\/www.ifun.de\/apiv2\/wp\/v2\/types\/post"}],"author":[{"embeddable":true,"href":"https:\/\/www.ifun.de\/apiv2\/wp\/v2\/users\/2"}],"replies":[{"embeddable":true,"href":"https:\/\/www.ifun.de\/apiv2\/wp\/v2\/comments?post=142047"}],"version-history":[{"count":8,"href":"https:\/\/www.ifun.de\/apiv2\/wp\/v2\/posts\/142047\/revisions"}],"predecessor-version":[{"id":142057,"href":"https:\/\/www.ifun.de\/apiv2\/wp\/v2\/posts\/142047\/revisions\/142057"}],"wp:featuredmedia":[{"embeddable":true,"href":"https:\/\/www.ifun.de\/apiv2\/wp\/v2\/media\/142052"}],"wp:attachment":[{"href":"https:\/\/www.ifun.de\/apiv2\/wp\/v2\/media?parent=142047"}],"wp:term":[{"taxonomy":"category","embeddable":true,"href":"https:\/\/www.ifun.de\/apiv2\/wp\/v2\/categories?post=142047"},{"taxonomy":"post_tag","embeddable":true,"href":"https:\/\/www.ifun.de\/apiv2\/wp\/v2\/tags?post=142047"}],"curies":[{"name":"wp","href":"https:\/\/api.w.org\/{rel}","templated":true}]}}