{"id":141732,"date":"2019-08-16T09:38:54","date_gmt":"2019-08-16T07:38:54","guid":{"rendered":"https:\/\/www.ifun.de\/?p=141732"},"modified":"2019-08-16T09:38:54","modified_gmt":"2019-08-16T07:38:54","slug":"akku-rueckruf-beim-macbook-pro-lange-reparaturzeiten-aufgrund-von-sicherheitsbestimmungen","status":"publish","type":"post","link":"https:\/\/www.ifun.de\/akku-rueckruf-beim-macbook-pro-lange-reparaturzeiten-aufgrund-von-sicherheitsbestimmungen-141732\/","title":{"rendered":"Akku-R\u00fcckruf beim MacBook Pro: Lange Reparaturzeiten aufgrund von Sicherheitsbestimmungen"},"content":{"rendered":"<p>Apple nennt im Zusammenhang mit der Reparatur der <a href=\"https:\/\/www.ifun.de\/apple-startet-rueckrufprogramm-fuer-macbook-pro-15-modell-2015-139361\/\">zur\u00fcckgerufenen MacBook-Pro-Modelle aus dem Jahr 2015<\/a> eine vergleichsweise lange Reparaturzeit von bis zu zwei oder drei Wochen. Ein <a href=\"https:\/\/www.macg.co\/materiel\/2019\/08\/macbook-pro-2015-nouveaux-details-sur-le-programme-de-remplacement-de-la-batterie-107655\">Bericht aus Frankreich<\/a> deutet an, dass hierf\u00fcr die Tatsache verantwortlich ist, dass der Tausch der Akkus nicht vor Ort in den Werkst\u00e4tten der Apple Stores oder bei autorisierten Apple-Partner durchgef\u00fchrt wird, sondern die Ger\u00e4te hierf\u00fcr nach Tschechien geschickt werden.<\/p>\n<p><a href=\"https:\/\/images.ifun.de\/wp-content\/uploads\/2019\/06\/macbook-pro-2015-1.jpg\"><img loading=\"lazy\" decoding=\"async\" src=\"https:\/\/images.ifun.de\/wp-content\/uploads\/2019\/06\/macbook-pro-2015-1-500x277.jpg\" alt=\"Macbook Pro 2015\" width=\"500\" height=\"277\" class=\"alignnone size-medium wp-image-139370\" srcset=\"https:\/\/images.ifun.de\/wp-content\/uploads\/2019\/06\/macbook-pro-2015-1-500x277.jpg 500w, https:\/\/images.ifun.de\/wp-content\/uploads\/2019\/06\/macbook-pro-2015-1-768x425.jpg 768w, https:\/\/images.ifun.de\/wp-content\/uploads\/2019\/06\/macbook-pro-2015-1-700x387.jpg 700w, https:\/\/images.ifun.de\/wp-content\/uploads\/2019\/06\/macbook-pro-2015-1.jpg 1000w\" sizes=\"auto, (max-width: 500px) 100vw, 500px\" \/><\/a><\/p>\n<p>Auch wenn der Bericht besonders auf die Bestimmungen zum Schutz der Arbeitnehmer in Frankreich abhebt, ist davon auszugehen, dass diese Praxis f\u00fcr weitere EU-Staaten gilt. Der lange Reparaturzeitraum wird auch auf der deutschen Apple-Webseite genannt, konkrete Erfahrungsberichte von Nutzern liegen uns bis dato nicht vor.<\/p>\n<p>Bei der Reparatur der Ger\u00e4te im Werk des Apple-Partners Pegatron im tschechischen Ostrava k\u00f6nnen offenbar gesonderte Sicherheitsbedingungen eingehalten werden, die eine Gef\u00e4hrdung der an der Reparatur beteiligten Mitarbeiter minimieren. Der Versand dorthin k\u00f6nne aus Sicherheitsgr\u00fcnden zudem nicht per Flugzeug erfolgen, sondern die Ger\u00e4te m\u00fcssten \u00fcber die Stra\u00dfe verschickt werden.<\/p>\n<p>Interessant ist die Anmerkung, dass Apple in diesem Fall offenbar nicht wie sonst das Top-Case der Ger\u00e4te mit tauscht. Dieser deutliche Mehraufwand &#8211; die Akkus sind mit dem Geh\u00e4use verklebt &#8211; birgt auch eine zus\u00e4tzliche Gefahr durch das Hantieren mit dem Akku. M\u00f6glicherweise findet die Reparatur auch aus diesem Grund generell nicht vor Ort statt.<\/p>\n<p>Erst diese Woche <a href=\"https:\/\/www.ifun.de\/fluggesellschaften-verbieten-zurueckgerufene-apple-notebooks-an-bord-141614\/\" title=\"Fluggesellschaften verbieten zur\u00fcckgerufene Apple-Notebooks an Bord\">wurde bekannt<\/a>, dass erste Fluggesellschaften auf eine Empfehlung der Luftfahrtbeh\u00f6rden hin die Mitnahme der betroffenen MacBook-Modelle verweigern.<\/p>\n","protected":false},"excerpt":{"rendered":"<a href=\"https:\/\/www.ifun.de\/akku-rueckruf-beim-macbook-pro-lange-reparaturzeiten-aufgrund-von-sicherheitsbestimmungen-141732\/\"><img decoding=\"async\" width=\"150\" src=\"https:\/\/images.ifun.de\/wp-content\/uploads\/2019\/06\/macbook-pro-2015-1-500x277.jpg\" class=\"alignright wp-post-image tfe\" alt=\"Macbook Pro 2015\" title=\"\" \/><\/a><p>Apple nennt im Zusammenhang mit der Reparatur der zur\u00fcckgerufenen MacBook-Pro-Modelle aus dem Jahr 2015 eine vergleichsweise lange Reparaturzeit von bis zu zwei oder drei Wochen. Ein Bericht aus Frankreich deutet an, dass hierf\u00fcr die Tatsache verantwortlich ist, dass der Tausch der Akkus nicht vor Ort in den Werkst\u00e4tten der Apple Stores oder bei autorisierten Apple-Partner [&hellip;]<\/p>\n","protected":false},"author":2,"featured_media":0,"comment_status":"open","ping_status":"closed","sticky":false,"template":"","format":"standard","meta":{"_acf_changed":false,"footnotes":""},"categories":[1],"tags":[137,224],"class_list":["post-141732","post","type-post","status-publish","format-standard","hentry","category-news","tag-akku","tag-macbook-pro"],"acf":[],"aioseo_notices":[],"subheadline":["Akkus werden in Tschechien getauscht"],"featured_image":["https:\/\/images.ifun.de\/wp-content\/uploads\/2017\/03\/genius-bar-apple-store.jpg"],"rest_api_enabler":{"subheadline":"Akkus werden in Tschechien getauscht","featured_image":"https:\/\/images.ifun.de\/wp-content\/uploads\/2017\/03\/genius-bar-apple-store.jpg"},"_links":{"self":[{"href":"https:\/\/www.ifun.de\/apiv2\/wp\/v2\/posts\/141732","targetHints":{"allow":["GET"]}}],"collection":[{"href":"https:\/\/www.ifun.de\/apiv2\/wp\/v2\/posts"}],"about":[{"href":"https:\/\/www.ifun.de\/apiv2\/wp\/v2\/types\/post"}],"author":[{"embeddable":true,"href":"https:\/\/www.ifun.de\/apiv2\/wp\/v2\/users\/2"}],"replies":[{"embeddable":true,"href":"https:\/\/www.ifun.de\/apiv2\/wp\/v2\/comments?post=141732"}],"version-history":[{"count":3,"href":"https:\/\/www.ifun.de\/apiv2\/wp\/v2\/posts\/141732\/revisions"}],"predecessor-version":[{"id":141735,"href":"https:\/\/www.ifun.de\/apiv2\/wp\/v2\/posts\/141732\/revisions\/141735"}],"wp:attachment":[{"href":"https:\/\/www.ifun.de\/apiv2\/wp\/v2\/media?parent=141732"}],"wp:term":[{"taxonomy":"category","embeddable":true,"href":"https:\/\/www.ifun.de\/apiv2\/wp\/v2\/categories?post=141732"},{"taxonomy":"post_tag","embeddable":true,"href":"https:\/\/www.ifun.de\/apiv2\/wp\/v2\/tags?post=141732"}],"curies":[{"name":"wp","href":"https:\/\/api.w.org\/{rel}","templated":true}]}}