{"id":141673,"date":"2019-08-15T07:29:03","date_gmt":"2019-08-15T05:29:03","guid":{"rendered":"https:\/\/www.ifun.de\/?p=141673"},"modified":"2019-08-15T07:30:22","modified_gmt":"2019-08-15T05:30:22","slug":"safari-tracking-schutz-apple-nennt-unbeabsichtigte-auswirkung","status":"publish","type":"post","link":"https:\/\/www.ifun.de\/safari-tracking-schutz-apple-nennt-unbeabsichtigte-auswirkung-141673\/","title":{"rendered":"Safari Tracking-Schutz: Apple nennt &#8222;unbeabsichtigte Auswirkung&#8220;"},"content":{"rendered":"<p>Das f\u00fcr die Weiterentwicklung des Safari-Browsers verantwortliche WebKit-Team Apples hat ein Dokument <a href=\"https:\/\/webkit.org\/blog\/9507\/announcing-the-webkit-tracking-prevention-policy\/\">ver\u00f6ffentlicht<\/a>, in dem erstmals Ziele, Hintergr\u00fcnde und m\u00f6gliche Auswirkungen des inzwischen ab Werk aktiven Tracking-Schutzes formuliert sind.<\/p>\n<p><a href=\"https:\/\/images.ifun.de\/wp-content\/uploads\/2018\/06\/safari-header.jpg\"><img decoding=\"async\" class=\"aligncenter size-full wp-image-123217\" src=\"https:\/\/images.ifun.de\/wp-content\/uploads\/2018\/06\/safari-header.jpg\" alt=\"Safari Header\" width=\"500\" srcset=\"https:\/\/images.ifun.de\/wp-content\/uploads\/2018\/06\/safari-header.jpg 960w, https:\/\/images.ifun.de\/wp-content\/uploads\/2018\/06\/safari-header-300x118.jpg 300w, https:\/\/images.ifun.de\/wp-content\/uploads\/2018\/06\/safari-header-768x302.jpg 768w\" sizes=\"(max-width: 960px) 100vw, 960px\" \/><\/a><\/p>\n<p>Die sogenannte &#8222;<a href=\"https:\/\/webkit.org\/tracking-prevention-policy\/\">WebKit Tracking Prevention Policy<\/a>&#8220; definiert, was Apple unter Online-Tracking versteht (das Erfassung von Daten zur Identit\u00e4t oder Aktivit\u00e4t einer Person auf einer oder mehreren Websites, auch wenn diese nicht pers\u00f6nlich identifizierbar sind), wie der Konzern dagegen vorgeht und welche mitunter auch negativen Auswirkungen der strikte Datenschutz-Ansatz haben k\u00f6nnte.<\/p>\n<p>Zu den &#8222;unbeabsichtigten Auswirkung&#8220; z\u00e4hlen etwa eingebettete Medien, die sich Nutzer-Pr\u00e4ferenzen wie die zuletzt gesetzte Lautst\u00e4rke nicht mehr merken k\u00f6nnen, wiederkehrende Mehrfach-Anmeldungen, da Login-Daten nicht \u00fcber mehrere Sitzungen hinweg gespeichert werden und nicht funktionale &#8222;Gef\u00e4llt mir&#8220;-Schaltfl\u00e4chen.<\/p>\n<h2>Aggressives Vorgehen gegen schwarze Schafe<\/h2>\n<p>Besonders interessant: Apple beh\u00e4lt sich besonders aggressive Gegenma\u00dfnahmen gegen Webseite vor, die ihrerseits versuchen den Tracking-Schutz zu umgehen. In den neuen Richtlinien hei\u00dft es dazu, dass Apple die Umgehung der Anti-Tracking-Ma\u00dfnahmen genauso ernst nimmt, wie die Ausnutzung von Sicherheitsl\u00fccken.<\/p>\n<p>Sollte ein Drittanbieter versuchen die Tracking-Pr\u00e4ventionsmethoden zu umgehen, beh\u00e4lt sich Apple vor, ohne vorherige Ank\u00fcndigung, zus\u00e4tzliche Einschr\u00e4nkungen zu aktivieren.<\/p>\n<blockquote><p>If a party attempts to circumvent our tracking prevention methods, we may add additional restrictions without prior notice. These restrictions may apply universally; to algorithmically classified targets; or to specific parties engaging in circumvention.<\/p><\/blockquote>\n<p>Grunds\u00e4tzlich gilt: Apple wird keine Ausnahmen f\u00fcr ausgew\u00e4hlte Webseiten zulassen und gibt an im Zweifelsfall stets im Sinne des Nutzers und gegen geltende Web-Standards zu entscheiden, sollte es hier zum Interessenkonflikt kommen.<\/p>\n<p><img loading=\"lazy\" decoding=\"async\" src=\"https:\/\/vg08.met.vgwort.de\/na\/09de427206a0421494c4fb50c568532a\" width=\"1\" height=\"1\" class=\"tracking\"><\/p>\n","protected":false},"excerpt":{"rendered":"<a href=\"https:\/\/www.ifun.de\/safari-tracking-schutz-apple-nennt-unbeabsichtigte-auswirkung-141673\/\"><img decoding=\"async\" width=\"150\" src=\"https:\/\/images.ifun.de\/wp-content\/uploads\/2018\/06\/safari-header.jpg\" class=\"alignright wp-post-image tfe\" alt=\"Safari Header\" title=\"\" \/><\/a><p>Das f\u00fcr die Weiterentwicklung des Safari-Browsers verantwortliche WebKit-Team Apples hat ein Dokument ver\u00f6ffentlicht, in dem erstmals Ziele, Hintergr\u00fcnde und m\u00f6gliche Auswirkungen des inzwischen ab Werk aktiven Tracking-Schutzes formuliert sind. Die sogenannte &#8222;WebKit Tracking Prevention Policy&#8220; definiert, was Apple unter Online-Tracking versteht (das Erfassung von Daten zur Identit\u00e4t oder Aktivit\u00e4t einer Person auf einer oder mehreren [&hellip;]<\/p>\n","protected":false},"author":1,"featured_media":0,"comment_status":"open","ping_status":"closed","sticky":false,"template":"","format":"standard","meta":{"_acf_changed":false,"footnotes":""},"categories":[3],"tags":[4736,990,259,824],"class_list":["post-141673","post","type-post","status-publish","format-standard","hentry","category-apple","tag-apple","tag-datenschutz","tag-safari","tag-tracking"],"acf":[],"aioseo_notices":[],"subheadline":["Apple formuliert Richtlinien","Apple formuliert Richtlinien"],"featured_image":["https:\/\/images.ifun.de\/wp-content\/uploads\/2019\/05\/safari-12-1.jpg"],"rest_api_enabler":{"subheadline":["Apple formuliert Richtlinien","Apple formuliert Richtlinien"],"featured_image":"https:\/\/images.ifun.de\/wp-content\/uploads\/2019\/05\/safari-12-1.jpg"},"_links":{"self":[{"href":"https:\/\/www.ifun.de\/apiv2\/wp\/v2\/posts\/141673","targetHints":{"allow":["GET"]}}],"collection":[{"href":"https:\/\/www.ifun.de\/apiv2\/wp\/v2\/posts"}],"about":[{"href":"https:\/\/www.ifun.de\/apiv2\/wp\/v2\/types\/post"}],"author":[{"embeddable":true,"href":"https:\/\/www.ifun.de\/apiv2\/wp\/v2\/users\/1"}],"replies":[{"embeddable":true,"href":"https:\/\/www.ifun.de\/apiv2\/wp\/v2\/comments?post=141673"}],"version-history":[{"count":4,"href":"https:\/\/www.ifun.de\/apiv2\/wp\/v2\/posts\/141673\/revisions"}],"predecessor-version":[{"id":141677,"href":"https:\/\/www.ifun.de\/apiv2\/wp\/v2\/posts\/141673\/revisions\/141677"}],"wp:attachment":[{"href":"https:\/\/www.ifun.de\/apiv2\/wp\/v2\/media?parent=141673"}],"wp:term":[{"taxonomy":"category","embeddable":true,"href":"https:\/\/www.ifun.de\/apiv2\/wp\/v2\/categories?post=141673"},{"taxonomy":"post_tag","embeddable":true,"href":"https:\/\/www.ifun.de\/apiv2\/wp\/v2\/tags?post=141673"}],"curies":[{"name":"wp","href":"https:\/\/api.w.org\/{rel}","templated":true}]}}