{"id":140813,"date":"2019-07-24T17:11:49","date_gmt":"2019-07-24T15:11:49","guid":{"rendered":"https:\/\/www.ifun.de\/?p=140813"},"modified":"2019-07-24T17:12:47","modified_gmt":"2019-07-24T15:12:47","slug":"airplay-2-und-homekit-lg-nennt-details-zum-update","status":"publish","type":"post","link":"https:\/\/www.ifun.de\/airplay-2-und-homekit-lg-nennt-details-zum-update-140813\/","title":{"rendered":"AirPlay 2 und HomeKit: LG nennt Details zum Update"},"content":{"rendered":"<p>Nachdem wir <a href=\"https:\/\/www.ifun.de\/airplay-2-und-homekit-fuer-lg-fernseher-kommt-naechste-woche-140723\/\" title=\"AirPlay 2 und HomeKit f\u00fcr LG-Fernseher kommt n\u00e4chste Woche\">gestern<\/a> schon auf das anstehende AirPlay- und HomeKit-Update f\u00fcr LG-Fernseher hingewiesen haben, liegt uns nun eine detaillierte Ank\u00fcndigung von <a href=\"https:\/\/www.lg.com\/de\">LG<\/a> vor. Der Hersteller teilt unter anderem mit, dass mit der Verteilung der Software-Aktualisierung bereits morgen begonnen wird, also ein paar Tage fr\u00fcher als gedacht. Sp\u00e4testens Anfang August sollen alle kompatiblen Ger\u00e4te das Update erhalten haben.<\/p>\n<p><a href=\"https:\/\/images.ifun.de\/wp-content\/uploads\/2019\/07\/lg-homekit-fernseher.jpg\"><img loading=\"lazy\" decoding=\"async\" src=\"https:\/\/images.ifun.de\/wp-content\/uploads\/2019\/07\/lg-homekit-fernseher-500x363.jpg\" alt=\"Lg Homekit Fernseher\" width=\"500\" height=\"363\" class=\"alignnone size-medium wp-image-140814\" srcset=\"https:\/\/images.ifun.de\/wp-content\/uploads\/2019\/07\/lg-homekit-fernseher-500x363.jpg 500w, https:\/\/images.ifun.de\/wp-content\/uploads\/2019\/07\/lg-homekit-fernseher-768x557.jpg 768w, https:\/\/images.ifun.de\/wp-content\/uploads\/2019\/07\/lg-homekit-fernseher-700x508.jpg 700w, https:\/\/images.ifun.de\/wp-content\/uploads\/2019\/07\/lg-homekit-fernseher.jpg 1000w\" sizes=\"auto, (max-width: 500px) 100vw, 500px\" \/><\/a><\/p>\n<p>LG gibt bekannt, dass AirPlay 2 und HomeKit \u201eauf allen 2019er TV-Modellen mit k\u00fcnstlicher Intelligenz (KI bzw. AI f\u00fcr Artificial Intelligence) und Alpha-Prozessoren der zweiten Generation\u201c verf\u00fcgbar sein wird. Konkret handelt es sich dabei im OLED-Bereich um die Modellreihen W9, E9 und C9, im NanoCell-Bereich die Produktfamilien SM98, SM90, SM86 und SM85 und im UHD-Bereich das Modell 86UM76.<\/p>\n<blockquote>\n<p>Mit AirPlay 2 k\u00f6nnen Inhalte von einem iPhone, iPad oder Mac direkt \u00fcber den Fernseher wiedergegeben werden \u2013 Dolby-Vision-Inhalte eingeschlossen. Ebenso lassen sich Filme und Serien aus der Apple-TV-App oder anderen Video-Apps abspielen sowie Fotos direkt auf dem LG-Fernseher betrachten. Apple Podcasts, Apple Music, Tracks aus der Bibliothek und auch Streaming-Dienste lassen sich sowohl \u00fcber den LG TV als auch \u00fcber andere AirPlay 2-kompatible Lautsprecher vollkommen synchron abspielen.<br \/>Dank HomeKit k\u00f6nnen Anwender ihr smartes Zuhause bequem mit der Home App oder mit Siri auf ihren Apple-Ger\u00e4ten steuern. Die 2019er LG AI TVs lassen sich problemlos zur Home App hinzuf\u00fcgen, \u00fcber die grundlegende TV-Funktionen wie An- und Ausschalten, Lautst\u00e4rke oder Signalquelle gesteuert werden k\u00f6nnen. Zusammen mit anderen Accessoires k\u00f6nnen LGs AI TVs zudem in HomeKit-Szenen oder -Automationen eingebunden werden.<\/p>\n<\/blockquote>\n","protected":false},"excerpt":{"rendered":"<a href=\"https:\/\/www.ifun.de\/airplay-2-und-homekit-lg-nennt-details-zum-update-140813\/\"><img width=\"150\" height=\"150\" src=\"https:\/\/images.ifun.de\/wp-content\/uploads\/2019\/07\/lg-tv-mit-homekit-und-airplay-2-150x150.jpg\" class=\"alignright tfe wp-post-image\" alt=\"Lg Tv Mit Homekit Und Airplay 2\" decoding=\"async\" loading=\"lazy\" \/><\/a><p>Nachdem wir gestern schon auf das anstehende AirPlay- und HomeKit-Update f\u00fcr LG-Fernseher hingewiesen haben, liegt uns nun eine detaillierte Ank\u00fcndigung von LG vor. Der Hersteller teilt unter anderem mit, dass mit der Verteilung der Software-Aktualisierung bereits morgen begonnen wird, also ein paar Tage fr\u00fcher als gedacht. Sp\u00e4testens Anfang August sollen alle kompatiblen Ger\u00e4te das Update [&hellip;]<\/p>\n","protected":false},"author":2,"featured_media":140815,"comment_status":"open","ping_status":"closed","sticky":false,"template":"","format":"standard","meta":{"_acf_changed":false,"footnotes":""},"categories":[1],"tags":[4032,621,2367,2104],"class_list":["post-140813","post","type-post","status-publish","format-standard","has-post-thumbnail","hentry","category-news","tag-airplay-2","tag-fernseher","tag-homekit","tag-lg"],"acf":[],"aioseo_notices":[],"featured_image":["https:\/\/images.ifun.de\/wp-content\/uploads\/2019\/07\/lg-tv-mit-homekit-und-airplay-2.jpg"],"subheadline":["Verteilung ab 25. Juli"],"rest_api_enabler":{"featured_image":"https:\/\/images.ifun.de\/wp-content\/uploads\/2019\/07\/lg-tv-mit-homekit-und-airplay-2.jpg","subheadline":"Verteilung ab 25. Juli"},"_links":{"self":[{"href":"https:\/\/www.ifun.de\/apiv2\/wp\/v2\/posts\/140813","targetHints":{"allow":["GET"]}}],"collection":[{"href":"https:\/\/www.ifun.de\/apiv2\/wp\/v2\/posts"}],"about":[{"href":"https:\/\/www.ifun.de\/apiv2\/wp\/v2\/types\/post"}],"author":[{"embeddable":true,"href":"https:\/\/www.ifun.de\/apiv2\/wp\/v2\/users\/2"}],"replies":[{"embeddable":true,"href":"https:\/\/www.ifun.de\/apiv2\/wp\/v2\/comments?post=140813"}],"version-history":[{"count":3,"href":"https:\/\/www.ifun.de\/apiv2\/wp\/v2\/posts\/140813\/revisions"}],"predecessor-version":[{"id":140818,"href":"https:\/\/www.ifun.de\/apiv2\/wp\/v2\/posts\/140813\/revisions\/140818"}],"wp:featuredmedia":[{"embeddable":true,"href":"https:\/\/www.ifun.de\/apiv2\/wp\/v2\/media\/140815"}],"wp:attachment":[{"href":"https:\/\/www.ifun.de\/apiv2\/wp\/v2\/media?parent=140813"}],"wp:term":[{"taxonomy":"category","embeddable":true,"href":"https:\/\/www.ifun.de\/apiv2\/wp\/v2\/categories?post=140813"},{"taxonomy":"post_tag","embeddable":true,"href":"https:\/\/www.ifun.de\/apiv2\/wp\/v2\/tags?post=140813"}],"curies":[{"name":"wp","href":"https:\/\/api.w.org\/{rel}","templated":true}]}}