{"id":140755,"date":"2019-07-23T14:36:23","date_gmt":"2019-07-23T12:36:23","guid":{"rendered":"https:\/\/www.ifun.de\/?p=140755"},"modified":"2019-07-23T14:37:55","modified_gmt":"2019-07-23T12:37:55","slug":"jeff-williams-der-naechste-tim-cook-im-portraet","status":"publish","type":"post","link":"https:\/\/www.ifun.de\/jeff-williams-der-naechste-tim-cook-im-portraet-140755\/","title":{"rendered":"Jeff Williams: Der n\u00e4chste Tim Cook im Portr\u00e4t"},"content":{"rendered":"<p>Am <a href=\"https:\/\/www.ifun.de\/ive-nachbeben-umbau-in-apples-fuehrungsstab-139681\/\">Tag des Ive-R\u00fcckzugs<\/a> haben wir die Personalie Jeff Williams, dem Apple-Chef Tim Cook damals mehr Produkt-Verantwortung in die Hand legte, noch vorsichtig bewertet und uns auf eine Frage in die Runde beschr\u00e4nkt: Baut der amtierende Apple CEO (vor dem Tod Steve Jobs selbst als COO aktiv), den momentanen Chief Operating Officer Williams als m\u00f6glichen Nachfolger auf?<\/p>\n<p><a href=\"https:\/\/images.ifun.de\/wp-content\/uploads\/2019\/07\/cook-williams.jpg\"><img loading=\"lazy\" decoding=\"async\" class=\"aligncenter size-medium wp-image-140756\" src=\"https:\/\/images.ifun.de\/wp-content\/uploads\/2019\/07\/cook-williams-500x281.jpg\" alt=\"Cook Williams\" width=\"500\" height=\"281\" srcset=\"https:\/\/images.ifun.de\/wp-content\/uploads\/2019\/07\/cook-williams-500x281.jpg 500w, https:\/\/images.ifun.de\/wp-content\/uploads\/2019\/07\/cook-williams-768x431.jpg 768w, https:\/\/images.ifun.de\/wp-content\/uploads\/2019\/07\/cook-williams-700x393.jpg 700w, https:\/\/images.ifun.de\/wp-content\/uploads\/2019\/07\/cook-williams.jpg 1000w\" sizes=\"auto, (max-width: 500px) 100vw, 500px\" \/><\/a><\/p>\n<p>Eine Frage, die von der \u00fcberwiegenden Mehrheit der Branchenbeobachter inzwischen bejaht wird.<\/p>\n<p>Seit Ives Ausscheiden steht Williams nun auch den Leitern des Designteams Evans Hankey (Vice President of Industrial Design) und Alan Dye (Vice President of Human Interface Design) vor und wird dabei tatkr\u00e4ftig vom neuen Vice President Operations, Sabih Khan, der seit 1995 bei Apple arbeitet, unterst\u00fctzt.<\/p>\n<p>Wenn Williams also Cooks n\u00e4chster Cook ist, dann ist Khan Williams n\u00e4chster Williams &#8211; oder so \u00e4hnlich.<\/p>\n<p>Wichtig ist: Apple scheint den &#8222;Co-Creator der Apple Watch&#8220; in Position zu bringen, um die Nachfolge Tim Cooks anzutreten, sobald dieser seiner Aufgabe \u00fcberdr\u00fcssig geworden ist. Ein Wachwechsel der vielleicht noch acht, vielleicht aber auch nur vier Jahre auf sich warten lassen wird.<\/p>\n<p>Auch die Wirtschaftsnachrichten-Agentur Bloomberg bewertet den Ausbau des Verantwortungsbereiches Williams als langfristige Weichenstellung und schreibt in einem <a href=\"https:\/\/www.bloomberg.com\/news\/articles\/2019-07-22\/apple-s-heir-apparent-is-much-more-like-tim-cook-than-steve-jobs\">jetzt ver\u00f6ffentlichten Portr\u00e4t<\/a>:<\/p>\n<blockquote><p>Williams now oversees the development of all Apple hardware products, holding weekly meetings to gauge their progress. Although the process is formally called NPR, or New Product Review, some employees call this the \u201cJeff Review.\u201d [&#8230;] \u201cHe\u2019s the closest thing at the company to Tim Cook, and you\u2019ll get more of that,\u201d a former senior Apple executive says of Williams. \u201cIf you think Cook is doing a good job, then it\u2019s a good choice.\u201d<\/p><\/blockquote>\n<h2>Zum Nachlesen<\/h2>\n<p><a title=\"Ive-Nachbeben: Umbau in Apples F\u00fchrungsstab\" href=\"https:\/\/www.ifun.de\/ive-nachbeben-umbau-in-apples-fuehrungsstab-139681\/\">Ive-Nachbeben: Umbau in Apples F\u00fchrungsstab<\/a><\/p>\n<p><a title=\"Apple ohne Chef-Designer: Jony Ive tritt ab\" href=\"https:\/\/www.ifun.de\/apple-ohne-chef-designer-jony-ive-tritt-ab-139655\/\">Apple ohne Chef-Designer: Jony Ive tritt ab<\/a><\/p>\n<p>&nbsp;<\/p>\n","protected":false},"excerpt":{"rendered":"<a href=\"https:\/\/www.ifun.de\/jeff-williams-der-naechste-tim-cook-im-portraet-140755\/\"><img width=\"150\" height=\"150\" src=\"https:\/\/images.ifun.de\/wp-content\/uploads\/2019\/07\/cook-williams-150x150.jpg\" class=\"alignright tfe wp-post-image\" alt=\"Cook Williams\" decoding=\"async\" loading=\"lazy\" \/><\/a><p>Am Tag des Ive-R\u00fcckzugs haben wir die Personalie Jeff Williams, dem Apple-Chef Tim Cook damals mehr Produkt-Verantwortung in die Hand legte, noch vorsichtig bewertet und uns auf eine Frage in die Runde beschr\u00e4nkt: Baut der amtierende Apple CEO (vor dem Tod Steve Jobs selbst als COO aktiv), den momentanen Chief Operating Officer Williams als m\u00f6glichen [&hellip;]<\/p>\n","protected":false},"author":1,"featured_media":140756,"comment_status":"open","ping_status":"closed","sticky":false,"template":"","format":"standard","meta":{"_acf_changed":false,"footnotes":""},"categories":[3],"tags":[4736,4597,614],"class_list":["post-140755","post","type-post","status-publish","format-standard","has-post-thumbnail","hentry","category-apple","tag-apple","tag-jeff-williams","tag-tim-cook"],"acf":[],"aioseo_notices":[],"subheadline":["Produkt-Chef"],"featured_image":["https:\/\/images.ifun.de\/wp-content\/uploads\/2019\/06\/jeff-williams.jpg"],"rest_api_enabler":{"subheadline":"Produkt-Chef","featured_image":"https:\/\/images.ifun.de\/wp-content\/uploads\/2019\/06\/jeff-williams.jpg"},"_links":{"self":[{"href":"https:\/\/www.ifun.de\/apiv2\/wp\/v2\/posts\/140755","targetHints":{"allow":["GET"]}}],"collection":[{"href":"https:\/\/www.ifun.de\/apiv2\/wp\/v2\/posts"}],"about":[{"href":"https:\/\/www.ifun.de\/apiv2\/wp\/v2\/types\/post"}],"author":[{"embeddable":true,"href":"https:\/\/www.ifun.de\/apiv2\/wp\/v2\/users\/1"}],"replies":[{"embeddable":true,"href":"https:\/\/www.ifun.de\/apiv2\/wp\/v2\/comments?post=140755"}],"version-history":[{"count":2,"href":"https:\/\/www.ifun.de\/apiv2\/wp\/v2\/posts\/140755\/revisions"}],"predecessor-version":[{"id":140760,"href":"https:\/\/www.ifun.de\/apiv2\/wp\/v2\/posts\/140755\/revisions\/140760"}],"wp:featuredmedia":[{"embeddable":true,"href":"https:\/\/www.ifun.de\/apiv2\/wp\/v2\/media\/140756"}],"wp:attachment":[{"href":"https:\/\/www.ifun.de\/apiv2\/wp\/v2\/media?parent=140755"}],"wp:term":[{"taxonomy":"category","embeddable":true,"href":"https:\/\/www.ifun.de\/apiv2\/wp\/v2\/categories?post=140755"},{"taxonomy":"post_tag","embeddable":true,"href":"https:\/\/www.ifun.de\/apiv2\/wp\/v2\/tags?post=140755"}],"curies":[{"name":"wp","href":"https:\/\/api.w.org\/{rel}","templated":true}]}}