{"id":140708,"date":"2019-07-22T18:18:29","date_gmt":"2019-07-22T16:18:29","guid":{"rendered":"https:\/\/www.ifun.de\/?p=140708"},"modified":"2019-07-22T18:20:49","modified_gmt":"2019-07-22T16:20:49","slug":"hula-hoop-und-todessprung-die-ibook-praesentation-vor-20-jahren","status":"publish","type":"post","link":"https:\/\/www.ifun.de\/hula-hoop-und-todessprung-die-ibook-praesentation-vor-20-jahren-140708\/","title":{"rendered":"Hula Hoop und &#8222;Todessprung&#8220;: Die iBook-Pr\u00e4sentation vor 20 Jahren"},"content":{"rendered":"<p>Am Wochenende war nicht nur Jahrestag der ersten bemannten Mondlandung, auch ein legend\u00e4res Apple-Produkt feierte Jubil\u00e4um: Steve Jobs stellte am 21. Juni 1999 das <a href=\"https:\/\/de.wikipedia.org\/wiki\/IBook\">iBook<\/a> vor. Das extravagant designte und als &#8222;iMac to go&#8220; vermarktete Notebook zielte anders als Apples \u201ePowerBooks\u201c auf Privatnutzer und konnte sich als erstes Ger\u00e4t seiner Klasse drahtlos \u00fcber WLAN verbinden.<\/p>\n<p><a href=\"https:\/\/images.ifun.de\/wp-content\/uploads\/2019\/07\/apple-ibook-imac-to-go.jpg\"><img loading=\"lazy\" decoding=\"async\" src=\"https:\/\/images.ifun.de\/wp-content\/uploads\/2019\/07\/apple-ibook-imac-to-go-500x343.jpg\" alt=\"Apple Ibook Imac To Go\" width=\"500\" height=\"343\" class=\"alignnone size-medium wp-image-140710\" srcset=\"https:\/\/images.ifun.de\/wp-content\/uploads\/2019\/07\/apple-ibook-imac-to-go-500x343.jpg 500w, https:\/\/images.ifun.de\/wp-content\/uploads\/2019\/07\/apple-ibook-imac-to-go-768x526.jpg 768w, https:\/\/images.ifun.de\/wp-content\/uploads\/2019\/07\/apple-ibook-imac-to-go-700x480.jpg 700w, https:\/\/images.ifun.de\/wp-content\/uploads\/2019\/07\/apple-ibook-imac-to-go.jpg 1208w\" sizes=\"auto, (max-width: 500px) 100vw, 500px\" \/><\/a><\/p>\n<p>Mit seiner ausgefallenen Optik &#8211; zum Start war das mit einem Tragegriff ausgestattete iBook in den Farben Blueberry und Tangerine erh\u00e4ltlich &#8211; lieferte das Notebook schon Gespr\u00e4chsstoff genug. Ganz gro\u00dfes Kino war allerdings die Pr\u00e4sentation im Rahmen der damals noch regelm\u00e4\u00dfig stattfindenden Messe Macworld Conference &amp; Expo in New York. Um die WLAN-Funktion des Ger\u00e4ts angemessen zur Geltung zu bringen, gl\u00e4nzte Steve Jobs mit einem \u201eHula-Hoop-Trick\u201c und Apples Marketing-Leiter Phil Schiller sprang w\u00e4hrend einer Daten\u00fcbertragung von einem Ger\u00fcst auf der B\u00fchne. Die Video-Aufzeichnung beider Szenen haben wir unten f\u00fcr euch eingebettet.<\/p>\n<p><div class=\"responsive-video\"><iframe loading=\"lazy\" width=\"700\" height=\"315\" src=\"https:\/\/www.youtube-nocookie.com\/embed\/HFngngjy4fk\" frameborder=\"0\" allow=\"accelerometer; autoplay; encrypted-media; gyroscope; picture-in-picture\" allowfullscreen><\/iframe><\/div><\/p>\n<p><div class=\"responsive-video\"><iframe loading=\"lazy\" width=\"700\" height=\"315\" src=\"https:\/\/www.youtube-nocookie.com\/embed\/1MR4R5LdrJw\" frameborder=\"0\" allow=\"accelerometer; autoplay; encrypted-media; gyroscope; picture-in-picture\" allowfullscreen><\/iframe><\/div><\/p>\n<p><h8>Via <a href=\"http:\/\/thinkingbricks.com\/1\/macworld-new-york-1999-keynote-address\/steve-jobs-demonstrates-wireless-iBook.html\">Thinkingbricks.com<\/a><\/h8><\/p>\n","protected":false},"excerpt":{"rendered":"<a href=\"https:\/\/www.ifun.de\/hula-hoop-und-todessprung-die-ibook-praesentation-vor-20-jahren-140708\/\"><img width=\"150\" height=\"150\" src=\"https:\/\/images.ifun.de\/wp-content\/uploads\/2019\/07\/ibook-apple-150x150.jpg\" class=\"alignright tfe wp-post-image\" alt=\"Ibook Apple\" decoding=\"async\" loading=\"lazy\" \/><\/a><p>Am Wochenende war nicht nur Jahrestag der ersten bemannten Mondlandung, auch ein legend\u00e4res Apple-Produkt feierte Jubil\u00e4um: Steve Jobs stellte am 21. Juni 1999 das iBook vor. Das extravagant designte und als &#8222;iMac to go&#8220; vermarktete Notebook zielte anders als Apples \u201ePowerBooks\u201c auf Privatnutzer und konnte sich als erstes Ger\u00e4t seiner Klasse drahtlos \u00fcber WLAN verbinden. [&hellip;]<\/p>\n","protected":false},"author":2,"featured_media":140711,"comment_status":"open","ping_status":"closed","sticky":false,"template":"","format":"standard","meta":{"_acf_changed":false,"footnotes":""},"categories":[3],"tags":[4736,862,67],"class_list":["post-140708","post","type-post","status-publish","format-standard","has-post-thumbnail","hentry","category-apple","tag-apple","tag-ibook","tag-steve-jobs"],"acf":[],"aioseo_notices":[],"subheadline":["Ganz gro\u00dfes Kino"],"featured_image":["https:\/\/images.ifun.de\/wp-content\/uploads\/2019\/07\/ibook-apple.jpg"],"rest_api_enabler":{"subheadline":"Ganz gro\u00dfes Kino","featured_image":"https:\/\/images.ifun.de\/wp-content\/uploads\/2019\/07\/ibook-apple.jpg"},"_links":{"self":[{"href":"https:\/\/www.ifun.de\/apiv2\/wp\/v2\/posts\/140708","targetHints":{"allow":["GET"]}}],"collection":[{"href":"https:\/\/www.ifun.de\/apiv2\/wp\/v2\/posts"}],"about":[{"href":"https:\/\/www.ifun.de\/apiv2\/wp\/v2\/types\/post"}],"author":[{"embeddable":true,"href":"https:\/\/www.ifun.de\/apiv2\/wp\/v2\/users\/2"}],"replies":[{"embeddable":true,"href":"https:\/\/www.ifun.de\/apiv2\/wp\/v2\/comments?post=140708"}],"version-history":[{"count":3,"href":"https:\/\/www.ifun.de\/apiv2\/wp\/v2\/posts\/140708\/revisions"}],"predecessor-version":[{"id":140713,"href":"https:\/\/www.ifun.de\/apiv2\/wp\/v2\/posts\/140708\/revisions\/140713"}],"wp:featuredmedia":[{"embeddable":true,"href":"https:\/\/www.ifun.de\/apiv2\/wp\/v2\/media\/140711"}],"wp:attachment":[{"href":"https:\/\/www.ifun.de\/apiv2\/wp\/v2\/media?parent=140708"}],"wp:term":[{"taxonomy":"category","embeddable":true,"href":"https:\/\/www.ifun.de\/apiv2\/wp\/v2\/categories?post=140708"},{"taxonomy":"post_tag","embeddable":true,"href":"https:\/\/www.ifun.de\/apiv2\/wp\/v2\/tags?post=140708"}],"curies":[{"name":"wp","href":"https:\/\/api.w.org\/{rel}","templated":true}]}}