{"id":140682,"date":"2019-07-22T08:44:44","date_gmt":"2019-07-22T06:44:44","guid":{"rendered":"https:\/\/www.ifun.de\/?p=140682"},"modified":"2019-07-22T08:44:44","modified_gmt":"2019-07-22T06:44:44","slug":"neu-in-macos-catalina-das-oeffnen-mit-kontextmenue","status":"publish","type":"post","link":"https:\/\/www.ifun.de\/neu-in-macos-catalina-das-oeffnen-mit-kontextmenue-140682\/","title":{"rendered":"Neu in macOS Catalina: Das &#8222;\u00d6ffnen mit&#8220;-Kontextmen\u00fc"},"content":{"rendered":"<p>Kurze Durchsage zur vierten Beta von macOS Catalina. Nach Angaben des langj\u00e4hrigen Apple-Entwicklers <a href=\"https:\/\/twitter.com\/grynspan\/status\/1151887772002611202\">Jonathan Grynspan<\/a> sind nun die Tage gez\u00e4hlt, in denen das &#8222;\u00d6ffnen mit&#8220;-Men\u00fc des Finders nach der Auswahl h\u00e4ufig den Platzhalter &#8222;Laden\u2026&#8220; einblendete.<\/p>\n<blockquote class=\"twitter-tweet\" data-lang=\"en\">\n<p lang=\"en\" dir=\"ltr\">macOS Catalina Seed 4: Finder&#39;s Open With menu has been rebuilt from scratch. You should never again see &quot;Fetching\u2026&quot;! &#x1f389;<\/p>\n<p>Although in normal usage this should not impact you, if you do notice issues with the Open With menu, please file bug reports!<\/p>\n<p>&mdash; Jonathan Grynspan (@grynspan) <a href=\"https:\/\/twitter.com\/grynspan\/status\/1151887772002611202?ref_src=twsrc%5Etfw\">July 18, 2019<\/a><\/p><\/blockquote>\n<p><script async src=\"https:\/\/platform.twitter.com\/widgets.js\" charset=\"utf-8\"><\/script><br \/>\nUnter macOS Catalina sei der Men\u00fcpunkt nun komplett neu implementiert und deutlich responsiver.<\/p>\n<p>Zudem setzen unter macOS Catalina nun auch Mail und der Kalender auf das selbe Kontextmen\u00fc wie der Finder, wenn es darum geht ausgew\u00e4hlte Anh\u00e4nge zu \u00f6ffnen.<\/p>\n<p>Ebenfalls neu: Wer sich f\u00fcr &#8222;\u00d6ffnen mit&#8220; &gt; &#8222;Anderem Programm\u2026&#8220; entscheidet, bekommt fortan kein modales Fenster mehr pr\u00e4sentiert. Web-Links im Format .webloc, .inetloc und .url zeigen neben Browsern nun auch Anwendungen im &#8222;\u00d6ffnen mit&#8220;-Men\u00fc, die in den Web-Links enthaltene Universal-Links \u00f6ffnen k\u00f6nnen.<\/p>\n<p><a href=\"https:\/\/images.ifun.de\/wp-content\/uploads\/2019\/07\/catalina-oeffnen-mit.jpg\"><img loading=\"lazy\" decoding=\"async\" src=\"https:\/\/images.ifun.de\/wp-content\/uploads\/2019\/07\/catalina-oeffnen-mit-700x557.jpg\" alt=\"Catalina Oeffnen Mit\" width=\"700\" height=\"557\" class=\"aligncenter size-large wp-image-140684\" srcset=\"https:\/\/images.ifun.de\/wp-content\/uploads\/2019\/07\/catalina-oeffnen-mit-700x557.jpg 700w, https:\/\/images.ifun.de\/wp-content\/uploads\/2019\/07\/catalina-oeffnen-mit-500x398.jpg 500w, https:\/\/images.ifun.de\/wp-content\/uploads\/2019\/07\/catalina-oeffnen-mit-768x611.jpg 768w, https:\/\/images.ifun.de\/wp-content\/uploads\/2019\/07\/catalina-oeffnen-mit.jpg 1303w\" sizes=\"auto, (max-width: 700px) 100vw, 700px\" \/><\/a><\/p>\n<h2>Wenn &#8222;\u00d6ffnen mit&#8220; langsam reagiert<\/h2>\n<p>Stellenweise kann das Auswahlmen\u00fc &#8222;\u00d6ffnen mit&#8220; Ewigkeiten ben\u00f6tigen, um alle in Frage kommenden Anwendungen anzuzeigen. Hier kann es (zumindest unter macOS 10.14) helfen, die zugrundeliegende Datenbank mit folgendem Terminal-Befehl zur\u00fcckzusetzen.<\/p>\n<p><code style=\"overflow:hidden;\">\/System\/Library\/Frameworks\/CoreServices.framework\/Frameworks\/LaunchServices.framework\/Support\/lsregister -kill -seed -r -v -gc -domain local -domain user -domain system<\/code><\/p>\n","protected":false},"excerpt":{"rendered":"<a href=\"https:\/\/www.ifun.de\/neu-in-macos-catalina-das-oeffnen-mit-kontextmenue-140682\/\"><img width=\"150\" height=\"150\" src=\"https:\/\/images.ifun.de\/wp-content\/uploads\/2019\/07\/catalina-oeffnen-mit-150x150.jpg\" class=\"alignright tfe wp-post-image\" alt=\"Catalina Oeffnen Mit\" decoding=\"async\" loading=\"lazy\" \/><\/a><p>Kurze Durchsage zur vierten Beta von macOS Catalina. Nach Angaben des langj\u00e4hrigen Apple-Entwicklers Jonathan Grynspan sind nun die Tage gez\u00e4hlt, in denen das &#8222;\u00d6ffnen mit&#8220;-Men\u00fc des Finders nach der Auswahl h\u00e4ufig den Platzhalter &#8222;Laden\u2026&#8220; einblendete. macOS Catalina Seed 4: Finder&#39;s Open With menu has been rebuilt from scratch. You should never again see &quot;Fetching\u2026&quot;! &#x1f389; [&hellip;]<\/p>\n","protected":false},"author":1,"featured_media":140684,"comment_status":"open","ping_status":"closed","sticky":false,"template":"","format":"standard","meta":{"_acf_changed":false,"footnotes":""},"categories":[16],"tags":[1292,3095,4545],"class_list":["post-140682","post","type-post","status-publish","format-standard","has-post-thumbnail","hentry","category-mac","tag-finder","tag-macos","tag-neu-in-macos-catalina"],"acf":[],"aioseo_notices":[],"featured_image":["https:\/\/images.ifun.de\/wp-content\/uploads\/2019\/07\/catalina-oeffnen-mit-screen.jpg"],"subheadline":["Bald ganz ohne \"Laden\u2026\""],"rest_api_enabler":{"featured_image":"https:\/\/images.ifun.de\/wp-content\/uploads\/2019\/07\/catalina-oeffnen-mit-screen.jpg","subheadline":"Bald ganz ohne \"Laden\u2026\""},"_links":{"self":[{"href":"https:\/\/www.ifun.de\/apiv2\/wp\/v2\/posts\/140682","targetHints":{"allow":["GET"]}}],"collection":[{"href":"https:\/\/www.ifun.de\/apiv2\/wp\/v2\/posts"}],"about":[{"href":"https:\/\/www.ifun.de\/apiv2\/wp\/v2\/types\/post"}],"author":[{"embeddable":true,"href":"https:\/\/www.ifun.de\/apiv2\/wp\/v2\/users\/1"}],"replies":[{"embeddable":true,"href":"https:\/\/www.ifun.de\/apiv2\/wp\/v2\/comments?post=140682"}],"version-history":[{"count":1,"href":"https:\/\/www.ifun.de\/apiv2\/wp\/v2\/posts\/140682\/revisions"}],"predecessor-version":[{"id":140685,"href":"https:\/\/www.ifun.de\/apiv2\/wp\/v2\/posts\/140682\/revisions\/140685"}],"wp:featuredmedia":[{"embeddable":true,"href":"https:\/\/www.ifun.de\/apiv2\/wp\/v2\/media\/140684"}],"wp:attachment":[{"href":"https:\/\/www.ifun.de\/apiv2\/wp\/v2\/media?parent=140682"}],"wp:term":[{"taxonomy":"category","embeddable":true,"href":"https:\/\/www.ifun.de\/apiv2\/wp\/v2\/categories?post=140682"},{"taxonomy":"post_tag","embeddable":true,"href":"https:\/\/www.ifun.de\/apiv2\/wp\/v2\/tags?post=140682"}],"curies":[{"name":"wp","href":"https:\/\/api.w.org\/{rel}","templated":true}]}}