{"id":140012,"date":"2019-07-05T19:46:20","date_gmt":"2019-07-05T17:46:20","guid":{"rendered":"https:\/\/www.ifun.de\/?p=140012"},"modified":"2019-07-05T19:47:53","modified_gmt":"2019-07-05T17:47:53","slug":"video-rueckblick-phil-schiller-und-jony-ive-vor-22-jahren","status":"publish","type":"post","link":"https:\/\/www.ifun.de\/video-rueckblick-phil-schiller-und-jony-ive-vor-22-jahren-140012\/","title":{"rendered":"Video-R\u00fcckblick: Phil Schiller und Jony Ive vor 22 Jahren"},"content":{"rendered":"<p>Zum Wochenende geben wir euch noch ein 22 Jahre altes Video mit auf den Weg. Der R\u00fcckzug von Jony Ive wird dieser Tage von vielen kritischen Stimmen begleitet. Teilweise sicher zurecht, doch sollten wir dar\u00fcber nicht vergessen werden, dass Apple mit Ive einen der ambitioniertesten Produktdesigner \u00fcberhaupt verliert.<\/p>\n<p><a href=\"https:\/\/images.ifun.de\/wp-content\/uploads\/2019\/07\/imac-g3.jpg\"><img loading=\"lazy\" decoding=\"async\" src=\"https:\/\/images.ifun.de\/wp-content\/uploads\/2019\/07\/imac-g3-500x347.jpg\" alt=\"Imac G3\" width=\"500\" height=\"347\" class=\"alignnone size-medium wp-image-140015\" srcset=\"https:\/\/images.ifun.de\/wp-content\/uploads\/2019\/07\/imac-g3-500x347.jpg 500w, https:\/\/images.ifun.de\/wp-content\/uploads\/2019\/07\/imac-g3.jpg 640w\" sizes=\"auto, (max-width: 500px) 100vw, 500px\" \/><\/a><\/p>\n<p>Ive zeichnet beispielsweise f\u00fcr den 1998 vorgestellten iMac G3 verantwortlich und hat mit diesem extravaganten Design die \u00c4ra vergilbter wei\u00dfer Plastikgeh\u00e4use beendet. Mit dem iPod entstand drei Jahre sp\u00e4ter ein eleganter MP3-Handschmeichler und zugleich der erste Vorl\u00e4ufer des iPhone.<\/p>\n<p>Mit dem Video unten springen wir aber noch ein St\u00fcck weiter zur\u00fcck zur Apple-Entwicklerkonferenz WWDC im Jahr 1997. Bei Minute 30:30 stellt ein junger Phil Schiller einen noch j\u00fcngeren Jony Ive vor, der frisch und voller Enthusiasmus ein zehnmin\u00fctiges Referat zum Thema Apple-Produktdesign h\u00e4lt.<\/p>\n<p><div class=\"responsive-video\"><iframe loading=\"lazy\" width=\"560\" height=\"315\" src=\"https:\/\/www.youtube-nocookie.com\/embed\/ekkSkuY1EcI?start=1830\" frameborder=\"0\" allow=\"accelerometer; autoplay; encrypted-media; gyroscope; picture-in-picture\" allowfullscreen><\/iframe><\/div><\/p>\n","protected":false},"excerpt":{"rendered":"<a href=\"https:\/\/www.ifun.de\/video-rueckblick-phil-schiller-und-jony-ive-vor-22-jahren-140012\/\"><img width=\"150\" height=\"150\" src=\"https:\/\/images.ifun.de\/wp-content\/uploads\/2019\/07\/imac-g3-150x150.jpg\" class=\"alignright tfe wp-post-image\" alt=\"Imac G3\" decoding=\"async\" loading=\"lazy\" \/><\/a><p>Zum Wochenende geben wir euch noch ein 22 Jahre altes Video mit auf den Weg. Der R\u00fcckzug von Jony Ive wird dieser Tage von vielen kritischen Stimmen begleitet. Teilweise sicher zurecht, doch sollten wir dar\u00fcber nicht vergessen werden, dass Apple mit Ive einen der ambitioniertesten Produktdesigner \u00fcberhaupt verliert. Ive zeichnet beispielsweise f\u00fcr den 1998 vorgestellten [&hellip;]<\/p>\n","protected":false},"author":2,"featured_media":140015,"comment_status":"open","ping_status":"closed","sticky":false,"template":"","format":"standard","meta":{"_acf_changed":false,"footnotes":""},"categories":[3],"tags":[],"class_list":["post-140012","post","type-post","status-publish","format-standard","has-post-thumbnail","hentry","category-apple"],"acf":[],"aioseo_notices":[],"subheadline":["Jugendlich-frische WWDC-Keynote"],"featured_image":["https:\/\/images.ifun.de\/wp-content\/uploads\/2017\/12\/apple-jonathan-jony-ive.jpg"],"rest_api_enabler":{"subheadline":"Jugendlich-frische WWDC-Keynote","featured_image":"https:\/\/images.ifun.de\/wp-content\/uploads\/2017\/12\/apple-jonathan-jony-ive.jpg"},"_links":{"self":[{"href":"https:\/\/www.ifun.de\/apiv2\/wp\/v2\/posts\/140012","targetHints":{"allow":["GET"]}}],"collection":[{"href":"https:\/\/www.ifun.de\/apiv2\/wp\/v2\/posts"}],"about":[{"href":"https:\/\/www.ifun.de\/apiv2\/wp\/v2\/types\/post"}],"author":[{"embeddable":true,"href":"https:\/\/www.ifun.de\/apiv2\/wp\/v2\/users\/2"}],"replies":[{"embeddable":true,"href":"https:\/\/www.ifun.de\/apiv2\/wp\/v2\/comments?post=140012"}],"version-history":[{"count":5,"href":"https:\/\/www.ifun.de\/apiv2\/wp\/v2\/posts\/140012\/revisions"}],"predecessor-version":[{"id":140018,"href":"https:\/\/www.ifun.de\/apiv2\/wp\/v2\/posts\/140012\/revisions\/140018"}],"wp:featuredmedia":[{"embeddable":true,"href":"https:\/\/www.ifun.de\/apiv2\/wp\/v2\/media\/140015"}],"wp:attachment":[{"href":"https:\/\/www.ifun.de\/apiv2\/wp\/v2\/media?parent=140012"}],"wp:term":[{"taxonomy":"category","embeddable":true,"href":"https:\/\/www.ifun.de\/apiv2\/wp\/v2\/categories?post=140012"},{"taxonomy":"post_tag","embeddable":true,"href":"https:\/\/www.ifun.de\/apiv2\/wp\/v2\/tags?post=140012"}],"curies":[{"name":"wp","href":"https:\/\/api.w.org\/{rel}","templated":true}]}}