{"id":139897,"date":"2019-07-04T07:08:45","date_gmt":"2019-07-04T05:08:45","guid":{"rendered":"https:\/\/www.ifun.de\/?p=139897"},"modified":"2019-07-04T07:52:17","modified_gmt":"2019-07-04T05:52:17","slug":"macbook-pro-rueckrufprogramm-betroffener-nutzer-zeigt-bilder","status":"publish","type":"post","link":"https:\/\/www.ifun.de\/macbook-pro-rueckrufprogramm-betroffener-nutzer-zeigt-bilder-139897\/","title":{"rendered":"MacBook Pro R\u00fcckrufprogramm: Betroffener Nutzer zeigt Bilder"},"content":{"rendered":"<p>Apple hat vor zwei Wochen ein <a href=\"https:\/\/www.ifun.de\/apple-startet-rueckrufprogramm-fuer-macbook-pro-15-modell-2015-139361\/\">R\u00fcckrufprogramm<\/a> f\u00fcr MacBook-Pro-Modelle aus dem Jahr 2015 gestartet. Grund ist ein m\u00f6glicher Akku-Defekt. Bislang sind weltweit <a href=\"https:\/\/www.ifun.de\/macbook-rueckruf-26-problemberichte-reichten-aus-139662\/\">26 F\u00e4lle<\/a> bekannt, in denen es tats\u00e4chlich zu einer \u00dcberhitzung der Ger\u00e4te kam. Einer der Betroffenen hat einen solchen Vorfall <a href=\"https:\/\/www.facebook.com\/123000661\/posts\/10100116986047051\">auf Facebook<\/a> in Wort und Bild dokumentiert.<\/p>\n<p><a href=\"https:\/\/images.ifun.de\/wp-content\/uploads\/2019\/07\/macbook-pro-akku-brand-3.jpg\"><img loading=\"lazy\" decoding=\"async\" src=\"https:\/\/images.ifun.de\/wp-content\/uploads\/2019\/07\/macbook-pro-akku-brand-3-500x377.jpg\" alt=\"Macbook Pro Akku Brand 3\" width=\"500\" height=\"377\" class=\"alignnone size-medium wp-image-139901\" srcset=\"https:\/\/images.ifun.de\/wp-content\/uploads\/2019\/07\/macbook-pro-akku-brand-3-500x377.jpg 500w, https:\/\/images.ifun.de\/wp-content\/uploads\/2019\/07\/macbook-pro-akku-brand-3-768x579.jpg 768w, https:\/\/images.ifun.de\/wp-content\/uploads\/2019\/07\/macbook-pro-akku-brand-3-700x528.jpg 700w, https:\/\/images.ifun.de\/wp-content\/uploads\/2019\/07\/macbook-pro-akku-brand-3.jpg 1000w\" sizes=\"auto, (max-width: 500px) 100vw, 500px\" \/><\/a><\/p>\n<h6>Bilder: <a href=\"https:\/\/www.facebook.com\/123000661\/posts\/10100116986047051\">Steve Gagne<\/a><\/h6>\n<blockquote>\n<p>Angesichts der Ank\u00fcndigung von Apple, 15-Zoll-MacBook-Pros aus den Jahren 2015 bis 2017 zur\u00fcckzurufen, m\u00f6chte ich erz\u00e4hlen, was passiert ist. Montag Nacht, als wir im Bett waren, ist der Akku in meinem MacBookPro aufgeplatzt und ein kleines Feuer f\u00fcllte mein Haus mit Rauch. Ihr k\u00f6nnt euch vorstellen, wie schnell ich aus dem Bett gesprungen bin. Es war zun\u00e4chst das Ger\u00e4usch, das mich auf Trab brachte; aber dann habe ich einen starken Geruch nach Chemie und Feuer wahrgenommen. Normalerweise bewahre ich mein MacBook entweder auf der Couch oder in einem Korb mit Notizb\u00fcchern, Magazinen usw. auf. Zum Gl\u00fcck habe ich es ausnahmsweise auf meinem Kaffeetisch liegen lassen, und ich bin \u00fcberzeugt, dass dies mein Haus vor dem Abbrennen bewahrt hat. Der Computer hatte den Bildschirm geschlossen, war ausgesteckt und im Ruhemodus.<\/p>\n<\/blockquote>\n<p><a href=\"https:\/\/images.ifun.de\/wp-content\/uploads\/2019\/07\/macbook-pro-akku-brand-2.jpg\"><img loading=\"lazy\" decoding=\"async\" src=\"https:\/\/images.ifun.de\/wp-content\/uploads\/2019\/07\/macbook-pro-akku-brand-2-700x525.jpg\" alt=\"Macbook Pro Akku Brand 2\" width=\"700\" height=\"525\" class=\"alignnone size-large wp-image-139900\" srcset=\"https:\/\/images.ifun.de\/wp-content\/uploads\/2019\/07\/macbook-pro-akku-brand-2-700x525.jpg 700w, https:\/\/images.ifun.de\/wp-content\/uploads\/2019\/07\/macbook-pro-akku-brand-2-500x375.jpg 500w, https:\/\/images.ifun.de\/wp-content\/uploads\/2019\/07\/macbook-pro-akku-brand-2-768x576.jpg 768w, https:\/\/images.ifun.de\/wp-content\/uploads\/2019\/07\/macbook-pro-akku-brand-2.jpg 1440w\" sizes=\"auto, (max-width: 700px) 100vw, 700px\" \/><\/a><\/p>\n<p>Die Geschichte kann durchaus beunruhigen, insbesondere mit Blick auf die Tatsache, dass der Rechner weder in Betrieb war, noch am Netzteil hing. Apple hat die R\u00fcckrufaktion also nicht ohne Grund gestartet und Besitzer der betreffenden Ger\u00e4te sollten unbedingt zeitnah von der kostenlosen Tauschaktion Gebrauch machen. Auch wenn die Zahl der tats\u00e4chlich aufgetretenen Problemf\u00e4lle prozentual verschwindend gering ist, solltet ihr das Risiko eines solchen Vorfalls nicht eingehen.<\/p>\n<p>Ausf\u00fchrliche Informationen zum Austausch findet <a href=\"https:\/\/support.apple.com\/de-de\/15-inch-macbook-pro-battery-recall\" title=\"R\u00fcckrufprogramm f\u00fcr das MacBook Pro\">ihr hier bei Apple<\/a>. Ihr k\u00f6nnt auf dieser Webseite auch anhand der Seriennummer \u00fcberpr\u00fcfen, ob euer MacBook Pro zu den betroffenen Ger\u00e4ten z\u00e4hlt.<\/p>\n<p><h8>Via <a href=\"https:\/\/www.macrumors.com\/2019\/07\/03\/macbook-pro-battery-recall-program-damage\/\">MacRumors<\/a><\/h8><\/p>\n","protected":false},"excerpt":{"rendered":"<a href=\"https:\/\/www.ifun.de\/macbook-pro-rueckrufprogramm-betroffener-nutzer-zeigt-bilder-139897\/\"><img width=\"150\" height=\"150\" src=\"https:\/\/images.ifun.de\/wp-content\/uploads\/2019\/07\/macbook-pro-akku-brand-1-150x150.jpg\" class=\"alignright tfe wp-post-image\" alt=\"Macbook Pro Akku Brand 1\" decoding=\"async\" loading=\"lazy\" \/><\/a><p>Apple hat vor zwei Wochen ein R\u00fcckrufprogramm f\u00fcr MacBook-Pro-Modelle aus dem Jahr 2015 gestartet. Grund ist ein m\u00f6glicher Akku-Defekt. Bislang sind weltweit 26 F\u00e4lle bekannt, in denen es tats\u00e4chlich zu einer \u00dcberhitzung der Ger\u00e4te kam. Einer der Betroffenen hat einen solchen Vorfall auf Facebook in Wort und Bild dokumentiert. Bilder: Steve Gagne Angesichts der Ank\u00fcndigung [&hellip;]<\/p>\n","protected":false},"author":2,"featured_media":139902,"comment_status":"open","ping_status":"closed","sticky":false,"template":"","format":"standard","meta":{"_acf_changed":false,"footnotes":""},"categories":[1],"tags":[4736,224],"class_list":["post-139897","post","type-post","status-publish","format-standard","has-post-thumbnail","hentry","category-news","tag-apple","tag-macbook-pro"],"acf":[],"aioseo_notices":[],"subheadline":["Extreme Hitzeentwicklung"],"featured_image":["https:\/\/images.ifun.de\/wp-content\/uploads\/2019\/07\/macbook-pro-akku-brand-1.jpg"],"rest_api_enabler":{"subheadline":"Extreme Hitzeentwicklung","featured_image":"https:\/\/images.ifun.de\/wp-content\/uploads\/2019\/07\/macbook-pro-akku-brand-1.jpg"},"_links":{"self":[{"href":"https:\/\/www.ifun.de\/apiv2\/wp\/v2\/posts\/139897","targetHints":{"allow":["GET"]}}],"collection":[{"href":"https:\/\/www.ifun.de\/apiv2\/wp\/v2\/posts"}],"about":[{"href":"https:\/\/www.ifun.de\/apiv2\/wp\/v2\/types\/post"}],"author":[{"embeddable":true,"href":"https:\/\/www.ifun.de\/apiv2\/wp\/v2\/users\/2"}],"replies":[{"embeddable":true,"href":"https:\/\/www.ifun.de\/apiv2\/wp\/v2\/comments?post=139897"}],"version-history":[{"count":5,"href":"https:\/\/www.ifun.de\/apiv2\/wp\/v2\/posts\/139897\/revisions"}],"predecessor-version":[{"id":139905,"href":"https:\/\/www.ifun.de\/apiv2\/wp\/v2\/posts\/139897\/revisions\/139905"}],"wp:featuredmedia":[{"embeddable":true,"href":"https:\/\/www.ifun.de\/apiv2\/wp\/v2\/media\/139902"}],"wp:attachment":[{"href":"https:\/\/www.ifun.de\/apiv2\/wp\/v2\/media?parent=139897"}],"wp:term":[{"taxonomy":"category","embeddable":true,"href":"https:\/\/www.ifun.de\/apiv2\/wp\/v2\/categories?post=139897"},{"taxonomy":"post_tag","embeddable":true,"href":"https:\/\/www.ifun.de\/apiv2\/wp\/v2\/tags?post=139897"}],"curies":[{"name":"wp","href":"https:\/\/api.w.org\/{rel}","templated":true}]}}