{"id":139831,"date":"2019-07-02T20:15:16","date_gmt":"2019-07-02T18:15:16","guid":{"rendered":"https:\/\/www.ifun.de\/?p=139831"},"modified":"2019-07-02T20:15:16","modified_gmt":"2019-07-02T18:15:16","slug":"fcc-zulassung-deutet-auf-neues-macbook-pro-13-hin","status":"publish","type":"post","link":"https:\/\/www.ifun.de\/fcc-zulassung-deutet-auf-neues-macbook-pro-13-hin-139831\/","title":{"rendered":"FCC-Zulassung deutet auf neues MacBook Pro 13&#8243; hin"},"content":{"rendered":"<p>Die Hinweise auf die bevorstehende Ank\u00fcndigung neuer MacBooks nehmen weiter zu. Apple hat von der amerikanischen Zulassungsbeh\u00f6rde f\u00fcr Kommunikationsger\u00e4te <a href=\"https:\/\/fccid.io\/BCGA2159\/Label\/Label-and-location-4341403\">FCC<\/a> gr\u00fcnes Licht f\u00fcr ein Notebook mit der Modellnummer A2159 erhalten.<\/p>\n<p>Ein Ger\u00e4t mit dieser Bezeichnung wurde bereits <a href=\"https:\/\/www.ifun.de\/mit-neuer-tastatur-12-macbook-offenbar-vor-ueberarbeitung-139059\/\">vor zwei Wochen<\/a> gemeinsam mit sechs weiteren bislang unbekannten Modellnummern von der f\u00fcr Europa zust\u00e4ndigen Eurasian Economic Commission (EEC) abgenickt. Somit scheint es nur noch eine Frage der Zeit, bis Apple offizielle Worte zu den neuen Produkten verlauten l\u00e4sst.<\/p>\n<p><a href=\"https:\/\/images.ifun.de\/wp-content\/uploads\/2019\/07\/macbook-fcc.jpg\"><img loading=\"lazy\" decoding=\"async\" src=\"https:\/\/images.ifun.de\/wp-content\/uploads\/2019\/07\/macbook-fcc-700x359.jpg\" alt=\"Macbook Fcc\" width=\"700\" height=\"359\" class=\"alignnone size-large wp-image-139833\" srcset=\"https:\/\/images.ifun.de\/wp-content\/uploads\/2019\/07\/macbook-fcc-700x359.jpg 700w, https:\/\/images.ifun.de\/wp-content\/uploads\/2019\/07\/macbook-fcc-500x257.jpg 500w, https:\/\/images.ifun.de\/wp-content\/uploads\/2019\/07\/macbook-fcc-768x394.jpg 768w, https:\/\/images.ifun.de\/wp-content\/uploads\/2019\/07\/macbook-fcc.jpg 1107w\" sizes=\"auto, (max-width: 700px) 100vw, 700px\" \/><\/a><\/p>\n<p>Den der von der FCC ver\u00f6ffentlichten Informationen lassen sich Angaben zum Stromverbrauch und der Leistungsaufnahme des neuen Ger\u00e4ts <a href=\"https:\/\/www.reddit.com\/r\/apple\/comments\/c8c268\/new_macbook_pro_recieves_fcc_authorization_a2159\/eslnc0b\/\">entnehmen<\/a>. Die 61 Watt und das Verh\u00e4ltnis von Schriftgr\u00f6\u00dfe und Bodenplatte auf einer Zeichnung der Unterseite lassen annehmen, dass es sich um ein MacBook Pro mit 13 Zoll Bildschirmgr\u00f6\u00dfe handelt. Ein potenzieller Kandidat w\u00e4re das seit 2017 unver\u00e4nderte kleine MacBook Pro ohne Touch Bar.<\/p>\n<p>Die letzten neuen MacBook-Modelle haben wir <a href=\"https:\/\/www.ifun.de\/apple-aktualisiert-macbook-pro-schnellere-prozessoren-gleiche-tastatur-137944\/\" title=\"Apple aktualisiert MacBook Pro: Schnelle 8-Core-Prozessoren, (fast) gleiche Tastatur\">im Mai<\/a> gesehen. Apple hat hier das <a href=\"https:\/\/apple.sjv.io\/jjaE5\" title=\"MacBook Pro\">MacBook Pro mit Touch Bar<\/a> in den Ausf\u00fchrungen mit 15 und 13 Zoll Bildschirmgr\u00f6\u00dfe mit schnelleren Prozessoren ausgestattet.<\/p>\n","protected":false},"excerpt":{"rendered":"<a href=\"https:\/\/www.ifun.de\/fcc-zulassung-deutet-auf-neues-macbook-pro-13-hin-139831\/\"><img width=\"150\" height=\"150\" src=\"https:\/\/images.ifun.de\/wp-content\/uploads\/2019\/07\/macbook-fcc-150x150.jpg\" class=\"alignright tfe wp-post-image\" alt=\"Macbook Fcc\" decoding=\"async\" loading=\"lazy\" \/><\/a><p>Die Hinweise auf die bevorstehende Ank\u00fcndigung neuer MacBooks nehmen weiter zu. Apple hat von der amerikanischen Zulassungsbeh\u00f6rde f\u00fcr Kommunikationsger\u00e4te FCC gr\u00fcnes Licht f\u00fcr ein Notebook mit der Modellnummer A2159 erhalten. Ein Ger\u00e4t mit dieser Bezeichnung wurde bereits vor zwei Wochen gemeinsam mit sechs weiteren bislang unbekannten Modellnummern von der f\u00fcr Europa zust\u00e4ndigen Eurasian Economic Commission [&hellip;]<\/p>\n","protected":false},"author":2,"featured_media":139833,"comment_status":"open","ping_status":"closed","sticky":false,"template":"","format":"standard","meta":{"_acf_changed":false,"footnotes":""},"categories":[16],"tags":[3428,224],"class_list":["post-139831","post","type-post","status-publish","format-standard","has-post-thumbnail","hentry","category-mac","tag-fcc","tag-macbook-pro"],"acf":[],"aioseo_notices":[],"subheadline":["Update f\u00fcr das Modell ohne Touch Bar?"],"featured_image":["https:\/\/images.ifun.de\/wp-content\/uploads\/2019\/07\/macbook-13-zoll-fcc-zulassung.jpg"],"rest_api_enabler":{"subheadline":"Update f\u00fcr das Modell ohne Touch Bar?","featured_image":"https:\/\/images.ifun.de\/wp-content\/uploads\/2019\/07\/macbook-13-zoll-fcc-zulassung.jpg"},"_links":{"self":[{"href":"https:\/\/www.ifun.de\/apiv2\/wp\/v2\/posts\/139831","targetHints":{"allow":["GET"]}}],"collection":[{"href":"https:\/\/www.ifun.de\/apiv2\/wp\/v2\/posts"}],"about":[{"href":"https:\/\/www.ifun.de\/apiv2\/wp\/v2\/types\/post"}],"author":[{"embeddable":true,"href":"https:\/\/www.ifun.de\/apiv2\/wp\/v2\/users\/2"}],"replies":[{"embeddable":true,"href":"https:\/\/www.ifun.de\/apiv2\/wp\/v2\/comments?post=139831"}],"version-history":[{"count":3,"href":"https:\/\/www.ifun.de\/apiv2\/wp\/v2\/posts\/139831\/revisions"}],"predecessor-version":[{"id":139836,"href":"https:\/\/www.ifun.de\/apiv2\/wp\/v2\/posts\/139831\/revisions\/139836"}],"wp:featuredmedia":[{"embeddable":true,"href":"https:\/\/www.ifun.de\/apiv2\/wp\/v2\/media\/139833"}],"wp:attachment":[{"href":"https:\/\/www.ifun.de\/apiv2\/wp\/v2\/media?parent=139831"}],"wp:term":[{"taxonomy":"category","embeddable":true,"href":"https:\/\/www.ifun.de\/apiv2\/wp\/v2\/categories?post=139831"},{"taxonomy":"post_tag","embeddable":true,"href":"https:\/\/www.ifun.de\/apiv2\/wp\/v2\/tags?post=139831"}],"curies":[{"name":"wp","href":"https:\/\/api.w.org\/{rel}","templated":true}]}}