{"id":139782,"date":"2019-07-02T11:32:40","date_gmt":"2019-07-02T09:32:40","guid":{"rendered":"https:\/\/www.ifun.de\/?p=139782"},"modified":"2019-07-02T11:32:40","modified_gmt":"2019-07-02T09:32:40","slug":"macos-catalina-sidecar-wohl-nur-auf-neueren-macs-verfuegbar","status":"publish","type":"post","link":"https:\/\/www.ifun.de\/macos-catalina-sidecar-wohl-nur-auf-neueren-macs-verfuegbar-139782\/","title":{"rendered":"macOS Catalina: Sidecar wohl nur auf neueren Macs verf\u00fcgbar"},"content":{"rendered":"<p>Seit der Vorstellung von <a href=\"https:\/\/www.apple.com\/de\/macos\/catalina-preview\/\">macOS Catalina<\/a> laufen hier regelm\u00e4\u00dfig Fragen bez\u00fcglich der Systemvoraussetzungen von Sidecar ein. Leider m\u00fcssen wir diesbez\u00fcglich passen. Apple hat hierzu noch keine Details genannt, nach aktuellem Stand der Dinge scheint es allerdings so, dass nicht alle Macs, die mit macOS Catalina kompatibel sind, auch Sidecar unterst\u00fctzen.<\/p>\n<p><a href=\"https:\/\/images.ifun.de\/wp-content\/uploads\/2019\/07\/macos-catalina-sidecar.jpg\"><img loading=\"lazy\" decoding=\"async\" src=\"https:\/\/images.ifun.de\/wp-content\/uploads\/2019\/07\/macos-catalina-sidecar-500x297.jpg\" alt=\"Macos Catalina Sidecar\" width=\"500\" height=\"297\" class=\"alignnone size-medium wp-image-139785\" srcset=\"https:\/\/images.ifun.de\/wp-content\/uploads\/2019\/07\/macos-catalina-sidecar-500x297.jpg 500w, https:\/\/images.ifun.de\/wp-content\/uploads\/2019\/07\/macos-catalina-sidecar-768x455.jpg 768w, https:\/\/images.ifun.de\/wp-content\/uploads\/2019\/07\/macos-catalina-sidecar-700x415.jpg 700w, https:\/\/images.ifun.de\/wp-content\/uploads\/2019\/07\/macos-catalina-sidecar.jpg 1000w\" sizes=\"auto, (max-width: 500px) 100vw, 500px\" \/><\/a><\/p>\n<p>macOS Catalina l\u00e4sst sich auf Apple-Rechnern installieren, die Mitte 2012 oder sp\u00e4ter auf den Markt gekommen sind. Eine Liste der kompatiblen Modelle findet ihr <a href=\"https:\/\/www.ifun.de\/apples-systemvoraussetzungen-fuer-macos-10-15-catalina-138594\/\">hier<\/a>. Um die fl\u00fcssige Video\u00fcbertragung zu einem zus\u00e4tzlichen iPad-Bildschirm zu gew\u00e4hrleisten, scheinen jedoch nicht all diese Ger\u00e4te ausreichend leistungsf\u00e4hig zu sein. Der Entwickler <a href=\"https:\/\/twitter.com\/stroughtonsmith\/status\/1136413491462594560\">Steve Troughton-Smith<\/a> hat mithilfe von Informationen aus Apples Systemdateien die folgende Liste erstellt:<\/p>\n<ul>\n<li>iMac 27\u201c 5K (Ende 2015 oder neuere iMac-Modelle)<\/li>\n<li>Mac mini (2018)<\/li>\n<li>Mac Pro (2019)<\/li>\n<li>MacBook Pro (2016 oder neuer)<\/li>\n<li>MacBook (Anfang 2016 oder neuer)<\/li>\n<li>MacBook Air (2018)<\/li>\n<\/ul>\n<p>Unterm Strich sind dies all jene Mac-Modelle, die mit Intels Skylake-Prozessoren oder neuer ausgestattet sind. Diese Ger\u00e4te sind in der Lage, das Videosignal dank integrierter Hardware-Unterst\u00fctzung f\u00fcr Apples HEVC-Codec schneller zu verarbeiten. Somit scheinen technische Gr\u00fcnde Einfluss auf die Unterst\u00fctzung der Funktion zu haben. Wer dennoch sein Gl\u00fcck auf einem \u00e4lteren Mac probieren will, kann es mit <a href=\"https:\/\/twitter.com\/stroughtonsmith\/status\/1136411143797391363\">diesem Terminal-Hack<\/a> probieren.<\/p>\n<p>Obige Liste ist \u00fcbrigens keinesfalls in Stein gemei\u00dfelt. Wenngleich die Auswahl schl\u00fcssig erscheint, geh\u00f6rt das letzte Wort Apple und den sp\u00e4testens zur offiziellen Freigabe von macOS Catalina ver\u00f6ffentlichten detaillierten Systemvoraussetzungen. <\/p>\n<h2>Sidecar: Zweiter Bildschirm und Zeichentablet<\/h2>\n<p>Sidecar erlaubt es unter macOS Catalina, ein iPad als Zusatzbildschirm f\u00fcr den Mac zu verwenden. Auf diese Weise kann man beispielsweise die Anzeige einer zweiten App auf dem iPad im Auge behalten, w\u00e4hrend man auf dem Hauptbildschirm in einer anderen Anwendung arbeitet oder Werkzeugpaletten auslagern.<\/p>\n<p><a href=\"https:\/\/images.ifun.de\/wp-content\/uploads\/2019\/07\/macos-catalina-sidecar-ipad-als-zeichentablet.jpg\"><img loading=\"lazy\" decoding=\"async\" src=\"https:\/\/images.ifun.de\/wp-content\/uploads\/2019\/07\/macos-catalina-sidecar-ipad-als-zeichentablet-700x394.jpg\" alt=\"Macos Catalina Sidecar Ipad Als Zeichentablet\" width=\"700\" height=\"394\" class=\"alignnone size-large wp-image-139786\" srcset=\"https:\/\/images.ifun.de\/wp-content\/uploads\/2019\/07\/macos-catalina-sidecar-ipad-als-zeichentablet-700x394.jpg 700w, https:\/\/images.ifun.de\/wp-content\/uploads\/2019\/07\/macos-catalina-sidecar-ipad-als-zeichentablet-500x282.jpg 500w, https:\/\/images.ifun.de\/wp-content\/uploads\/2019\/07\/macos-catalina-sidecar-ipad-als-zeichentablet-768x432.jpg 768w, https:\/\/images.ifun.de\/wp-content\/uploads\/2019\/07\/macos-catalina-sidecar-ipad-als-zeichentablet.jpg 1000w\" sizes=\"auto, (max-width: 700px) 100vw, 700px\" \/><\/a><\/p>\n<p>Im Zusammenspiel mit f\u00fcr Sidecar optimierten Apps stehen zudem erweiterte Funktionen bereit. So kann das iPad im Zusammenspiel mit dem Apple Pencil dann auch als Zeichentablett genutzt werden. Bislang wurde zum Beispiel die Unterst\u00fctzung f\u00fcr Adobe Illustrator, Affinity Photo, Cinema 4D, Maya und ZBrush best\u00e4tigt, etliche weitere Apps werden bis zur Freigabe der neuen Betriebssysteme folgen.<img loading=\"lazy\" decoding=\"async\" src=\"https:\/\/vg08.met.vgwort.de\/na\/a5ef29331b4c4d85af093f1133c57e08\" width=\"1\" height=\"1\" class=\"tracking\"><\/p>\n","protected":false},"excerpt":{"rendered":"<a href=\"https:\/\/www.ifun.de\/macos-catalina-sidecar-wohl-nur-auf-neueren-macs-verfuegbar-139782\/\"><img width=\"150\" height=\"150\" src=\"https:\/\/images.ifun.de\/wp-content\/uploads\/2019\/07\/macos-10-15-catalina-sidecar-150x150.jpg\" class=\"alignright tfe wp-post-image\" alt=\"Macos 10 15 Catalina Sidecar\" decoding=\"async\" loading=\"lazy\" \/><\/a><p>Seit der Vorstellung von macOS Catalina laufen hier regelm\u00e4\u00dfig Fragen bez\u00fcglich der Systemvoraussetzungen von Sidecar ein. Leider m\u00fcssen wir diesbez\u00fcglich passen. Apple hat hierzu noch keine Details genannt, nach aktuellem Stand der Dinge scheint es allerdings so, dass nicht alle Macs, die mit macOS Catalina kompatibel sind, auch Sidecar unterst\u00fctzen. macOS Catalina l\u00e4sst sich auf [&hellip;]<\/p>\n","protected":false},"author":2,"featured_media":139787,"comment_status":"open","ping_status":"closed","sticky":false,"template":"","format":"standard","meta":{"_acf_changed":false,"footnotes":""},"categories":[16],"tags":[3095,4538,4545],"class_list":["post-139782","post","type-post","status-publish","format-standard","has-post-thumbnail","hentry","category-mac","tag-macos","tag-macos-10-15-catalina","tag-neu-in-macos-catalina"],"acf":[],"aioseo_notices":[],"subheadline":["iPad als zweiter Bildschirm"],"featured_image":["https:\/\/images.ifun.de\/wp-content\/uploads\/2019\/07\/macos-10-15-catalina-sidecar.jpg"],"rest_api_enabler":{"subheadline":"iPad als zweiter Bildschirm","featured_image":"https:\/\/images.ifun.de\/wp-content\/uploads\/2019\/07\/macos-10-15-catalina-sidecar.jpg"},"_links":{"self":[{"href":"https:\/\/www.ifun.de\/apiv2\/wp\/v2\/posts\/139782","targetHints":{"allow":["GET"]}}],"collection":[{"href":"https:\/\/www.ifun.de\/apiv2\/wp\/v2\/posts"}],"about":[{"href":"https:\/\/www.ifun.de\/apiv2\/wp\/v2\/types\/post"}],"author":[{"embeddable":true,"href":"https:\/\/www.ifun.de\/apiv2\/wp\/v2\/users\/2"}],"replies":[{"embeddable":true,"href":"https:\/\/www.ifun.de\/apiv2\/wp\/v2\/comments?post=139782"}],"version-history":[{"count":4,"href":"https:\/\/www.ifun.de\/apiv2\/wp\/v2\/posts\/139782\/revisions"}],"predecessor-version":[{"id":139789,"href":"https:\/\/www.ifun.de\/apiv2\/wp\/v2\/posts\/139782\/revisions\/139789"}],"wp:featuredmedia":[{"embeddable":true,"href":"https:\/\/www.ifun.de\/apiv2\/wp\/v2\/media\/139787"}],"wp:attachment":[{"href":"https:\/\/www.ifun.de\/apiv2\/wp\/v2\/media?parent=139782"}],"wp:term":[{"taxonomy":"category","embeddable":true,"href":"https:\/\/www.ifun.de\/apiv2\/wp\/v2\/categories?post=139782"},{"taxonomy":"post_tag","embeddable":true,"href":"https:\/\/www.ifun.de\/apiv2\/wp\/v2\/tags?post=139782"}],"curies":[{"name":"wp","href":"https:\/\/api.w.org\/{rel}","templated":true}]}}