{"id":139709,"date":"2019-07-01T06:41:37","date_gmt":"2019-07-01T04:41:37","guid":{"rendered":"https:\/\/www.ifun.de\/?p=139709"},"modified":"2019-07-01T07:08:43","modified_gmt":"2019-07-01T05:08:43","slug":"apple-startet-inoffizielles-reparaturprogramm-fuer-hauptplatine-des-macbook-air-2018","status":"publish","type":"post","link":"https:\/\/www.ifun.de\/apple-startet-inoffizielles-reparaturprogramm-fuer-hauptplatine-des-macbook-air-2018-139709\/","title":{"rendered":"Apple startet inoffizielles Reparaturprogramm f\u00fcr Hauptplatine des MacBook Air 2018"},"content":{"rendered":"<p>Apple hat offenbar ein internes Reparaturprogramm f\u00fcr das im vergangenen Jahr vorgestellte <a href=\"https:\/\/apple.sjv.io\/PvWVj\">MacBook Air<\/a> gestartet. Wie mehrere amerikanische Webseiten berichten, kommt es teilweise zu Problemen mit der Hauptplatine der Ger\u00e4te.<\/p>\n<p><a href=\"https:\/\/images.ifun.de\/wp-content\/uploads\/2019\/05\/apple-reparatur.jpg\"><img loading=\"lazy\" decoding=\"async\" src=\"https:\/\/images.ifun.de\/wp-content\/uploads\/2019\/05\/apple-reparatur-500x260.jpg\" alt=\"Apple Reparatur\" width=\"500\" height=\"260\" class=\"alignnone size-medium wp-image-137961\" \/><\/a><\/p>\n<p>F\u00fcr Apple-Mitarbeiter und zertifizierte Reparaturbetriebe bereitgestellte Unterlagen weisen demnach darauf hin, dass bei einer \u201esehr geringen Zahl von Ger\u00e4ten\u201c ein Austausch der Hauptplatine vorzunehmen sei. Die betroffenen Notebooks seien anhand ihrer Seriennummer identifizierbar und ein entsprechender Hinweis werde den Technikern angezeigt, sobald sie die Seriennummer in das Reparatursystem eingeben. Die Reparatur werde innerhalb von vier Jahren nach Kaufdatum kostenlos vorgenommen.<\/p>\n<p>Leider nennt Apple bislang keine weiteren Details im Zusammenhang mit dem neuen, internen Reparaturprogramm. Fehler im Zusammenhang mit der Hauptplatine k\u00f6nnen sich auf die unterschiedlichste Weise \u00e4u\u00dfern. Es ist zudem auch denkbar, dass der Austausch ohne konkretes Fehlerbild vorbeugend durchgef\u00fchrt wird, weil beispielsweise eine begrenzte Zahl qualitativ minderwertiger Komponenten verbaut wurden.<\/p>\n<p>Apple hat das MacBook Air mit Touch ID und 13 Zoll gro\u00dfem Retina-Bildschirm im Oktober 2018 <a href=\"https:\/\/www.ifun.de\/neues-macbook-air-mit-touch-id-und-retina-display-129125\/\" title=\"Neues MacBook Air: Mit Touch ID und Retina-Display\">vorgestellt<\/a>. Das Ger\u00e4t befindet sich auch schon auf der Liste jener Modelle, die f\u00fcr das <a href=\"https:\/\/www.ifun.de\/apple-erweitert-reparaturprogramm-auf-alle-macbooks-mit-butterfly-tastaturen-137956\/\">Reparaturprogramm f\u00fcr MacBook-Tastaturen<\/a> qualifiziert sind.<\/p>\n<p><h8>Via <a href=\"https:\/\/www.macrumors.com\/2019\/06\/29\/2018-macbook-air-logic-board-issue-free-repairs\/\">MacRumors<\/a><\/h8><\/p>\n","protected":false},"excerpt":{"rendered":"<a href=\"https:\/\/www.ifun.de\/apple-startet-inoffizielles-reparaturprogramm-fuer-hauptplatine-des-macbook-air-2018-139709\/\"><img decoding=\"async\" width=\"150\" src=\"https:\/\/images.ifun.de\/wp-content\/uploads\/2019\/05\/apple-reparatur-500x260.jpg\" class=\"alignright wp-post-image tfe\" alt=\"Apple Reparatur\" title=\"\" \/><\/a><p>Apple hat offenbar ein internes Reparaturprogramm f\u00fcr das im vergangenen Jahr vorgestellte MacBook Air gestartet. Wie mehrere amerikanische Webseiten berichten, kommt es teilweise zu Problemen mit der Hauptplatine der Ger\u00e4te. F\u00fcr Apple-Mitarbeiter und zertifizierte Reparaturbetriebe bereitgestellte Unterlagen weisen demnach darauf hin, dass bei einer \u201esehr geringen Zahl von Ger\u00e4ten\u201c ein Austausch der Hauptplatine vorzunehmen sei. [&hellip;]<\/p>\n","protected":false},"author":2,"featured_media":0,"comment_status":"open","ping_status":"closed","sticky":false,"template":"","format":"standard","meta":{"_acf_changed":false,"footnotes":""},"categories":[16],"tags":[344],"class_list":["post-139709","post","type-post","status-publish","format-standard","hentry","category-mac","tag-macbook-air"],"acf":[],"aioseo_notices":[],"subheadline":["\"Nur sehr wenige Ger\u00e4te betroffen\""],"featured_image":["https:\/\/images.ifun.de\/wp-content\/uploads\/2018\/10\/macbook-air.jpg"],"rest_api_enabler":{"subheadline":"\"Nur sehr wenige Ger\u00e4te betroffen\"","featured_image":"https:\/\/images.ifun.de\/wp-content\/uploads\/2018\/10\/macbook-air.jpg"},"_links":{"self":[{"href":"https:\/\/www.ifun.de\/apiv2\/wp\/v2\/posts\/139709","targetHints":{"allow":["GET"]}}],"collection":[{"href":"https:\/\/www.ifun.de\/apiv2\/wp\/v2\/posts"}],"about":[{"href":"https:\/\/www.ifun.de\/apiv2\/wp\/v2\/types\/post"}],"author":[{"embeddable":true,"href":"https:\/\/www.ifun.de\/apiv2\/wp\/v2\/users\/2"}],"replies":[{"embeddable":true,"href":"https:\/\/www.ifun.de\/apiv2\/wp\/v2\/comments?post=139709"}],"version-history":[{"count":5,"href":"https:\/\/www.ifun.de\/apiv2\/wp\/v2\/posts\/139709\/revisions"}],"predecessor-version":[{"id":139714,"href":"https:\/\/www.ifun.de\/apiv2\/wp\/v2\/posts\/139709\/revisions\/139714"}],"wp:attachment":[{"href":"https:\/\/www.ifun.de\/apiv2\/wp\/v2\/media?parent=139709"}],"wp:term":[{"taxonomy":"category","embeddable":true,"href":"https:\/\/www.ifun.de\/apiv2\/wp\/v2\/categories?post=139709"},{"taxonomy":"post_tag","embeddable":true,"href":"https:\/\/www.ifun.de\/apiv2\/wp\/v2\/tags?post=139709"}],"curies":[{"name":"wp","href":"https:\/\/api.w.org\/{rel}","templated":true}]}}