{"id":139546,"date":"2019-06-26T08:21:03","date_gmt":"2019-06-26T06:21:03","guid":{"rendered":"https:\/\/www.ifun.de\/?p=139546"},"modified":"2019-06-26T08:41:48","modified_gmt":"2019-06-26T06:41:48","slug":"autonomes-fahren-apple-bestaetigt-uebernahme-von-drive-ai","status":"publish","type":"post","link":"https:\/\/www.ifun.de\/autonomes-fahren-apple-bestaetigt-uebernahme-von-drive-ai-139546\/","title":{"rendered":"Autonomes Fahren: Apple best\u00e4tigt \u00dcbernahme von Drive.ai"},"content":{"rendered":"<p>Die Ger\u00fcchte, Apple k\u00f6nnte an einer \u00dcbernahme des auf autonome Fahrzeuge spezialisierten Start-Ups Drive.ai interessiert sein, machten erstmals zu Beginn des Monats <a href=\"https:\/\/www.theinformation.com\/articles\/apple-looks-to-acquire-struggling-self-driving-car-startup-drive-ai\">die Runde<\/a>. <\/p>\n<p><a href=\"https:\/\/images.ifun.de\/wp-content\/uploads\/2019\/06\/drive-apple-maps.gif\"><img decoding=\"async\" src=\"https:\/\/images.ifun.de\/wp-content\/uploads\/2019\/06\/drive-apple-maps.gif\" alt=\"Drive Apple Maps\" width=\"500\" class=\"aligncenter size-full wp-image-139547\" \/><\/a><\/p>\n<p>Nun hat Cupertino die Akquisition des mit 200 Millionen US-Dollar bewerteten Mobilit\u00e4tsanbieters gegen\u00fcber amerikanischen Medienvertretern <a href=\"https:\/\/www.axios.com\/apple-ifun-753da17d-60fe-44f9-84ff-1d2d82cd0b81.html\">best\u00e4tigt<\/a>. <\/p>\n<p>Wie Axios berichtet soll Apple nicht nur an den Drive.ai-Mitarbeiter aus den Bereichen Industrie-Design und Autonomes Fahren interessiert gewesen sein, sondern werde auch die Fahrzeuge und weitere Assets der KI-Spezialisten \u00fcbernehmen. <\/p>\n<p><a href=\"https:\/\/www.drive.ai\/\">Drive.ai<\/a> selbst wird den Betrieb von Shuttle-Bussen einstellen und hat sich bereits von 90 Mitarbeitern getrennt. Offiziellen Angaben zum \u00dcbernahmepreis gibt es nicht. <\/p>\n<p>Trotzt der Ger\u00fcchtelage, \u00fcberrascht Apple mit der \u00dcbernahme. Mit Massenk\u00fcndigungen von Fahrzeug-Ingenieuren erweckte Cupertino <a href=\"https:\/\/www.ifun.de\/das-apple-auto-wird-geparkt-cupertino-bestaetigt-200-kuendigungen-schriftlich-134295\/\">erst im Februar<\/a> den Eindruck, sich bis auf Weiteres von seinen Auto-Ambitionen verabschieden zu wollen. <\/p>\n","protected":false},"excerpt":{"rendered":"<a href=\"https:\/\/www.ifun.de\/autonomes-fahren-apple-bestaetigt-uebernahme-von-drive-ai-139546\/\"><img width=\"150\" height=\"150\" src=\"https:\/\/images.ifun.de\/wp-content\/uploads\/2019\/06\/drive-ai-apple-150x150.jpg\" class=\"alignright tfe wp-post-image\" alt=\"Drive Ai Apple\" decoding=\"async\" loading=\"lazy\" \/><\/a><p>Die Ger\u00fcchte, Apple k\u00f6nnte an einer \u00dcbernahme des auf autonome Fahrzeuge spezialisierten Start-Ups Drive.ai interessiert sein, machten erstmals zu Beginn des Monats die Runde. Nun hat Cupertino die Akquisition des mit 200 Millionen US-Dollar bewerteten Mobilit\u00e4tsanbieters gegen\u00fcber amerikanischen Medienvertretern best\u00e4tigt. Wie Axios berichtet soll Apple nicht nur an den Drive.ai-Mitarbeiter aus den Bereichen Industrie-Design und [&hellip;]<\/p>\n","protected":false},"author":1,"featured_media":139548,"comment_status":"open","ping_status":"closed","sticky":false,"template":"","format":"standard","meta":{"_acf_changed":false,"footnotes":""},"categories":[3],"tags":[4736,78,3910,6322],"class_list":["post-139546","post","type-post","status-publish","format-standard","has-post-thumbnail","hentry","category-apple","tag-apple","tag-auto","tag-geruechte","tag-rumors"],"acf":[],"aioseo_notices":[],"subheadline":["Auto-Ambitionen flammen wieder auf"],"featured_image":["https:\/\/images.ifun.de\/wp-content\/uploads\/2019\/06\/drive-ai-apple.jpg"],"rest_api_enabler":{"subheadline":"Auto-Ambitionen flammen wieder auf","featured_image":"https:\/\/images.ifun.de\/wp-content\/uploads\/2019\/06\/drive-ai-apple.jpg"},"_links":{"self":[{"href":"https:\/\/www.ifun.de\/apiv2\/wp\/v2\/posts\/139546","targetHints":{"allow":["GET"]}}],"collection":[{"href":"https:\/\/www.ifun.de\/apiv2\/wp\/v2\/posts"}],"about":[{"href":"https:\/\/www.ifun.de\/apiv2\/wp\/v2\/types\/post"}],"author":[{"embeddable":true,"href":"https:\/\/www.ifun.de\/apiv2\/wp\/v2\/users\/1"}],"replies":[{"embeddable":true,"href":"https:\/\/www.ifun.de\/apiv2\/wp\/v2\/comments?post=139546"}],"version-history":[{"count":3,"href":"https:\/\/www.ifun.de\/apiv2\/wp\/v2\/posts\/139546\/revisions"}],"predecessor-version":[{"id":139551,"href":"https:\/\/www.ifun.de\/apiv2\/wp\/v2\/posts\/139546\/revisions\/139551"}],"wp:featuredmedia":[{"embeddable":true,"href":"https:\/\/www.ifun.de\/apiv2\/wp\/v2\/media\/139548"}],"wp:attachment":[{"href":"https:\/\/www.ifun.de\/apiv2\/wp\/v2\/media?parent=139546"}],"wp:term":[{"taxonomy":"category","embeddable":true,"href":"https:\/\/www.ifun.de\/apiv2\/wp\/v2\/categories?post=139546"},{"taxonomy":"post_tag","embeddable":true,"href":"https:\/\/www.ifun.de\/apiv2\/wp\/v2\/tags?post=139546"}],"curies":[{"name":"wp","href":"https:\/\/api.w.org\/{rel}","templated":true}]}}