{"id":139449,"date":"2019-06-24T15:34:18","date_gmt":"2019-06-24T13:34:18","guid":{"rendered":"https:\/\/www.ifun.de\/?p=139449"},"modified":"2019-06-24T15:38:24","modified_gmt":"2019-06-24T13:38:24","slug":"schlichte-textur-ios-4-wallpaper-fuer-mac-und-neues-ipad-pro","status":"publish","type":"post","link":"https:\/\/www.ifun.de\/schlichte-textur-ios-4-wallpaper-fuer-mac-und-neues-ipad-pro-139449\/","title":{"rendered":"Schlichte Textur: iOS 4-Wallpaper f\u00fcr Mac und neues iPad Pro"},"content":{"rendered":"<p>Ein kurzer Hinweis an die hier mitlesenden Nostalgiker. Michael Rockwell hat sein <a href=\"https:\/\/initialcharge.net\/2017\/08\/linen-home-screen\/#wallpaper\">Angebot an &#8222;Linen Wallpapers&#8220;<\/a> \u00fcberarbeitet und bietet die mit iOS 4 und Mac OS X Lion erstmals genutzte Hintergrund-Textur nun auch in passenden Gr\u00f6\u00dfen f\u00fcr das iPhone XR, das iPhone XS Max und das 11-Zoll gro\u00dfe iPad Pro an. <\/p>\n<p><a href=\"https:\/\/images.ifun.de\/wp-content\/uploads\/2019\/06\/plain-linen.jpg\"><img loading=\"lazy\" decoding=\"async\" src=\"https:\/\/images.ifun.de\/wp-content\/uploads\/2019\/06\/plain-linen-500x333.jpg\" alt=\"Plain Linen\" width=\"500\" height=\"333\" class=\"aligncenter size-medium wp-image-139450\" srcset=\"https:\/\/images.ifun.de\/wp-content\/uploads\/2019\/06\/plain-linen-500x333.jpg 500w, https:\/\/images.ifun.de\/wp-content\/uploads\/2019\/06\/plain-linen.jpg 768w, https:\/\/images.ifun.de\/wp-content\/uploads\/2019\/06\/plain-linen-700x467.jpg 700w\" sizes=\"auto, (max-width: 500px) 100vw, 500px\" \/><\/a><\/p>\n<p>Mac-Nutzer schnappen sich die 256px \u00d7 256px kleine Grafik und w\u00e4hlen in den &#8222;Systemeinstellungen&#8220; > &#8222;Schreibtisch &#038; Bildschirmschoner&#8220; > &#8222;Schreibtisch&#8220; die Option &#8222;Gekachelt&#8220; um hier nicht von einer stark verzerrten Grafik erschlagen zu werden. <\/p>\n<blockquote><p>The linen texture was first introduced in iOS 4 and eventually found its way to the Mac with OS X Lion. Apple may have overused the texture during its peak and it often appeared in odd locations, but I\u2019ve always been fond of it. And I felt that it was the perfect backdrop for my application icons.<\/p><\/blockquote>\n<p>Alle 11 Grafiken lassen sich an <a href=\"https:\/\/initialcharge.net\/2017\/08\/linen-home-screen\/#wallpaper\">Ende dieses Blogeintrags<\/a> aus dem Netz laden. <\/p>\n","protected":false},"excerpt":{"rendered":"<a href=\"https:\/\/www.ifun.de\/schlichte-textur-ios-4-wallpaper-fuer-mac-und-neues-ipad-pro-139449\/\"><img width=\"150\" height=\"150\" src=\"https:\/\/images.ifun.de\/wp-content\/uploads\/2019\/06\/textur-linen-150x150.jpg\" class=\"alignright tfe wp-post-image\" alt=\"Textur Linen\" decoding=\"async\" loading=\"lazy\" \/><\/a><p>Ein kurzer Hinweis an die hier mitlesenden Nostalgiker. Michael Rockwell hat sein Angebot an &#8222;Linen Wallpapers&#8220; \u00fcberarbeitet und bietet die mit iOS 4 und Mac OS X Lion erstmals genutzte Hintergrund-Textur nun auch in passenden Gr\u00f6\u00dfen f\u00fcr das iPhone XR, das iPhone XS Max und das 11-Zoll gro\u00dfe iPad Pro an. Mac-Nutzer schnappen sich die [&hellip;]<\/p>\n","protected":false},"author":1,"featured_media":139451,"comment_status":"open","ping_status":"closed","sticky":false,"template":"","format":"standard","meta":{"_acf_changed":false,"footnotes":""},"categories":[1],"tags":[250,70,200,1560,1069],"class_list":["post-139449","post","type-post","status-publish","format-standard","has-post-thumbnail","hentry","category-news","tag-design","tag-download","tag-grafik","tag-hintergrund","tag-wallpaper"],"acf":[],"aioseo_notices":[],"featured_image":["https:\/\/images.ifun.de\/wp-content\/uploads\/2019\/06\/textur-linen.jpg"],"subheadline":["Auch als Kachel f\u00fcr den Mac"],"rest_api_enabler":{"featured_image":"https:\/\/images.ifun.de\/wp-content\/uploads\/2019\/06\/textur-linen.jpg","subheadline":"Auch als Kachel f\u00fcr den Mac"},"_links":{"self":[{"href":"https:\/\/www.ifun.de\/apiv2\/wp\/v2\/posts\/139449","targetHints":{"allow":["GET"]}}],"collection":[{"href":"https:\/\/www.ifun.de\/apiv2\/wp\/v2\/posts"}],"about":[{"href":"https:\/\/www.ifun.de\/apiv2\/wp\/v2\/types\/post"}],"author":[{"embeddable":true,"href":"https:\/\/www.ifun.de\/apiv2\/wp\/v2\/users\/1"}],"replies":[{"embeddable":true,"href":"https:\/\/www.ifun.de\/apiv2\/wp\/v2\/comments?post=139449"}],"version-history":[{"count":3,"href":"https:\/\/www.ifun.de\/apiv2\/wp\/v2\/posts\/139449\/revisions"}],"predecessor-version":[{"id":139454,"href":"https:\/\/www.ifun.de\/apiv2\/wp\/v2\/posts\/139449\/revisions\/139454"}],"wp:featuredmedia":[{"embeddable":true,"href":"https:\/\/www.ifun.de\/apiv2\/wp\/v2\/media\/139451"}],"wp:attachment":[{"href":"https:\/\/www.ifun.de\/apiv2\/wp\/v2\/media?parent=139449"}],"wp:term":[{"taxonomy":"category","embeddable":true,"href":"https:\/\/www.ifun.de\/apiv2\/wp\/v2\/categories?post=139449"},{"taxonomy":"post_tag","embeddable":true,"href":"https:\/\/www.ifun.de\/apiv2\/wp\/v2\/tags?post=139449"}],"curies":[{"name":"wp","href":"https:\/\/api.w.org\/{rel}","templated":true}]}}