{"id":139361,"date":"2019-06-20T19:15:43","date_gmt":"2019-06-20T17:15:43","guid":{"rendered":"https:\/\/www.ifun.de\/?p=139361"},"modified":"2019-06-21T07:47:24","modified_gmt":"2019-06-21T05:47:24","slug":"apple-startet-rueckrufprogramm-fuer-macbook-pro-15-modell-2015","status":"publish","type":"post","link":"https:\/\/www.ifun.de\/apple-startet-rueckrufprogramm-fuer-macbook-pro-15-modell-2015-139361\/","title":{"rendered":"Brandgefahr: R\u00fcckrufprogramm f\u00fcr MacBook Pro 15&#8243; (Modell 2015)"},"content":{"rendered":"<p>Apple hat ein <a href=\"https:\/\/support.apple.com\/de-de\/15-inch-macbook-pro-battery-recall\">R\u00fcckrufprogramm f\u00fcr das MacBook Pro<\/a> gestartet. Konkret ist eine Reihe von haupts\u00e4chlich im Zeitraum zwischen September 2015 und Februar 2017 verkaufte Ger\u00e4te betroffen. Aufgrund eines Akku-Defekts sollen diese nicht mehr weiter benutzt werden, der Akku k\u00f6nne \u00fcberhitzen und somit ein Brandrisiko darstellen.<\/p>\n<p><a href=\"https:\/\/images.ifun.de\/wp-content\/uploads\/2019\/06\/macbook-pro-2015-1.jpg\"><img loading=\"lazy\" decoding=\"async\" src=\"https:\/\/images.ifun.de\/wp-content\/uploads\/2019\/06\/macbook-pro-2015-1-500x277.jpg\" alt=\"Macbook Pro 2015\" width=\"500\" height=\"277\" class=\"alignnone size-medium wp-image-139370\" srcset=\"https:\/\/images.ifun.de\/wp-content\/uploads\/2019\/06\/macbook-pro-2015-1-500x277.jpg 500w, https:\/\/images.ifun.de\/wp-content\/uploads\/2019\/06\/macbook-pro-2015-1-768x425.jpg 768w, https:\/\/images.ifun.de\/wp-content\/uploads\/2019\/06\/macbook-pro-2015-1-700x387.jpg 700w, https:\/\/images.ifun.de\/wp-content\/uploads\/2019\/06\/macbook-pro-2015-1.jpg 1000w\" sizes=\"auto, (max-width: 500px) 100vw, 500px\" \/><\/a><\/p>\n<blockquote>\n<p>Apple hat heute einen freiwilligen R\u00fcckruf einer begrenzten Anzahl von 15-Zoll-MacBook Pro Ger\u00e4ten der \u00e4lteren Generation angek\u00fcndigt, die eine Batterie enthalten, die \u00fcberhitzen und ein Sicherheitsrisiko darstellen kann.<\/p>\n<\/blockquote>\n<p>Besitzer eines MacBook Pro (Retina, 15&quot;, Mitte 2015) k\u00f6nnen durch <a href=\"https:\/\/support.apple.com\/de-de\/15-inch-macbook-pro-battery-recall\">Eingabe der Seriennummer<\/a> ermitteln, ob ihr Ger\u00e4t betroffen ist. Sollte dies der Fall sein, so gibt es gleich mal schlechte Nachrichten: Apple gibt an, dass die Servicearbeiten zwei bis drei Wochen Zeit beanspruchen k\u00f6nnen.<\/p>\n<p>Der Akku-Tausch wird ansonsten kostenlos durchgef\u00fchrt und kann entweder \u00fcber einen autorisierten Apple Service Provider oder in einem Apple Store durchgef\u00fchrt werden.<\/p>\n<h2>Aktuelle MacBook-R\u00fcckrufprogramme:<\/h2>\n<ul>\n<li><a href=\"https:\/\/support.apple.com\/de-de\/15-inch-macbook-pro-battery-recall\" title=\"R\u00fcckrufprogramm f\u00fcr die Batterie des MacBook&nbsp;Pro (15&quot;)\">R\u00fcckrufprogramm f\u00fcr die Batterie des MacBook&nbsp;Pro (15&quot;)<\/a><\/li>\n<li><a href=\"https:\/\/www.apple.com\/de\/support\/keyboard-service-program-for-mac-notebooks\/\" title=\"Serviceprogramm f\u00fcr Tastaturen des MacBook, MacBook&nbsp;Air und MacBook&nbsp;Pro\">Serviceprogramm f\u00fcr Tastaturen des MacBook, MacBook&nbsp;Air und MacBook&nbsp;Pro<\/a><\/li>\n<li><a href=\"https:\/\/www.apple.com\/de\/support\/13-inch-macbook-pro-display-backlight-service\/\" title=\"Serviceprogramm f\u00fcr die Display-Hintergrundbeleuchtung des 13&quot;-MacBook&nbsp;Pro\">Serviceprogramm f\u00fcr die Display-Hintergrundbeleuchtung des 13&quot;-MacBook&nbsp;Pro<\/a><\/li>\n<li><a href=\"https:\/\/www.apple.com\/de\/support\/13-inch-macbook-pro-solid-state-drive-service-program\/\" title=\"13&quot;-MacBook&nbsp;Pro (ohne Touch&nbsp;Bar)&nbsp;\u2013 Serviceprogramm f\u00fcr Solid-State-Laufwerk (SSD)\">13&quot;-MacBook&nbsp;Pro (ohne Touch&nbsp;Bar)&nbsp;\u2013 Serviceprogramm f\u00fcr Solid-State-Laufwerk (SSD)<\/a><\/li>\n<li><a href=\"https:\/\/www.apple.com\/de\/support\/13inch-macbookpro-battery-replacement\/\" title=\"Batterieaustauschprogramm f\u00fcr 13&quot;-MacBook&nbsp;Pro (ohne Touch&nbsp;Bar)\">Batterieaustauschprogramm f\u00fcr 13&quot;-MacBook&nbsp;Pro (ohne Touch&nbsp;Bar)<\/a><\/li>\n<\/ul>\n","protected":false},"excerpt":{"rendered":"<a href=\"https:\/\/www.ifun.de\/apple-startet-rueckrufprogramm-fuer-macbook-pro-15-modell-2015-139361\/\"><img width=\"150\" height=\"150\" src=\"https:\/\/images.ifun.de\/wp-content\/uploads\/2019\/06\/macbook-pro-rueckruf-programm-150x150.jpg\" class=\"alignright tfe wp-post-image\" alt=\"Macbook Pro Rueckruf Programm\" decoding=\"async\" loading=\"lazy\" \/><\/a><p>Apple hat ein R\u00fcckrufprogramm f\u00fcr das MacBook Pro gestartet. Konkret ist eine Reihe von haupts\u00e4chlich im Zeitraum zwischen September 2015 und Februar 2017 verkaufte Ger\u00e4te betroffen. Aufgrund eines Akku-Defekts sollen diese nicht mehr weiter benutzt werden, der Akku k\u00f6nne \u00fcberhitzen und somit ein Brandrisiko darstellen. Apple hat heute einen freiwilligen R\u00fcckruf einer begrenzten Anzahl von [&hellip;]<\/p>\n","protected":false},"author":2,"featured_media":139364,"comment_status":"open","ping_status":"closed","sticky":false,"template":"","format":"standard","meta":{"_acf_changed":false,"footnotes":""},"categories":[16,1783],"tags":[6321,224],"class_list":["post-139361","post","type-post","status-publish","format-standard","has-post-thumbnail","hentry","category-mac","category-feature","tag-mac","tag-macbook-pro"],"acf":[],"aioseo_notices":[],"subheadline":["Akku kann \u00fcberhitzen"],"featured_image":["https:\/\/images.ifun.de\/wp-content\/uploads\/2019\/06\/macbook-pro-rueckruf-programm.jpg"],"rest_api_enabler":{"subheadline":"Akku kann \u00fcberhitzen","featured_image":"https:\/\/images.ifun.de\/wp-content\/uploads\/2019\/06\/macbook-pro-rueckruf-programm.jpg"},"_links":{"self":[{"href":"https:\/\/www.ifun.de\/apiv2\/wp\/v2\/posts\/139361","targetHints":{"allow":["GET"]}}],"collection":[{"href":"https:\/\/www.ifun.de\/apiv2\/wp\/v2\/posts"}],"about":[{"href":"https:\/\/www.ifun.de\/apiv2\/wp\/v2\/types\/post"}],"author":[{"embeddable":true,"href":"https:\/\/www.ifun.de\/apiv2\/wp\/v2\/users\/2"}],"replies":[{"embeddable":true,"href":"https:\/\/www.ifun.de\/apiv2\/wp\/v2\/comments?post=139361"}],"version-history":[{"count":7,"href":"https:\/\/www.ifun.de\/apiv2\/wp\/v2\/posts\/139361\/revisions"}],"predecessor-version":[{"id":139371,"href":"https:\/\/www.ifun.de\/apiv2\/wp\/v2\/posts\/139361\/revisions\/139371"}],"wp:featuredmedia":[{"embeddable":true,"href":"https:\/\/www.ifun.de\/apiv2\/wp\/v2\/media\/139364"}],"wp:attachment":[{"href":"https:\/\/www.ifun.de\/apiv2\/wp\/v2\/media?parent=139361"}],"wp:term":[{"taxonomy":"category","embeddable":true,"href":"https:\/\/www.ifun.de\/apiv2\/wp\/v2\/categories?post=139361"},{"taxonomy":"post_tag","embeddable":true,"href":"https:\/\/www.ifun.de\/apiv2\/wp\/v2\/tags?post=139361"}],"curies":[{"name":"wp","href":"https:\/\/api.w.org\/{rel}","templated":true}]}}