{"id":138963,"date":"2019-06-12T16:35:46","date_gmt":"2019-06-12T14:35:46","guid":{"rendered":"https:\/\/www.ifun.de\/?p=138963"},"modified":"2019-06-12T17:40:56","modified_gmt":"2019-06-12T15:40:56","slug":"mac-menueleisten-kalender-itsycal-jetzt-von-apple-beurkundet","status":"publish","type":"post","link":"https:\/\/www.ifun.de\/mac-menueleisten-kalender-itsycal-jetzt-von-apple-beurkundet-138963\/","title":{"rendered":"Mac-Men\u00fcleisten-Kalender Itsycal jetzt von Apple &#8222;beurkundet&#8220;"},"content":{"rendered":"<p><a href=\"https:\/\/www.mowglii.com\/itsycal\/\">Itsycal<\/a> sollte zur Standardausr\u00fcstung eines Apple-Rechners geh\u00f6ren, zumindest, wenn man kein Geld f\u00fcr eine Kalendererweiterung wie <a href=\"https:\/\/apps.apple.com\/de\/app\/fantastical-2\/id975937182?mt=12\">Fantastical<\/a> ausgeben will. Der kleine, kostenlose Download platziert sich als Mini-Kalender in der Men\u00fcleiste eures Mac.<\/p>\n<p><a href=\"https:\/\/images.ifun.de\/wp-content\/uploads\/2019\/06\/itsycal-mac-kalender.jpg\"><img loading=\"lazy\" decoding=\"async\" src=\"https:\/\/images.ifun.de\/wp-content\/uploads\/2019\/06\/itsycal-mac-kalender-500x430.jpg\" alt=\"Itsycal Mac Kalender\" width=\"500\" height=\"430\" class=\"alignnone size-medium wp-image-138966\" srcset=\"https:\/\/images.ifun.de\/wp-content\/uploads\/2019\/06\/itsycal-mac-kalender-500x430.jpg 500w, https:\/\/images.ifun.de\/wp-content\/uploads\/2019\/06\/itsycal-mac-kalender-768x660.jpg 768w, https:\/\/images.ifun.de\/wp-content\/uploads\/2019\/06\/itsycal-mac-kalender-700x602.jpg 700w, https:\/\/images.ifun.de\/wp-content\/uploads\/2019\/06\/itsycal-mac-kalender.jpg 1000w\" sizes=\"auto, (max-width: 500px) 100vw, 500px\" \/><\/a><\/p>\n<p>Itsycal ist ein liebevoll gepflegtes Open-Source-Projekt und wir weisen in diesem Zusammenhang auch immer wieder gerne darauf hin, dass sich der Entwickler \u00fcber jede kleine Spende per <a href=\"https:\/\/paypal.me\/mowgliiapps\" title=\"PayPal\">PayPal<\/a> oder <a href=\"https:\/\/cash.me\/$Mowglii\" title=\"Square\">Square<\/a> freut. Aktuell wurde die App in Version 0.11.15 ver\u00f6ffentlicht. Wichtigste Neuerung ist die Unterst\u00fctzung von Apples <a href=\"https:\/\/www.ifun.de\/app-beurkundung-apple-macht-den-freiwilligen-stempel-zur-pflicht-136186\/\" title=\"App-Beurkundung: Apple macht den freiwilligen Stempel zur Pflicht\">App-Beurkundung<\/a>: Die Anwendung wird zwar nicht \u00fcber den Mac App Store angeboten, wurde aber trotzdem von Apple auf Malware \u00fcberpr\u00fcft und freigegeben.<\/p>\n<p>Itsycal platziert sich nach dem Start als kleine Datumsanzeige in der Men\u00fcleiste und ein Klick darauf klappt eine Kalender\u00fcbersicht auf. Die App kann auch die im Apple-Kalender vorhandenen Termine anzeigen und erlaubt das Erstellen neuer Eintr\u00e4ge per Doppelklick oder mit dem Tastenk\u00fcrzel Befehl-N. Der direkte Wechsel zum Standard-Kalender ist mithilfe der Tastenkombination Befehl-O m\u00f6glich. Eine \u00dcbersicht aller verf\u00fcgbaren Tastaturbefehle findet ihr <a href=\"https:\/\/www.mowglii.com\/itsycal\/\">hier beim Entwickler<\/a>.<\/p>\n<p><a href=\"https:\/\/images.ifun.de\/wp-content\/uploads\/2018\/08\/settings-1.jpg\"><img loading=\"lazy\" decoding=\"async\" src=\"https:\/\/images.ifun.de\/wp-content\/uploads\/2018\/08\/settings-1.jpg\" alt=\"Settings\" width=\"1260\" height=\"882\" class=\"aligncenter size-full wp-image-126367\" srcset=\"https:\/\/images.ifun.de\/wp-content\/uploads\/2018\/08\/settings-1.jpg 1260w, https:\/\/images.ifun.de\/wp-content\/uploads\/2018\/08\/settings-1-300x210.jpg 300w, https:\/\/images.ifun.de\/wp-content\/uploads\/2018\/08\/settings-1-768x538.jpg 768w, https:\/\/images.ifun.de\/wp-content\/uploads\/2018\/08\/settings-1-1024x717.jpg 1024w\" sizes=\"auto, (max-width: 1260px) 100vw, 1260px\" \/><\/a><\/p>\n","protected":false},"excerpt":{"rendered":"<a href=\"https:\/\/www.ifun.de\/mac-menueleisten-kalender-itsycal-jetzt-von-apple-beurkundet-138963\/\"><img width=\"150\" height=\"150\" src=\"https:\/\/images.ifun.de\/wp-content\/uploads\/2019\/06\/itsycal-mac-kalender-150x150.jpg\" class=\"alignright tfe wp-post-image\" alt=\"Itsycal Mac Kalender\" decoding=\"async\" loading=\"lazy\" \/><\/a><p>Itsycal sollte zur Standardausr\u00fcstung eines Apple-Rechners geh\u00f6ren, zumindest, wenn man kein Geld f\u00fcr eine Kalendererweiterung wie Fantastical ausgeben will. Der kleine, kostenlose Download platziert sich als Mini-Kalender in der Men\u00fcleiste eures Mac. Itsycal ist ein liebevoll gepflegtes Open-Source-Projekt und wir weisen in diesem Zusammenhang auch immer wieder gerne darauf hin, dass sich der Entwickler \u00fcber [&hellip;]<\/p>\n","protected":false},"author":2,"featured_media":138966,"comment_status":"open","ping_status":"closed","sticky":false,"template":"","format":"standard","meta":{"_acf_changed":false,"footnotes":""},"categories":[16],"tags":[4555,151,6321],"class_list":["post-138963","post","type-post","status-publish","format-standard","has-post-thumbnail","hentry","category-mac","tag-itsycal","tag-kalender","tag-mac"],"acf":[],"aioseo_notices":[],"subheadline":["Zus\u00e4tzliche Sicherheit"],"featured_image":["https:\/\/images.ifun.de\/wp-content\/uploads\/2017\/10\/itsy-cal.jpg"],"rest_api_enabler":{"subheadline":"Zus\u00e4tzliche Sicherheit","featured_image":"https:\/\/images.ifun.de\/wp-content\/uploads\/2017\/10\/itsy-cal.jpg"},"_links":{"self":[{"href":"https:\/\/www.ifun.de\/apiv2\/wp\/v2\/posts\/138963","targetHints":{"allow":["GET"]}}],"collection":[{"href":"https:\/\/www.ifun.de\/apiv2\/wp\/v2\/posts"}],"about":[{"href":"https:\/\/www.ifun.de\/apiv2\/wp\/v2\/types\/post"}],"author":[{"embeddable":true,"href":"https:\/\/www.ifun.de\/apiv2\/wp\/v2\/users\/2"}],"replies":[{"embeddable":true,"href":"https:\/\/www.ifun.de\/apiv2\/wp\/v2\/comments?post=138963"}],"version-history":[{"count":4,"href":"https:\/\/www.ifun.de\/apiv2\/wp\/v2\/posts\/138963\/revisions"}],"predecessor-version":[{"id":138968,"href":"https:\/\/www.ifun.de\/apiv2\/wp\/v2\/posts\/138963\/revisions\/138968"}],"wp:featuredmedia":[{"embeddable":true,"href":"https:\/\/www.ifun.de\/apiv2\/wp\/v2\/media\/138966"}],"wp:attachment":[{"href":"https:\/\/www.ifun.de\/apiv2\/wp\/v2\/media?parent=138963"}],"wp:term":[{"taxonomy":"category","embeddable":true,"href":"https:\/\/www.ifun.de\/apiv2\/wp\/v2\/categories?post=138963"},{"taxonomy":"post_tag","embeddable":true,"href":"https:\/\/www.ifun.de\/apiv2\/wp\/v2\/tags?post=138963"}],"curies":[{"name":"wp","href":"https:\/\/api.w.org\/{rel}","templated":true}]}}