{"id":138815,"date":"2019-06-09T10:24:56","date_gmt":"2019-06-09T08:24:56","guid":{"rendered":"https:\/\/www.ifun.de\/?p=138815"},"modified":"2019-06-24T21:37:53","modified_gmt":"2019-06-24T19:37:53","slug":"politsatire-in-bester-verfassung-in-der-zdf-mediathek-verfuegbar","status":"publish","type":"post","link":"https:\/\/www.ifun.de\/politsatire-in-bester-verfassung-in-der-zdf-mediathek-verfuegbar-138815\/","title":{"rendered":"Serien-Tipp: Politsatire \u201eIn bester Verfassung\u201c in der ZDF Mediathek"},"content":{"rendered":"<p>Wer f\u00fcr das lange Pfingstwochenende noch nach ein wenig Zerstreuung sucht, dem m\u00f6chten wir die Politsatire <a href=\"https:\/\/www.zdf.de\/serien\/in-bester-verfassung\/in-bester-verfassung-104.html\">In bester Verfassung<\/a> ans Herz legen. Die Idee der polit- und sozialkritischen Serie stammt aus der Federn von Joseph Bolz, der unter anderem auf Youtube unter dem Namen \u201e<a href=\"https:\/\/www.youtube.com\/dechangeman\">DeChangeman<\/a>\u201c bekannst ist, sowie Fabian Siegismund, der unter anderem den Youtube Kanal <a href=\"https:\/\/www.youtube.com\/user\/battlebrosteam\/\">Battle Bros<\/a> betreibt.<\/p>\n<p><img loading=\"lazy\" decoding=\"async\" src=\"https:\/\/images.ifun.de\/wp-content\/uploads\/2019\/06\/in-bester-verfassung-b\u00fcrgermeister500.jpg\" alt=\"In Bester Verfassung B\u00fcrgermeister500\" width=\"500\" height=\"281\" class=\"aligncenter size-full wp-image-138834\" \/><\/p>\n<p>Zwar handelt es sich bei \u201eIn bester Verfassung\u201c um eine Produktion f\u00fcr das ZDF, diese wurde allerdings als Webserie mit 8 kurzen Folgen konzipiert. Und ist damit ein weiterer Versuch des Senders ein St\u00fcck weit \u00fcber den eigenen Tellerrand hinauszublicken. Dank geschickt gew\u00e4hlter Schnitte l\u00e4sst sich die Serie jedoch auch ausgezeichnet an einem St\u00fcck anschauen.<\/p>\n<p>Zentraler Ort der Handlung ist das beschauliche Nest Niederl\u00fctzel im Bergischen Land in Nordrhein-Westfalen. Dort wurde vor 40 Jahren eine winzige Dienststelle des Verfassungsschutzes gegr\u00fcndet, um die Aktivit\u00e4ten der Rottland-Gruppe zu beenden. Da es f\u00fcr die Au\u00dfenstelle jedoch seit nunmehr 35 Jahren nichts mehr zu tun gibt, wurde Referatsleiter Matthias Frings (Fabian Siegismund) entsendet um den dortigen Beamten Mechthild Dombrowski (Gudrun Landgrebe) und Paul H\u00f6rner (Uke Bosse) mitzuteilen, dass sie nach Rostock versetzt werden sollen. In ihrer Verzweiflung planen die beiden Beamten ihren Standort zu retten, indem sie selbst einen fingierten islamistischen Anschlag begehen, der selbstredend schief l\u00e4uft.<\/p>\n<p><img loading=\"lazy\" decoding=\"async\" src=\"https:\/\/images.ifun.de\/wp-content\/uploads\/2019\/06\/rezo-in-bester-verfassung1.jpg\" alt=\"Rezo In Bester Verfassung1\" width=\"700\" height=\"439\" class=\"aligncenter size-full wp-image-138831\" srcset=\"https:\/\/images.ifun.de\/wp-content\/uploads\/2019\/06\/rezo-in-bester-verfassung1.jpg 700w, https:\/\/images.ifun.de\/wp-content\/uploads\/2019\/06\/rezo-in-bester-verfassung1-500x314.jpg 500w\" sizes=\"auto, (max-width: 700px) 100vw, 700px\" \/><\/p>\n<h6>Auch Youtuber Rezo hatte bei den Dreharbeiten letztes Jahr eine kleine Gastrolle<\/h6>\n<p>Kritikern mag aufsto\u00dfen, dass \u201eIn bester Verfassung\u201c jedes sich bietende Klischee aufgreift und der Witz einen h\u00f6heren Stellenwert inne h\u00e4lt als die Dramaturgie. Andererseits handelt es sich um eine schnell geschnittene Serie mit 8 Folgen zu jeweils 8 Minuten, die vor allen Dingen ein j\u00fcngeres Publikum ansprechen soll. Da bleibt wenig Zeit f\u00fcr langwierige Dramatik. Erschwerend kommt hinzu, dass der \u201etypische\u201c ZDF Fernsehkritiker offenbar auch heute noch Schwierigkeiten damit hat zu verstehen, wieso zum Beispiel die Persiflage stereotyper jugendlicher Prank-Youtuber f\u00fcr so viel Erheiterung in der Zielgruppe sorgt.<\/p>\n<p>Fern jeder Kritik bleiben die Leistungen der Darsteller. Allen voran nat\u00fcrlich die ausgezeichnete Arbeit der Schauspielerin Gudrun Landgrebe als gleicherma\u00dfen verbitterte und zynische Staatsbeamtin. Aber ebenso auch die Leistung von Fabian Siegismund, der ganz ohne schauspielerische Ausbildung seine Rolle als Referatsleiter Frings &#8211; wenn auch hier und dort gezielt satirisch \u00fcberspitzt &#8211; so \u00fcberzeugend spielt als w\u00e4re er auch abseits der Kamera f\u00fcr das Bundesamt f\u00fcr Verfassungsschutz t\u00e4tig.<\/p>\n<p>\u201eIn bester Verfassung\u201c beweist, dass auch Webvideo Autoren in der Lage sind trotz schmalem Budget gesellschaftskritisches Fernsehen zu schaffen. Auch wenn der Spagat zwischen junger Zielgruppe und klassischem Fernsehzuschauer nicht immer leicht f\u00e4llt. Und noch weniger beide Seiten gleicher Ma\u00dfen zufrieden zu stellen sind.<\/p>\n<p><div class=\"responsive-video\"><iframe loading=\"lazy\" width=\"700\" height=\"371\" src=\"https:\/\/www.youtube-nocookie.com\/embed\/phIW5tSx4SI\" frameborder=\"0\" allowfullscreen><\/iframe><\/div><\/p>\n<p><em>In bester Verfassung  ist in der ZDF Mediathek sowohl in den <a href=\"https:\/\/www.zdf.de\/serien\/in-bester-verfassung\/in-bester-verfassung-108.html\">8 Einzelfolgen<\/a>, sowie als <a href=\"https:\/\/www.zdf.de\/serien\/in-bester-verfassung\/in-bester-verfassung-104.html\">Zusammenschnitt<\/a> und auf <a href=\"https:\/\/www.youtube.com\/watch?v=phIW5tSx4SI&#038;list=PLD6fiKkLW6F_TB4QC6mP5ZgLFZ0lV24BO\">Youtube<\/a> verf\u00fcgbar. Dar\u00fcber hinaus wird der Zusammenschnitt am 17.06. um 23:55 Uhr auf dem ZDF Hauptkanal ausgestrahlt.<\/em><\/p>\n<p><strong>Anmerkung:<\/strong> Ich hatte behauptet Fabian sei lediglich Co-Autor der Serie. Dies ist so nicht korrekt, da er und Joseph das Script gleichberechtigt geschrieben haben. Der erste Abschnitt wurde diesbez\u00fcglich korrigiert und ich bitte darum mir diesen Faux-pas zu verzeihen.<\/p>\n","protected":false},"excerpt":{"rendered":"<a href=\"https:\/\/www.ifun.de\/politsatire-in-bester-verfassung-in-der-zdf-mediathek-verfuegbar-138815\/\"><img width=\"150\" height=\"150\" src=\"https:\/\/images.ifun.de\/wp-content\/uploads\/2019\/06\/in-bester-verfassung-header2-150x150.jpg\" class=\"alignright tfe wp-post-image\" alt=\"In Bester Verfassung Header2\" decoding=\"async\" loading=\"lazy\" \/><\/a><p>Wer f\u00fcr das lange Pfingstwochenende noch nach ein wenig Zerstreuung sucht, dem m\u00f6chten wir die Politsatire In bester Verfassung ans Herz legen. Die Idee der polit- und sozialkritischen Serie stammt aus der Federn von Joseph Bolz, der unter anderem auf Youtube unter dem Namen \u201eDeChangeman\u201c bekannst ist, sowie Fabian Siegismund, der unter anderem den Youtube [&hellip;]<\/p>\n","protected":false},"author":5,"featured_media":138833,"comment_status":"open","ping_status":"closed","sticky":false,"template":"","format":"standard","meta":{"_acf_changed":false,"footnotes":""},"categories":[20],"tags":[4147],"class_list":["post-138815","post","type-post","status-publish","format-standard","has-post-thumbnail","hentry","category-videos","tag-zdfmediathek"],"acf":[],"aioseo_notices":[],"featured_image":["https:\/\/images.ifun.de\/wp-content\/uploads\/2019\/06\/in-bester-verfassung-header2.jpg"],"subheadline":["Webvideo und lineares Fernsehen vereinen sich"],"rest_api_enabler":{"featured_image":"https:\/\/images.ifun.de\/wp-content\/uploads\/2019\/06\/in-bester-verfassung-header2.jpg","subheadline":"Webvideo und lineares Fernsehen vereinen sich"},"_links":{"self":[{"href":"https:\/\/www.ifun.de\/apiv2\/wp\/v2\/posts\/138815","targetHints":{"allow":["GET"]}}],"collection":[{"href":"https:\/\/www.ifun.de\/apiv2\/wp\/v2\/posts"}],"about":[{"href":"https:\/\/www.ifun.de\/apiv2\/wp\/v2\/types\/post"}],"author":[{"embeddable":true,"href":"https:\/\/www.ifun.de\/apiv2\/wp\/v2\/users\/5"}],"replies":[{"embeddable":true,"href":"https:\/\/www.ifun.de\/apiv2\/wp\/v2\/comments?post=138815"}],"version-history":[{"count":26,"href":"https:\/\/www.ifun.de\/apiv2\/wp\/v2\/posts\/138815\/revisions"}],"predecessor-version":[{"id":139477,"href":"https:\/\/www.ifun.de\/apiv2\/wp\/v2\/posts\/138815\/revisions\/139477"}],"wp:featuredmedia":[{"embeddable":true,"href":"https:\/\/www.ifun.de\/apiv2\/wp\/v2\/media\/138833"}],"wp:attachment":[{"href":"https:\/\/www.ifun.de\/apiv2\/wp\/v2\/media?parent=138815"}],"wp:term":[{"taxonomy":"category","embeddable":true,"href":"https:\/\/www.ifun.de\/apiv2\/wp\/v2\/categories?post=138815"},{"taxonomy":"post_tag","embeddable":true,"href":"https:\/\/www.ifun.de\/apiv2\/wp\/v2\/tags?post=138815"}],"curies":[{"name":"wp","href":"https:\/\/api.w.org\/{rel}","templated":true}]}}