{"id":138668,"date":"2019-06-05T15:05:35","date_gmt":"2019-06-05T13:05:35","guid":{"rendered":"https:\/\/www.ifun.de\/?p=138668"},"modified":"2019-06-05T15:50:15","modified_gmt":"2019-06-05T13:50:15","slug":"neu-in-macos-catalina-ein-hauch-von-fenster-management","status":"publish","type":"post","link":"https:\/\/www.ifun.de\/neu-in-macos-catalina-ein-hauch-von-fenster-management-138668\/","title":{"rendered":"Neu in macOS Catalina: Ein Hauch von Fenster-Management"},"content":{"rendered":"<p>Die Tatsache, dass in Sachen Fenstermanager auf dem Mac inzwischen ausschlie\u00dflich der Geschmack entscheidet ist bezeichnend. Das Angebot an Helfern zur perfekten Fenster-Ausrichtung ist mittlerweile so gro\u00df, dass man die meisten Anwender wohl nicht mehr fragen muss, ob diese einen Fenster-Management einsetzen, sondern welchen. <\/p>\n<p>Ein Trend, der nun auch bei Apple angekommen ist. So wird macOS Catalina erstmals einen abgespeckten Mini-Manager in die regul\u00e4ren Ampel-Tasten der ge\u00f6ffneten Programmfenster integrieren. <\/p>\n<p>Anwender haben hier dann die M\u00f6glichkeit, das aktive Fenster bildschirmf\u00fcllend, auf der linken und auf der rechten Bildschirmh\u00e4lfte anzuordnen.  ifun.de-Leser Florian, der uns den eingebetteten Screenshot hat zukommen lassen merkt an: <\/p>\n<blockquote><p>Keine Ahnung ob ihr auch bereits drauf gesto\u00dfen seit aber ich habe etwas besonders cooles mehr oder weniger durch Zufall entdeckt. Wenn man bei Programmfenstern \u00fcber den maximieren Button (gr\u00fcner Punkt) verweilt wird einem vorgeschlagen ob man das Fenster im Vollbild oder an einer Seite angedockt platzieren m\u00f6chte. Dass ist besonders praktisch und funktioniert hervorragend.<\/p><\/blockquote>\n<p><a href=\"https:\/\/images.ifun.de\/wp-content\/uploads\/2019\/06\/catalina-fenster.jpg\"><img loading=\"lazy\" decoding=\"async\" src=\"https:\/\/images.ifun.de\/wp-content\/uploads\/2019\/06\/catalina-fenster.jpg\" alt=\"Catalina Fenster\" width=\"1021\" height=\"708\" class=\"aligncenter size-full wp-image-138670\" srcset=\"https:\/\/images.ifun.de\/wp-content\/uploads\/2019\/06\/catalina-fenster.jpg 1021w, https:\/\/images.ifun.de\/wp-content\/uploads\/2019\/06\/catalina-fenster-500x347.jpg 500w, https:\/\/images.ifun.de\/wp-content\/uploads\/2019\/06\/catalina-fenster-768x533.jpg 768w, https:\/\/images.ifun.de\/wp-content\/uploads\/2019\/06\/catalina-fenster-700x485.jpg 700w\" sizes=\"auto, (max-width: 1021px) 100vw, 1021px\" \/><\/a><\/p>\n<h2>Eine L\u00f6sung von vielen<\/h2>\n<p>Neben <a href=\"https:\/\/www.ifun.de\/?p=126086\">Penc<\/a>, dem ifun.de-Geheimtipp <a href=\"https:\/\/www.ifun.de\/?p=119149\">Veeer<\/a> und dem Frickler-Download <a href=\"https:\/\/www.ifun.de\/?p=120906\">Phoenix<\/a> bieten sich die folgenden Kategorie-Konkurrenten an, die ihr bis zu Start von macOS Catalina ausprobieren k\u00f6nnt: <a href=\"https:\/\/www.ifun.de\/keypad-layout-mac-fenstermanager-fuer-den-ziffernblock-121212\/\">Keypad Layout<\/a>, <a href=\"https:\/\/www.ifun.de\/amethyst-quelloffener-fenster-manager-fuer-den-mac-70908\/\">Amethyst<\/a>, <a href=\"http:\/\/www.ifun.de\/sizeup-vielseitiger-fenster-manager-fur-den-mac-31876\/\">SizeUp<\/a>, <a href=\"https:\/\/itunes.apple.com\/de\/app\/moom\/id419330170?mt=12&amp;uo=4&amp;at=10ltcU\">Moom<\/a>, <a href=\"http:\/\/blog.boastr.net\/bettersnaptool\/\">BetterSnap<\/a>, <a href=\"https:\/\/github.com\/fikovnik\/ShiftIt\">ShiftIt<\/a>, <a href=\"https:\/\/itunes.apple.com\/de\/app\/hyperdock\/id449830122?mt=12\">Hyperdock<\/a>, <a href=\"https:\/\/itunes.apple.com\/de\/app\/cinch\/id412529613?mt=12&amp;uo=4&amp;at=10ltcU\">Cinch<\/a>, <a href=\"https:\/\/itunes.apple.com\/de\/app\/window-tidy\/id456609775?mt=12&amp;uo=4&amp;at=10ltcU\">WindowTidy<\/a>, <a href=\"http:\/\/www.ifun.de\/flexiglass-53438\/\">FlexiGlass<\/a>, <a href=\"http:\/\/www.ifun.de\/spectacle-mac-fenster-per-tastenkuerzel-verschieben-und-veraendern-62575\/\">Spectacle<\/a>, <a href=\"https:\/\/www.ifun.de\/window-collage-kostenloser-macos-fenstermanager-114626\/\">Window Collage<\/a>, <a href=\"https:\/\/www.ifun.de\/?p=103358\">Magnet<\/a>, <a href=\"https:\/\/itunes.apple.com\/de\/app\/divvy-window-manager\/id413857545?mt=12&amp;uo=4&amp;at=10ltcU\">Divvy<\/a> und <a href=\"http:\/\/www.ifun.de\/kostenloses-mac-tool-fenster-ausrichten-mit-doublepane-13745\/\">Doublepane<\/a>.<\/p>\n","protected":false},"excerpt":{"rendered":"<a href=\"https:\/\/www.ifun.de\/neu-in-macos-catalina-ein-hauch-von-fenster-management-138668\/\"><img width=\"150\" height=\"150\" src=\"https:\/\/images.ifun.de\/wp-content\/uploads\/2019\/06\/catalina-fenster-150x150.jpg\" class=\"alignright tfe wp-post-image\" alt=\"Catalina Fenster\" decoding=\"async\" loading=\"lazy\" \/><\/a><p>Die Tatsache, dass in Sachen Fenstermanager auf dem Mac inzwischen ausschlie\u00dflich der Geschmack entscheidet ist bezeichnend. Das Angebot an Helfern zur perfekten Fenster-Ausrichtung ist mittlerweile so gro\u00df, dass man die meisten Anwender wohl nicht mehr fragen muss, ob diese einen Fenster-Management einsetzen, sondern welchen. Ein Trend, der nun auch bei Apple angekommen ist. So wird [&hellip;]<\/p>\n","protected":false},"author":1,"featured_media":138670,"comment_status":"open","ping_status":"closed","sticky":false,"template":"","format":"standard","meta":{"_acf_changed":false,"footnotes":""},"categories":[16],"tags":[4256,3095,4545],"class_list":["post-138668","post","type-post","status-publish","format-standard","has-post-thumbnail","hentry","category-mac","tag-fenster-manager","tag-macos","tag-neu-in-macos-catalina"],"acf":[],"aioseo_notices":[],"featured_image":["https:\/\/images.ifun.de\/wp-content\/uploads\/2019\/06\/vollbild-catalina.jpg"],"subheadline":["In den Ampel-Tasten"],"rest_api_enabler":{"featured_image":"https:\/\/images.ifun.de\/wp-content\/uploads\/2019\/06\/vollbild-catalina.jpg","subheadline":"In den Ampel-Tasten"},"_links":{"self":[{"href":"https:\/\/www.ifun.de\/apiv2\/wp\/v2\/posts\/138668","targetHints":{"allow":["GET"]}}],"collection":[{"href":"https:\/\/www.ifun.de\/apiv2\/wp\/v2\/posts"}],"about":[{"href":"https:\/\/www.ifun.de\/apiv2\/wp\/v2\/types\/post"}],"author":[{"embeddable":true,"href":"https:\/\/www.ifun.de\/apiv2\/wp\/v2\/users\/1"}],"replies":[{"embeddable":true,"href":"https:\/\/www.ifun.de\/apiv2\/wp\/v2\/comments?post=138668"}],"version-history":[{"count":2,"href":"https:\/\/www.ifun.de\/apiv2\/wp\/v2\/posts\/138668\/revisions"}],"predecessor-version":[{"id":146150,"href":"https:\/\/www.ifun.de\/apiv2\/wp\/v2\/posts\/138668\/revisions\/146150"}],"wp:featuredmedia":[{"embeddable":true,"href":"https:\/\/www.ifun.de\/apiv2\/wp\/v2\/media\/138670"}],"wp:attachment":[{"href":"https:\/\/www.ifun.de\/apiv2\/wp\/v2\/media?parent=138668"}],"wp:term":[{"taxonomy":"category","embeddable":true,"href":"https:\/\/www.ifun.de\/apiv2\/wp\/v2\/categories?post=138668"},{"taxonomy":"post_tag","embeddable":true,"href":"https:\/\/www.ifun.de\/apiv2\/wp\/v2\/tags?post=138668"}],"curies":[{"name":"wp","href":"https:\/\/api.w.org\/{rel}","templated":true}]}}