{"id":138662,"date":"2019-06-05T13:49:35","date_gmt":"2019-06-05T11:49:35","guid":{"rendered":"https:\/\/www.ifun.de\/?p=138662"},"modified":"2019-06-06T14:31:15","modified_gmt":"2019-06-06T12:31:15","slug":"siri-alexa-und-co-innenminister-wollen-zugriff","status":"publish","type":"post","link":"https:\/\/www.ifun.de\/siri-alexa-und-co-innenminister-wollen-zugriff-138662\/","title":{"rendered":"Siri, Alexa und Co.: Innenminister wollen Zugriff"},"content":{"rendered":"<p>Eigentlich haben wir bis zur <a href=\"https:\/\/www.innenministerkonferenz.de\/IMK\/DE\/termine\/to-beschluesse\/20190612_14.html\">n\u00e4chsten Innenministerkonferenz<\/a> noch eine gute Woche Zeit, die ersten Beschlussvorlagen haben jedoch schon ihren Weg in die \u00d6ffentlichkeit angetreten und verhei\u00dfen nichts gutes. <\/p>\n<p><a href=\"https:\/\/images.ifun.de\/wp-content\/uploads\/2019\/06\/siri-kinder-abholen.png\"><img loading=\"lazy\" decoding=\"async\" src=\"https:\/\/images.ifun.de\/wp-content\/uploads\/2019\/06\/siri-kinder-abholen-500x388.png\" alt=\"Siri Kinder Abholen\" width=\"500\" height=\"388\" class=\"aligncenter size-medium wp-image-138664\" srcset=\"https:\/\/images.ifun.de\/wp-content\/uploads\/2019\/06\/siri-kinder-abholen-500x388.png 500w, https:\/\/images.ifun.de\/wp-content\/uploads\/2019\/06\/siri-kinder-abholen.png 596w\" sizes=\"auto, (max-width: 500px) 100vw, 500px\" \/><\/a><\/p>\n<p>Wie das Redaktionsnetzwerk <a href=\"https:\/\/www.rnd-news.de\/\">RedaktionsNetzwerk Deutschland<\/a> berichtet melden erste Innenminister Interesse am Zugriff auf sogenannten &#8222;digitale Spuren&#8220; an. Gemeint sind damit unter andere, die (Sprach-)Inhalte, die Nutzer beim Einsatz von Siri, Alexa und Co. hinterlassen. Zur 210. Sit\u00adzung der In\u00adnen\u00admi\u00adnis\u00adter\u00adkon\u00adfe\u00adrenz soll der Vertreter Schleswig-Holsteins nun vorhaben, den Zugriff auf entsprechende Daten zu erleichtern. <\/p>\n<p>So <a href=\"https:\/\/www.spiegel.de\/netzwelt\/netzpolitik\/innenminister-wollen-offenbar-daten-von-alexa-siri-und-co-auswerten-a-1270870.html\">berichtet der SPIEGEL<\/a> unter Berufung auf die Recherche-Ergebnisse:<\/p>\n<blockquote><p>[&#8230;] Nach der Beschlussvorlage des schleswig-holsteinischen Innenministers und IMK-Vorsitzenden Hans-Joachim Grote (CDU) sollten digitale Spuren k\u00fcnftig gesichtet und ausgewertet werden d\u00fcrfen, hei\u00dft es in dem Medienbericht. Die Innenstaatssekret\u00e4re von Union und SPD haben sich demnach in der vergangenen Woche auf einer Vorkonferenz in Berlin darauf verst\u00e4ndigt, den Antrag Schleswig-Holsteins unterst\u00fctzen zu wollen.<\/p><\/blockquote>\n<p>W\u00e4hrend Amazon die Alexa-Anfragen an pers\u00f6nlich identifizierbare Konten bindet, sichert Apple eure Siri-Kommandos ausschlie\u00dflich anonym. <\/p>\n<p>Cupertino erkl\u00e4rt dazu im <a href=\"https:\/\/www.apple.com\/de\/privacy\/approach-to-privacy\/\">neuen Datenschutz-Bereich<\/a>: <\/p>\n<blockquote><p>Siri und die Diktierfunktion verkn\u00fcpfen diese Daten aber nicht mit deiner Apple ID, sondern \u00fcber eine zuf\u00e4llig generierte Kennung mit deinem Ger\u00e4t. Die Apple Watch verwendet die Siri Kennung deines iPhone. Du kannst diese Kennung jederzeit zur\u00fccksetzen, indem du Siri und die Diktierfunktion deaktivierst und wieder aktivierst und damit praktisch deine Beziehung zu Siri und zur Diktierfunktion neu beginnst. Wenn du Siri und die Diktierfunktion deaktivierst, l\u00f6scht Apple die mit deiner Siri Kennung verkn\u00fcpften Daten und der Lernprozess f\u00e4ngt neu an.<\/p><\/blockquote>\n","protected":false},"excerpt":{"rendered":"<a href=\"https:\/\/www.ifun.de\/siri-alexa-und-co-innenminister-wollen-zugriff-138662\/\"><img width=\"150\" height=\"150\" src=\"https:\/\/images.ifun.de\/wp-content\/uploads\/2019\/06\/siri-kinder-abholen-150x150.png\" class=\"alignright tfe wp-post-image\" alt=\"Siri Kinder Abholen\" decoding=\"async\" loading=\"lazy\" \/><\/a><p>Eigentlich haben wir bis zur n\u00e4chsten Innenministerkonferenz noch eine gute Woche Zeit, die ersten Beschlussvorlagen haben jedoch schon ihren Weg in die \u00d6ffentlichkeit angetreten und verhei\u00dfen nichts gutes. Wie das Redaktionsnetzwerk RedaktionsNetzwerk Deutschland berichtet melden erste Innenminister Interesse am Zugriff auf sogenannten &#8222;digitale Spuren&#8220; an. Gemeint sind damit unter andere, die (Sprach-)Inhalte, die Nutzer beim [&hellip;]<\/p>\n","protected":false},"author":1,"featured_media":138664,"comment_status":"open","ping_status":"closed","sticky":false,"template":"","format":"standard","meta":{"_acf_changed":false,"footnotes":""},"categories":[5],"tags":[990,88,92],"class_list":["post-138662","post","type-post","status-publish","format-standard","has-post-thumbnail","hentry","category-apps","tag-datenschutz","tag-security","tag-sicherheit"],"acf":[],"aioseo_notices":[],"featured_image":["https:\/\/images.ifun.de\/wp-content\/uploads\/2019\/06\/digitale-spuren.kamera-unsplash.jpg"],"subheadline":["\"Digitale Spuren\" wecken Begehrlichkeiten"],"rest_api_enabler":{"featured_image":"https:\/\/images.ifun.de\/wp-content\/uploads\/2019\/06\/digitale-spuren.kamera-unsplash.jpg","subheadline":"\"Digitale Spuren\" wecken Begehrlichkeiten"},"_links":{"self":[{"href":"https:\/\/www.ifun.de\/apiv2\/wp\/v2\/posts\/138662","targetHints":{"allow":["GET"]}}],"collection":[{"href":"https:\/\/www.ifun.de\/apiv2\/wp\/v2\/posts"}],"about":[{"href":"https:\/\/www.ifun.de\/apiv2\/wp\/v2\/types\/post"}],"author":[{"embeddable":true,"href":"https:\/\/www.ifun.de\/apiv2\/wp\/v2\/users\/1"}],"replies":[{"embeddable":true,"href":"https:\/\/www.ifun.de\/apiv2\/wp\/v2\/comments?post=138662"}],"version-history":[{"count":2,"href":"https:\/\/www.ifun.de\/apiv2\/wp\/v2\/posts\/138662\/revisions"}],"predecessor-version":[{"id":138727,"href":"https:\/\/www.ifun.de\/apiv2\/wp\/v2\/posts\/138662\/revisions\/138727"}],"wp:featuredmedia":[{"embeddable":true,"href":"https:\/\/www.ifun.de\/apiv2\/wp\/v2\/media\/138664"}],"wp:attachment":[{"href":"https:\/\/www.ifun.de\/apiv2\/wp\/v2\/media?parent=138662"}],"wp:term":[{"taxonomy":"category","embeddable":true,"href":"https:\/\/www.ifun.de\/apiv2\/wp\/v2\/categories?post=138662"},{"taxonomy":"post_tag","embeddable":true,"href":"https:\/\/www.ifun.de\/apiv2\/wp\/v2\/tags?post=138662"}],"curies":[{"name":"wp","href":"https:\/\/api.w.org\/{rel}","templated":true}]}}