{"id":138594,"date":"2019-06-04T14:24:07","date_gmt":"2019-06-04T12:24:07","guid":{"rendered":"https:\/\/www.ifun.de\/?p=138594"},"modified":"2019-06-04T14:24:07","modified_gmt":"2019-06-04T12:24:07","slug":"apples-systemvoraussetzungen-fuer-macos-10-15-catalina","status":"publish","type":"post","link":"https:\/\/www.ifun.de\/apples-systemvoraussetzungen-fuer-macos-10-15-catalina-138594\/","title":{"rendered":"Apples Systemvoraussetzungen f\u00fcr macOS 10.15 Catalina"},"content":{"rendered":"<p>Wenn ihr euch fragt, ob ihr im Herbst das neue <a href=\"https:\/\/www.apple.com\/macos\/catalina-preview\/\">macOS Catalina<\/a> auf eurem Apple-Rechner installieren k\u00f6nnt, gibt es gute Nachrichten: Habt ihr macOS Mojave laufen, dann kommt euer Mac auch mit macOS Catalina klar &#8211; es sei denn, ihr verwendet einen Mac Pro, der \u00e4lter ist als 2013. Die gro\u00dfen Tower-Rechner aus den Jahren 2010 bis 2012 kommen zwar noch mit macOS Mojave klar, m\u00fcssen bei Catalina aber passen.<\/p>\n<p><a href=\"https:\/\/images.ifun.de\/wp-content\/uploads\/2019\/06\/macs-mit-macos-catalina.jpg\"><img loading=\"lazy\" decoding=\"async\" src=\"https:\/\/images.ifun.de\/wp-content\/uploads\/2019\/06\/macs-mit-macos-catalina-500x210.jpg\" alt=\"Macs Mit Macos Catalina\" width=\"500\" height=\"210\" class=\"alignnone size-medium wp-image-138598\" srcset=\"https:\/\/images.ifun.de\/wp-content\/uploads\/2019\/06\/macs-mit-macos-catalina-500x210.jpg 500w, https:\/\/images.ifun.de\/wp-content\/uploads\/2019\/06\/macs-mit-macos-catalina-768x322.jpg 768w, https:\/\/images.ifun.de\/wp-content\/uploads\/2019\/06\/macs-mit-macos-catalina-700x293.jpg 700w, https:\/\/images.ifun.de\/wp-content\/uploads\/2019\/06\/macs-mit-macos-catalina.jpg 1000w\" sizes=\"auto, (max-width: 500px) 100vw, 500px\" \/><\/a><\/p>\n<p>Unabh\u00e4ngig davon haben einzelne Funktionen des Betriebssystems nat\u00fcrlich mitunter besondere Anforderungen, die nicht von allen mit macOS Catalina kompatiblen Rechnermodellen erf\u00fcllt werden. Beispiele w\u00e4ren Hier \u201eHey Siri\u201c oder das automatische Entsperren mit der Apple Watch.<\/p>\n<h2>Diese Macs sind mit macOS 10.15 Catalina kompatibel:<\/h2>\n<p>Apple f\u00fchrt aktuell die folgenden Modelle auf der Liste der mit macOS Catalina kompatiblen Macs:<\/p>\n<ul>\n<li>MacBook (Anfang 2015 oder neuer)<\/li>\n<li>MacBook Air (Mitte 2012 oder neuer)<\/li>\n<li>MacBook Pro (Mitte 2012 oder neuer)<\/li>\n<li>Mac mini (Ende 2012 oder neuer)<\/li>\n<li>iMac (Ende 2012 oder neuer)<\/li>\n<li>iMac Pro (2017 oder neuer)<\/li>\n<li>Mac Pro (Ende 2013 oder neuer)<\/li>\n<\/ul>\n","protected":false},"excerpt":{"rendered":"<a href=\"https:\/\/www.ifun.de\/apples-systemvoraussetzungen-fuer-macos-10-15-catalina-138594\/\"><img width=\"150\" height=\"150\" src=\"https:\/\/images.ifun.de\/wp-content\/uploads\/2019\/06\/macs-mit-macos-catalina-150x150.jpg\" class=\"alignright tfe wp-post-image\" alt=\"Macs Mit Macos Catalina\" decoding=\"async\" loading=\"lazy\" \/><\/a><p>Wenn ihr euch fragt, ob ihr im Herbst das neue macOS Catalina auf eurem Apple-Rechner installieren k\u00f6nnt, gibt es gute Nachrichten: Habt ihr macOS Mojave laufen, dann kommt euer Mac auch mit macOS Catalina klar &#8211; es sei denn, ihr verwendet einen Mac Pro, der \u00e4lter ist als 2013. Die gro\u00dfen Tower-Rechner aus den Jahren [&hellip;]<\/p>\n","protected":false},"author":2,"featured_media":138598,"comment_status":"open","ping_status":"closed","sticky":false,"template":"","format":"standard","meta":{"_acf_changed":false,"footnotes":""},"categories":[16],"tags":[4543],"class_list":["post-138594","post","type-post","status-publish","format-standard","has-post-thumbnail","hentry","category-mac","tag-macos-catalina"],"acf":[],"aioseo_notices":[],"featured_image":["https:\/\/images.ifun.de\/wp-content\/uploads\/2019\/06\/macos-10-15-catalina-hintergrundbild.jpg"],"subheadline":["Diese Macs sind kompatibel"],"rest_api_enabler":{"featured_image":"https:\/\/images.ifun.de\/wp-content\/uploads\/2019\/06\/macos-10-15-catalina-hintergrundbild.jpg","subheadline":"Diese Macs sind kompatibel"},"_links":{"self":[{"href":"https:\/\/www.ifun.de\/apiv2\/wp\/v2\/posts\/138594","targetHints":{"allow":["GET"]}}],"collection":[{"href":"https:\/\/www.ifun.de\/apiv2\/wp\/v2\/posts"}],"about":[{"href":"https:\/\/www.ifun.de\/apiv2\/wp\/v2\/types\/post"}],"author":[{"embeddable":true,"href":"https:\/\/www.ifun.de\/apiv2\/wp\/v2\/users\/2"}],"replies":[{"embeddable":true,"href":"https:\/\/www.ifun.de\/apiv2\/wp\/v2\/comments?post=138594"}],"version-history":[{"count":4,"href":"https:\/\/www.ifun.de\/apiv2\/wp\/v2\/posts\/138594\/revisions"}],"predecessor-version":[{"id":138600,"href":"https:\/\/www.ifun.de\/apiv2\/wp\/v2\/posts\/138594\/revisions\/138600"}],"wp:featuredmedia":[{"embeddable":true,"href":"https:\/\/www.ifun.de\/apiv2\/wp\/v2\/media\/138598"}],"wp:attachment":[{"href":"https:\/\/www.ifun.de\/apiv2\/wp\/v2\/media?parent=138594"}],"wp:term":[{"taxonomy":"category","embeddable":true,"href":"https:\/\/www.ifun.de\/apiv2\/wp\/v2\/categories?post=138594"},{"taxonomy":"post_tag","embeddable":true,"href":"https:\/\/www.ifun.de\/apiv2\/wp\/v2\/tags?post=138594"}],"curies":[{"name":"wp","href":"https:\/\/api.w.org\/{rel}","templated":true}]}}