{"id":138424,"date":"2019-06-02T11:42:34","date_gmt":"2019-06-02T09:42:34","guid":{"rendered":"https:\/\/www.ifun.de\/?p=138424"},"modified":"2019-06-02T12:16:39","modified_gmt":"2019-06-02T10:16:39","slug":"echte-magsafe-netzteile-am-usb-c-anschluss","status":"publish","type":"post","link":"https:\/\/www.ifun.de\/echte-magsafe-netzteile-am-usb-c-anschluss-138424\/","title":{"rendered":"Echte MagSafe-Netzteile am USB-C-Anschluss"},"content":{"rendered":"<p>Der unter der Bezeichnung AnyWatt <a rel=\"noindex, nofollow\" href=\"http:\/\/www.ifun.de\/amzn\/B07CR7JYTS\">angebotene USB-C-Adapter<\/a>, ist uns so \u00e4hnlich zwar schon mal <a rel=\"noindex, nofollow\" href=\"http:\/\/www.ifun.de\/amzn\/B07Q1WDDV4\">\u00fcber den Weg<\/a> gelaufen, war jedoch schon kurz nach seinem Marktstart vergriffen. <\/p>\n<p>Mittlerweile scheinen weitere Anbieter wie AnyWatt eingesprungen zu sein, befriedigen die Nachfrage f\u00fcr knapp 30 Euro und machen aus vorhandenen MagSafe-Netzteilen USB-C-Ladekabel, die sich so auch in Kombination mit dem neuen iPad Pro nutzen lassen.<\/p>\n<p><a href=\"https:\/\/images.ifun.de\/wp-content\/uploads\/2019\/06\/elecjet-usb-c-magsafe.jpg\"><img loading=\"lazy\" decoding=\"async\" src=\"https:\/\/images.ifun.de\/wp-content\/uploads\/2019\/06\/elecjet-usb-c-magsafe-500x500.jpg\" alt=\"Elecjet Usb C Magsafe\" width=\"500\" height=\"500\" class=\"aligncenter size-medium wp-image-138426\" srcset=\"https:\/\/images.ifun.de\/wp-content\/uploads\/2019\/06\/elecjet-usb-c-magsafe-500x500.jpg 500w, https:\/\/images.ifun.de\/wp-content\/uploads\/2019\/06\/elecjet-usb-c-magsafe-150x150.jpg 150w, https:\/\/images.ifun.de\/wp-content\/uploads\/2019\/06\/elecjet-usb-c-magsafe-768x768.jpg 768w, https:\/\/images.ifun.de\/wp-content\/uploads\/2019\/06\/elecjet-usb-c-magsafe-700x700.jpg 700w, https:\/\/images.ifun.de\/wp-content\/uploads\/2019\/06\/elecjet-usb-c-magsafe.jpg 1500w\" sizes=\"auto, (max-width: 500px) 100vw, 500px\" \/><\/a><\/p>\n<p>Blick zur\u00fcck: Zur Einf\u00fchrung der letzten runderneuerten MacBook Pro-Familie im Oktober 2016 hat Apple mit seinem neuen USB-C-Netzteil viele Anwender \u00fcberrascht. Cupertino verzichtete nicht nur auf die Klammern zur Kabel-Aufbewahrung sondern entfernte auch die Lade-LED und das in der Community beliebte MagSafe-Kabel vom neuen Netzteil.<\/p>\n<p>Die Tatsache, dass das dem Netzteil neuer MacBooks beigelegte Kabel nicht mal als Thunderbolt-Strippe genutzt werden konnte, sondern angeschlossene Rechner ausschlie\u00dflich mit Strom versorgte, st\u00f6rte da schon fast nicht mehr.<\/p>\n<p>Am meisten entt\u00e4uschte Apples Verzicht auf den Magnet-Stecker, der schon tausende Rechner vor dem sicheren Sturz vom B\u00fcro-Tisch bewahrt haben d\u00fcrfte. Blieb man hier mal tapsig mit dem Fu\u00df h\u00e4ngen, zog das Kabel nicht den Rechner zu Boden, sondern gab auf H\u00f6he der Magnetverbindung nach und trennte sich elegant vom gerade noch ladenden MacBook.<\/p>\n<p>Der Zubeh\u00f6r-Markt hat seitdem <a href=\"https:\/\/www.ifun.de\/lmp-magnetic-safety-cable-neue-magsafe-alternative-fuer-usb-c-118260\/\">zwar<\/a> <a href=\"https:\/\/www.ifun.de\/ausprobiert-magsafe-kabel-bolt-mit-usb-c-111697\/\">etliche<\/a> Alternativ-L\u00f6sungen pr\u00e4sentiert, so richtig \u00fcberzeugen konnte bislang jedoch keine der MagSafe-Nachbauten mit USB-C-Stecker.<\/p>\n<p>Inzwischen liefert Elecjet mit dem AnyWatt einen jener Adapter aus, auf den uns ifun.de-Leser Olaf im September 2018 per E-Mail aufmerksam machte. <\/p>\n<script>\r\n  function open_amazon(link) {\r\n    if (navigator.userAgent.indexOf(\"Firefox\") != -1) {\r\n      window.open(link, '_blank');\r\n    } else {\r\n      var tag = document.createElement('a');\r\n      tag.setAttribute('href', link);\r\n      tag.innerHTML = \"amzn\";\r\n      tag.click();\r\n    }\r\n  }\r\n<\/script>\r\n    <div id=\"article-single-amazon-preview\" onclick=\"return open_amazon('https:\/\/www.amazon.de\/dp\/B07CR7JYTS?tag=musicweb02&linkCode=ogi&th=1&psc=1');\">\n  <div id=\"article-single-amazon-preview-header\">\n    <span class=\"title\">Produkthinweis<\/span>\n      <\/div>\n  <div id=\"article-single-amazon-preview-content\">\n    <div id=\"article-single-amazon-preview-img\" style=\"background: url('https:\/\/m.media-amazon.com\/images\/I\/31BH-3Ip0uS.jpg') center center no-repeat; background-size: cover;\"><\/div>\n    <div id=\"article-single-amazon-preview-desc\">\n      <span class=\"bezeichnung\"><a href=\"https:\/\/www.amazon.de\/dp\/B07CR7JYTS?tag=musicweb02&linkCode=ogi&th=1&psc=1\" style=\"text-decoration: none; border-bottom: 0px; box-shadow: none;\">ELECJET Magsafe auf USB C Adapter | AnyWatt | Kompatibel mit MacBook Pro\/Laptop\/Switch - [USB-If Zertifiziert] USB-PD...<\/a><\/span>\n      <span class=\"preis--aktuell\"><\/span>\n      <span class=\"preis--alt\"><\/span>\n    <\/div>\n  <\/div>\n<\/div>\n<script>\r\n  function open_amazon(link) {\r\n    if (navigator.userAgent.indexOf(\"Firefox\") != -1) {\r\n      window.open(link, '_blank');\r\n    } else {\r\n      var tag = document.createElement('a');\r\n      tag.setAttribute('href', link);\r\n      tag.innerHTML = \"amzn\";\r\n      tag.click();\r\n    }\r\n  }\r\n<\/script>\r\n    <div id=\"article-single-amazon-preview\" onclick=\"return open_amazon('https:\/\/www.amazon.de\/dp\/B07Q1WDDV4?tag=musicweb02&linkCode=ogi&th=1&psc=1');\">\n  <div id=\"article-single-amazon-preview-header\">\n    <span class=\"title\">Produkthinweis<\/span>\n      <\/div>\n  <div id=\"article-single-amazon-preview-content\">\n    <div id=\"article-single-amazon-preview-img\" style=\"background: url('https:\/\/m.media-amazon.com\/images\/I\/31Rl2FsXMML.jpg') center center no-repeat; background-size: cover;\"><\/div>\n    <div id=\"article-single-amazon-preview-desc\">\n      <span class=\"bezeichnung\"><a href=\"https:\/\/www.amazon.de\/dp\/B07Q1WDDV4?tag=musicweb02&linkCode=ogi&th=1&psc=1\" style=\"text-decoration: none; border-bottom: 0px; box-shadow: none;\">Belkertech-kompatibel\/Ersatz f\u00fcr USB-C-Magsafe-Adapter Typ C auf Magsafe 1 & Magsafe-2-Adapter MacBook Pro...<\/a><\/span>\n      <span class=\"preis--aktuell\"><\/span>\n      <span class=\"preis--alt\"><\/span>\n    <\/div>\n  <\/div>\n<\/div>\n<p>Eine Zuschrift, die wir an dieser Stelle noch mal komplett abdrucken: <\/p>\n<blockquote><p>Hallo ifun.de-Team, ich habe seit etwas mehr als einer Woche ein MacBook Pro 15&#8243; \u201918 und bin dankbar \u00fcber Eure Zubeh\u00f6r-Empfehlungen \/ Hinweise im Zusammenhang mit USB-C Netzteilen, da ich das Notebook sowohl in der Fa. als auch zu Hause einsetze und nicht immer das Ladeger\u00e4t mitnehmen m\u00f6chte.<\/p>\n<p>Ich habe mir bereits die Netzteile von <a href=\"https:\/\/www.ifun.de\/macally-charger61-usb-c-ladegeraet-mit-magsafe-anschluss-fuer-neue-apple-notebooks-126726\/\">Macally<\/a> und <a href=\"https:\/\/www.ifun.de\/plugbug-alternative-macbook-netzteil-mit-3-usb-ports-fuer-28-eur-126340\/\">Inatec<\/a> geordert und f\u00fcr gut befunden &#8211; bin jetzt allerdings auf eine f\u00fcr mich elegantere und kosteng\u00fcnstigere L\u00f6sung im Zusammenhang mit meinen beiden Thunderbolt Displays \u201cgestolpert\u201d, die ich sowohl zu Hause als auch im B\u00fcro einsetze.<\/p>\n<p>Wie bekannt haben die Thunderbolt Displays ja ein gesplittetes Kabel sowohl f\u00fcr Thunderbolt, als auch f\u00fcr MagSafe &#8211; eine L\u00f6sung der ich i.V.m. meinem neuen MacBook Pro eine Tr\u00e4ne nachgeweint habe.<\/p>\n<p>Jetzt habe ich folgenden Adapter von Belker gefunden, welcher den MagSafe (1+2) auf USB-C wandelt und einwandfrei funktioniert. Zusammen mit dem TrueTone Display (und dem Adapter von Apple) sind meine Thunderbolt Displays jetzt in der Neuzeit angekommen [&#8230;]<\/p><\/blockquote>\n<h2>Der Adapter im Video<\/h2>\n<p><video poster=\"\" preload=\"auto\" controls=\"controls\" width=\"700\" height=\"390\"><source src=\"https:\/\/d1y6jrbzotnyjg.cloudfront.net\/Z7AX4\/2706ddda9aac45309f0ea16f5d4d0a63\/V7\/45e19091259a49d893486f45fa36f6a5\/ShortForm-Generic-480p-16-9-1409173089793-rpcbe5.mp4?Expires=1560068980&#038;Signature=ZuRQNK8oCHWFgsjGLXzvPSpnUy~nW73hFeZewOTjnGARirYnAWIhYV57YTku7NXaUjBpyPGmR-nXFSnlKFuF15jveabERQT1EHBKsfExzogSXx5oCf8xcQBjD4GYT5cFAXNSZmByOQibSzBZWGQrKXfRaPLVVXBtG7Mmk68tgzA_&#038;Key-Pair-Id=APKAJ62XWKZ35EOVO4XA\" \/><\/video><\/p>\n<p><h8>Danke, Mario!<\/h8><\/p>\n","protected":false},"excerpt":{"rendered":"<a href=\"https:\/\/www.ifun.de\/echte-magsafe-netzteile-am-usb-c-anschluss-138424\/\"><img width=\"150\" height=\"150\" src=\"https:\/\/images.ifun.de\/wp-content\/uploads\/2019\/06\/elecjet-usb-c-magsafe-150x150.jpg\" class=\"alignright tfe wp-post-image\" alt=\"Elecjet Usb C Magsafe\" decoding=\"async\" loading=\"lazy\" srcset=\"https:\/\/images.ifun.de\/wp-content\/uploads\/2019\/06\/elecjet-usb-c-magsafe-150x150.jpg 150w, https:\/\/images.ifun.de\/wp-content\/uploads\/2019\/06\/elecjet-usb-c-magsafe-500x500.jpg 500w, https:\/\/images.ifun.de\/wp-content\/uploads\/2019\/06\/elecjet-usb-c-magsafe-768x768.jpg 768w, https:\/\/images.ifun.de\/wp-content\/uploads\/2019\/06\/elecjet-usb-c-magsafe-700x700.jpg 700w, https:\/\/images.ifun.de\/wp-content\/uploads\/2019\/06\/elecjet-usb-c-magsafe.jpg 1500w\" sizes=\"auto, (max-width: 150px) 100vw, 150px\" \/><\/a><p>Der unter der Bezeichnung AnyWatt angebotene USB-C-Adapter, ist uns so \u00e4hnlich zwar schon mal \u00fcber den Weg gelaufen, war jedoch schon kurz nach seinem Marktstart vergriffen. Mittlerweile scheinen weitere Anbieter wie AnyWatt eingesprungen zu sein, befriedigen die Nachfrage f\u00fcr knapp 30 Euro und machen aus vorhandenen MagSafe-Netzteilen USB-C-Ladekabel, die sich so auch in Kombination mit [&hellip;]<\/p>\n","protected":false},"author":1,"featured_media":138426,"comment_status":"open","ping_status":"closed","sticky":false,"template":"","format":"standard","meta":{"_acf_changed":false,"footnotes":""},"categories":[22],"tags":[449,2650,31,6325],"class_list":["post-138424","post","type-post","status-publish","format-standard","has-post-thumbnail","hentry","category-zubehor","tag-magsafe","tag-usb-c","tag-video","tag-zubehor"],"acf":[],"aioseo_notices":[],"featured_image":["https:\/\/images.ifun.de\/wp-content\/uploads\/2019\/06\/belker-anywat.jpg"],"subheadline":["Von Elecjet und Belker"],"rest_api_enabler":{"featured_image":"https:\/\/images.ifun.de\/wp-content\/uploads\/2019\/06\/belker-anywat.jpg","subheadline":"Von Elecjet und Belker"},"_links":{"self":[{"href":"https:\/\/www.ifun.de\/apiv2\/wp\/v2\/posts\/138424","targetHints":{"allow":["GET"]}}],"collection":[{"href":"https:\/\/www.ifun.de\/apiv2\/wp\/v2\/posts"}],"about":[{"href":"https:\/\/www.ifun.de\/apiv2\/wp\/v2\/types\/post"}],"author":[{"embeddable":true,"href":"https:\/\/www.ifun.de\/apiv2\/wp\/v2\/users\/1"}],"replies":[{"embeddable":true,"href":"https:\/\/www.ifun.de\/apiv2\/wp\/v2\/comments?post=138424"}],"version-history":[{"count":2,"href":"https:\/\/www.ifun.de\/apiv2\/wp\/v2\/posts\/138424\/revisions"}],"predecessor-version":[{"id":138428,"href":"https:\/\/www.ifun.de\/apiv2\/wp\/v2\/posts\/138424\/revisions\/138428"}],"wp:featuredmedia":[{"embeddable":true,"href":"https:\/\/www.ifun.de\/apiv2\/wp\/v2\/media\/138426"}],"wp:attachment":[{"href":"https:\/\/www.ifun.de\/apiv2\/wp\/v2\/media?parent=138424"}],"wp:term":[{"taxonomy":"category","embeddable":true,"href":"https:\/\/www.ifun.de\/apiv2\/wp\/v2\/categories?post=138424"},{"taxonomy":"post_tag","embeddable":true,"href":"https:\/\/www.ifun.de\/apiv2\/wp\/v2\/tags?post=138424"}],"curies":[{"name":"wp","href":"https:\/\/api.w.org\/{rel}","templated":true}]}}