{"id":138114,"date":"2019-05-24T08:33:52","date_gmt":"2019-05-24T06:33:52","guid":{"rendered":"https:\/\/www.ifun.de\/?p=138114"},"modified":"2019-05-24T08:34:44","modified_gmt":"2019-05-24T06:34:44","slug":"streit-beigelegt-der-wahl-o-mat-laeuft-wieder","status":"publish","type":"post","link":"https:\/\/www.ifun.de\/streit-beigelegt-der-wahl-o-mat-laeuft-wieder-138114\/","title":{"rendered":"Streit beigelegt: Der Wahl-O-Mat l\u00e4uft wieder"},"content":{"rendered":"<p>Ihr k\u00f6nnt den <a href=\"https:\/\/www.wahl-o-mat.de\/europawahl2019\/\">Wahl-O-Mat<\/a> wieder nutzen. Nachdem der Onlinedienst in Folge einer Klage der Partei <a href=\"https:\/\/www.voltdeutschland.org\/\">Volt<\/a> zu Wochenbeginn <a href=\"https:\/\/www.ifun.de\/nach-klage-koelner-gericht-schaltet-wahl-o-mat-ab-137879\/\" title=\"Nach Klage: K\u00f6lner Gericht schaltet Wahl-O-Mat ab\">abgeschaltet wurde<\/a>, haben sich die Kontrahenten nun geeinigt.<\/p>\n<p><a href=\"https:\/\/images.ifun.de\/wp-content\/uploads\/2019\/05\/wahl-o-mat-europawahl.jpg\"><img loading=\"lazy\" decoding=\"async\" src=\"https:\/\/images.ifun.de\/wp-content\/uploads\/2019\/05\/wahl-o-mat-europawahl-500x476.jpg\" alt=\"Wahl O Mat Europawahl\" width=\"500\" height=\"476\" class=\"alignnone size-medium wp-image-138116\" srcset=\"https:\/\/images.ifun.de\/wp-content\/uploads\/2019\/05\/wahl-o-mat-europawahl-500x476.jpg 500w, https:\/\/images.ifun.de\/wp-content\/uploads\/2019\/05\/wahl-o-mat-europawahl-768x731.jpg 768w, https:\/\/images.ifun.de\/wp-content\/uploads\/2019\/05\/wahl-o-mat-europawahl-700x666.jpg 700w, https:\/\/images.ifun.de\/wp-content\/uploads\/2019\/05\/wahl-o-mat-europawahl.jpg 1000w\" sizes=\"auto, (max-width: 500px) 100vw, 500px\" \/><\/a><\/p>\n<p>Wie \u201eVolt\u201c mitteilt, hat sich die Bundeszentrale f\u00fcr politische Bildung als Betreiber des Angebots dazu bereit erkl\u00e4rt, die kritisierte Beschr\u00e4nkung auf acht Parteien im Vergleich f\u00fcr kommende Wahlen aufzuheben.<\/p>\n<blockquote>\n<p>Volt freut sich, dass der Wahl-O-Mat rechtzeitig vor der Europawahl wieder online gehen kann. Der Wahl-O-Mat wird zun\u00e4chst in seiner urspr\u00fcnglichen Form erscheinen, daf\u00fcr aber zur n\u00e4chsten Wahl in verfassungskonformer Version angeboten, in der die Chancengleichheit zwischen den Parteien sichergestellt ist. \u200bDer Weg ist frei, dass in Zukunft jede Nutzerin und jeder Nutzer frei ausw\u00e4hlen kann, mit wie vielen Parteien sie\/er die eigenen Antworten vergleichen will. \u200bDie freie und informierte politische Meinungsbildung der B\u00fcrgerinnen und B\u00fcrger wird so verbessert.<\/p>\n<\/blockquote>\n<p><h5>W\u00e4hlen gehen!<\/h5>\n<p>Nutzt am Sonntag die Gelegenheit zur Mitbestimmung und geht w\u00e4hlen. Wir erinnern daran, wie realit\u00e4tsfremd sich europ\u00e4ische Abgeordnete in j\u00fcngster Vergangenheit insbesondere mit Blick auf unsere digitale Zukunft gezeigt haben. Ihr habt die M\u00f6glichkeit, \u00fcber die Zusammensetzung des Parlaments f\u00fcr die n\u00e4chsten f\u00fcnf Jahre mitzubestimmen.<\/p>\n<p>Der <a href=\"https:\/\/www.wahl-o-mat.de\">Wahl-O-Mat<\/a> bietet die M\u00f6glichkeit, die pers\u00f6nliche Meinung mit den Standpunkten der kandidierenden Parteien zu vergleichen und unterst\u00fctzt auf diese Weise bei der Qual der Wahl. Das Angebot steht auch als <a href=\"https:\/\/itunes.apple.com\/de\/app\/wahl-o-mat\/id511947348?mt=8\">App f\u00fcr iPhone und iPad<\/a> zur Verf\u00fcgung.<\/p>\n<h6>Bilder: Bundeszentrale f\u00fcr politische Bildung<\/h6>\n","protected":false},"excerpt":{"rendered":"<a href=\"https:\/\/www.ifun.de\/streit-beigelegt-der-wahl-o-mat-laeuft-wieder-138114\/\"><img width=\"150\" height=\"150\" src=\"https:\/\/images.ifun.de\/wp-content\/uploads\/2019\/05\/wahl-o-mat-europawahl-150x150.jpg\" class=\"alignright tfe wp-post-image\" alt=\"Wahl O Mat Europawahl\" decoding=\"async\" loading=\"lazy\" \/><\/a><p>Ihr k\u00f6nnt den Wahl-O-Mat wieder nutzen. Nachdem der Onlinedienst in Folge einer Klage der Partei Volt zu Wochenbeginn abgeschaltet wurde, haben sich die Kontrahenten nun geeinigt. Wie \u201eVolt\u201c mitteilt, hat sich die Bundeszentrale f\u00fcr politische Bildung als Betreiber des Angebots dazu bereit erkl\u00e4rt, die kritisierte Beschr\u00e4nkung auf acht Parteien im Vergleich f\u00fcr kommende Wahlen aufzuheben. [&hellip;]<\/p>\n","protected":false},"author":2,"featured_media":138116,"comment_status":"open","ping_status":"closed","sticky":false,"template":"","format":"standard","meta":{"_acf_changed":false,"footnotes":""},"categories":[1],"tags":[4524],"class_list":["post-138114","post","type-post","status-publish","format-standard","has-post-thumbnail","hentry","category-news","tag-wahl-o-mat"],"acf":[],"aioseo_notices":[],"subheadline":["F\u00fcr kommende Wahlen wird nachgebessert"],"featured_image":["https:\/\/images.ifun.de\/wp-content\/uploads\/2019\/05\/wahl-o-mat.jpg"],"rest_api_enabler":{"subheadline":"F\u00fcr kommende Wahlen wird nachgebessert","featured_image":"https:\/\/images.ifun.de\/wp-content\/uploads\/2019\/05\/wahl-o-mat.jpg"},"_links":{"self":[{"href":"https:\/\/www.ifun.de\/apiv2\/wp\/v2\/posts\/138114","targetHints":{"allow":["GET"]}}],"collection":[{"href":"https:\/\/www.ifun.de\/apiv2\/wp\/v2\/posts"}],"about":[{"href":"https:\/\/www.ifun.de\/apiv2\/wp\/v2\/types\/post"}],"author":[{"embeddable":true,"href":"https:\/\/www.ifun.de\/apiv2\/wp\/v2\/users\/2"}],"replies":[{"embeddable":true,"href":"https:\/\/www.ifun.de\/apiv2\/wp\/v2\/comments?post=138114"}],"version-history":[{"count":5,"href":"https:\/\/www.ifun.de\/apiv2\/wp\/v2\/posts\/138114\/revisions"}],"predecessor-version":[{"id":138121,"href":"https:\/\/www.ifun.de\/apiv2\/wp\/v2\/posts\/138114\/revisions\/138121"}],"wp:featuredmedia":[{"embeddable":true,"href":"https:\/\/www.ifun.de\/apiv2\/wp\/v2\/media\/138116"}],"wp:attachment":[{"href":"https:\/\/www.ifun.de\/apiv2\/wp\/v2\/media?parent=138114"}],"wp:term":[{"taxonomy":"category","embeddable":true,"href":"https:\/\/www.ifun.de\/apiv2\/wp\/v2\/categories?post=138114"},{"taxonomy":"post_tag","embeddable":true,"href":"https:\/\/www.ifun.de\/apiv2\/wp\/v2\/tags?post=138114"}],"curies":[{"name":"wp","href":"https:\/\/api.w.org\/{rel}","templated":true}]}}