{"id":137879,"date":"2019-05-20T18:06:15","date_gmt":"2019-05-20T16:06:15","guid":{"rendered":"https:\/\/www.ifun.de\/?p=137879"},"modified":"2019-05-20T18:09:09","modified_gmt":"2019-05-20T16:09:09","slug":"nach-klage-koelner-gericht-schaltet-wahl-o-mat-ab","status":"publish","type":"post","link":"https:\/\/www.ifun.de\/nach-klage-koelner-gericht-schaltet-wahl-o-mat-ab-137879\/","title":{"rendered":"Nach Klage: K\u00f6lner Gericht schaltet Wahl-O-Mat ab"},"content":{"rendered":"<p>Zwei Wochen nach <a href=\"https:\/\/www.iphone-ticker.de\/wahl-o-mat-app-zur-europawahl-2019-startet-140846\/\">dem offiziellen Start<\/a> des Wahl-O-Mat zur Europawahl 2019 hat das Verwaltungsgericht K\u00f6ln das kostenfreie, von allen Parteien unterst\u00fctzte Angebot der Bundeszentrale f\u00fcr politische Bildung jetzt vom Netz nehmen lassen.<\/p>\n<p>Das Verwaltungsgericht reagierte damit auf eine Klage der Kleinpartei <a href=\"https:\/\/twitter.com\/deutschlandvolt\">VOLT Deutschland<\/a>, die sich an der begrenzten Auswahlm\u00f6glichkeit von maximal acht Parteien gest\u00f6rt hatte, mit denen die eigenen Standpunkte nach Beantwortung der 38 Thesen abgeglichen werden k\u00f6nnen.<\/p>\n<blockquote class=\"twitter-tweet\" data-cards=\"hidden\" data-lang=\"en\">\n<p lang=\"de\" dir=\"ltr\">Wie haben das Verfahren f\u00fcr einen fairen Wahl-O-Mat gewonnen. Eine Stellungsnahme unserer Partei findet ihr hier: <a href=\"https:\/\/t.co\/b1kI8JqYs2\">https:\/\/t.co\/b1kI8JqYs2<\/a><a href=\"https:\/\/twitter.com\/hashtag\/Volt?src=hash&amp;ref_src=twsrc%5Etfw\">#Volt<\/a> <a href=\"https:\/\/twitter.com\/hashtag\/VoteVolt?src=hash&amp;ref_src=twsrc%5Etfw\">#VoteVolt<\/a> <a href=\"https:\/\/twitter.com\/hashtag\/EP2019?src=hash&amp;ref_src=twsrc%5Etfw\">#EP2019<\/a> <a href=\"https:\/\/twitter.com\/hashtag\/Europawahl2019?src=hash&amp;ref_src=twsrc%5Etfw\">#Europawahl2019<\/a> <a href=\"https:\/\/twitter.com\/hashtag\/Wahlomat?src=hash&amp;ref_src=twsrc%5Etfw\">#Wahlomat<\/a> <a href=\"https:\/\/twitter.com\/hashtag\/JetztBistDuDran?src=hash&amp;ref_src=twsrc%5Etfw\">#JetztBistDuDran<\/a><\/p>\n<p>&mdash; Volt Deutschland (@DeutschlandVolt) <a href=\"https:\/\/twitter.com\/DeutschlandVolt\/status\/1130503743387185152?ref_src=twsrc%5Etfw\">May 20, 2019<\/a><\/p><\/blockquote>\n<p><script async src=\"https:\/\/platform.twitter.com\/widgets.js\" charset=\"utf-8\"><\/script><\/p>\n<p>W\u00e4hrend die Bundeszentrale f\u00fcr politische Bildung feststellt, dass das Angebot f\u00fcr Jung- und Erstw\u00e4hler \u00fcbersichtliche Ergebnisse liefern will und daher die Einschr\u00e4nkung auf acht Parteien pro Vergleichsvorgang als ausreichend ansieht, sieht sich VOLT Deutschland <a href=\"https:\/\/www.voltdeutschland.org\/volt_gewinnt_verfahren\">als Mini-Partei im Nachteil<\/a>. <\/p>\n<p>Volt Deutschland hatte sich mit Blick auf die anstehenden Europawahlen in der ersten Maiwoche entschieden, gegen das Anzeigeformat des Wahl-O-Maten rechtliche Schritte einzuleiten, nachdem die Bundeszentrale auf eine entsprechende A\u0308nderungsbitte nicht eingegangen war. <\/p>\n<p><a href=\"https:\/\/images.ifun.de\/wp-content\/uploads\/2019\/05\/8-parteien-wahlomat.jpg\"><img loading=\"lazy\" decoding=\"async\" src=\"https:\/\/images.ifun.de\/wp-content\/uploads\/2019\/05\/8-parteien-wahlomat.jpg\" alt=\"8 Parteien Wahlomat\" width=\"1178\" height=\"610\" class=\"aligncenter size-full wp-image-137885\" srcset=\"https:\/\/images.ifun.de\/wp-content\/uploads\/2019\/05\/8-parteien-wahlomat.jpg 1178w, https:\/\/images.ifun.de\/wp-content\/uploads\/2019\/05\/8-parteien-wahlomat-500x259.jpg 500w, https:\/\/images.ifun.de\/wp-content\/uploads\/2019\/05\/8-parteien-wahlomat-768x398.jpg 768w, https:\/\/images.ifun.de\/wp-content\/uploads\/2019\/05\/8-parteien-wahlomat-700x362.jpg 700w\" sizes=\"auto, (max-width: 1178px) 100vw, 1178px\" \/><\/a><\/p>\n<p>Der <a href=\"https:\/\/www1.wdr.de\/nachrichten\/wahl-o-mat-urteil-100.html\">WDR berichtet<\/a>:<\/p>\n<blockquote><p>Durch die Begrenzung des Vergleichs auf nur acht Parteien sah das Gericht kleine und unbekannte Parteien benachteiligt. Der Anzeigemechanismus verletze &#8222;mittelbar das verfassungsrechtlich gew\u00e4hrleistete Recht der Antragstellerin auf Chancengleichheit&#8220;, hie\u00df es zur Begr\u00fcndung. Der Einwand der Bundeszentrale f\u00fcr politische Bildung, ein anderer Mechanismus sei technisch nicht m\u00f6glich, sei nicht hinreichend glaubhaft gemacht worden, so die Richter.<\/p><\/blockquote>\n<p>Gegen den Beschluss kann die Bundeszentrale jetzt Beschwerde einlegen, bis dahin muss der Wahl-O-Mat vom Netz gehen.<\/p>\n<p>Leo Lu\u0308ddecke, Mitglied des Vorstands von Volt Deutschland, kommentiert: \u200b<\/p>\n<blockquote><p>Wir freuen uns sehr u\u0308ber diese Entscheidung, die den Nutzern des Wahl-O-Maten jetzt und langfristig einen besseren Zugang zu politischer Information garantiert. Das ist ein wichtiger Sieg fu\u0308r neue Ideen und ein klares Ja zu mehr Transparenz und Fairness im politischen Meinungsbildungsprozess. Wir hoffen, dass die bpb ihr Angebot, dass wir im U\u0308brigen sehr scha\u0308tzen und fu\u0308r einen wichtigen Baustein der politischen Bildung in Deutschland halten, entschlossen umbaut und so noch verbessert. Entschiede sich die bpb dafu\u0308r, das System in dieser Form nicht fortzufu\u0308hren, wa\u0308re das sehr schade und aus unserer Sicht auch gar nicht no\u0308tig.<\/p><\/blockquote>\n<!-- WP-Appbox (Version: 4.5.12 \/\/ Store: appstore \/\/ ID: 511947348) -->\t<!-- app-link -->\n\t<div id=\"article-single-app-preview\">\n\t\t<div id=\"article-single-app-preview-header\">\n\t\t\t<span class=\"title\">Laden im App Store<\/span>\n\t\t<\/div>\n\t\t<div id=\"article-single-app-preview-content\">\n\t\t\t<div id=\"article-single-app-preview-img\"><img loading=\"lazy\" decoding=\"async\" src=\"\/\/is1-ssl.mzstatic.com\/image\/thumb\/PurpleSource221\/v4\/e5\/d1\/bd\/e5d1bd36-6cca-64de-7da1-74d24bb75e93\/Placeholder.mill\/200x200bb-75.png\" alt=\"Wahl-O-Mat\"  height=\"72\" width=\"72\" class=\"asl-icon-img\" \/><\/div>\n\t\t\t<div id=\"article-single-app-preview-desc\">\n\t\t\t\t<span class=\"name\">Wahl-O-Mat<\/span><br \/>\n\t\t\t\t<span class=\"seller\">Entwickler: <a target=\"_blank\" rel=\"nofollow\" href=\"https:\/\/apps.apple.com\/de\/developer\/bpb\/id485293149\">bpb<\/a><\/span>\n\t\t\t<\/div>\n\t\t\t<a target=\"_blank\" rel=\"nofollow\" href=\"https:\/\/apps.apple.com\/de\/app\/wahl-o-mat\/id511947348\"><div id=\"article-single-app-preview-download\">Preis: Kostenlos<br \/>\n\t\t\t<span class=\"size\">Laden<\/span><\/div><\/a>\n\t\t<\/div>\n\t\t<!-- <div id=\"article-single-app-preview-footer\"><\/div>\t-->\n\t<\/div>\n\t<!-- app-link\/ende --><!-- \/WP-Appbox -->\n","protected":false},"excerpt":{"rendered":"<a href=\"https:\/\/www.ifun.de\/nach-klage-koelner-gericht-schaltet-wahl-o-mat-ab-137879\/\"><img width=\"150\" height=\"150\" src=\"https:\/\/images.ifun.de\/wp-content\/uploads\/2019\/05\/europawahl-wahl-o-mat-150x150.jpg\" class=\"alignright tfe wp-post-image\" alt=\"Europawahl Wahl O Mat\" decoding=\"async\" loading=\"lazy\" \/><\/a><p>Zwei Wochen nach dem offiziellen Start des Wahl-O-Mat zur Europawahl 2019 hat das Verwaltungsgericht K\u00f6ln das kostenfreie, von allen Parteien unterst\u00fctzte Angebot der Bundeszentrale f\u00fcr politische Bildung jetzt vom Netz nehmen lassen. Das Verwaltungsgericht reagierte damit auf eine Klage der Kleinpartei VOLT Deutschland, die sich an der begrenzten Auswahlm\u00f6glichkeit von maximal acht Parteien gest\u00f6rt hatte, [&hellip;]<\/p>\n","protected":false},"author":1,"featured_media":137881,"comment_status":"open","ping_status":"closed","sticky":false,"template":"","format":"standard","meta":{"_acf_changed":false,"footnotes":""},"categories":[1],"tags":[246,810,553],"class_list":["post-137879","post","type-post","status-publish","format-standard","has-post-thumbnail","hentry","category-news","tag-europa","tag-politik","tag-recht"],"acf":[],"aioseo_notices":[],"subheadline":["VOLT Deutschland hatte geklagt"],"featured_image":["https:\/\/images.ifun.de\/wp-content\/uploads\/2019\/05\/europawahl-wahl-o-mat.jpg"],"rest_api_enabler":{"subheadline":"VOLT Deutschland hatte geklagt","featured_image":"https:\/\/images.ifun.de\/wp-content\/uploads\/2019\/05\/europawahl-wahl-o-mat.jpg"},"_links":{"self":[{"href":"https:\/\/www.ifun.de\/apiv2\/wp\/v2\/posts\/137879","targetHints":{"allow":["GET"]}}],"collection":[{"href":"https:\/\/www.ifun.de\/apiv2\/wp\/v2\/posts"}],"about":[{"href":"https:\/\/www.ifun.de\/apiv2\/wp\/v2\/types\/post"}],"author":[{"embeddable":true,"href":"https:\/\/www.ifun.de\/apiv2\/wp\/v2\/users\/1"}],"replies":[{"embeddable":true,"href":"https:\/\/www.ifun.de\/apiv2\/wp\/v2\/comments?post=137879"}],"version-history":[{"count":4,"href":"https:\/\/www.ifun.de\/apiv2\/wp\/v2\/posts\/137879\/revisions"}],"predecessor-version":[{"id":137886,"href":"https:\/\/www.ifun.de\/apiv2\/wp\/v2\/posts\/137879\/revisions\/137886"}],"wp:featuredmedia":[{"embeddable":true,"href":"https:\/\/www.ifun.de\/apiv2\/wp\/v2\/media\/137881"}],"wp:attachment":[{"href":"https:\/\/www.ifun.de\/apiv2\/wp\/v2\/media?parent=137879"}],"wp:term":[{"taxonomy":"category","embeddable":true,"href":"https:\/\/www.ifun.de\/apiv2\/wp\/v2\/categories?post=137879"},{"taxonomy":"post_tag","embeddable":true,"href":"https:\/\/www.ifun.de\/apiv2\/wp\/v2\/tags?post=137879"}],"curies":[{"name":"wp","href":"https:\/\/api.w.org\/{rel}","templated":true}]}}