{"id":137850,"date":"2019-05-20T12:28:16","date_gmt":"2019-05-20T10:28:16","guid":{"rendered":"https:\/\/www.ifun.de\/?p=137850"},"modified":"2019-05-20T12:28:16","modified_gmt":"2019-05-20T10:28:16","slug":"mac-helfer-alfred-kommt-demnaechst-in-version-4","status":"publish","type":"post","link":"https:\/\/www.ifun.de\/mac-helfer-alfred-kommt-demnaechst-in-version-4-137850\/","title":{"rendered":"Mac-Helfer Alfred kommt demn\u00e4chst in Version 4"},"content":{"rendered":"<p>Ein kleines Update f\u00fcr die <a href=\"https:\/\/www.alfredapp.com\">Alfred<\/a>-Nutzer unter euch. Nach drei Jahren steht in den kommenden Wochen wieder ein rundes und damit kostenpflichtiges Update des Universal-Helfers an. <\/p>\n<p>Alfred 4 soll neben optischen Anpassungen wie der Unterst\u00fctzung des Dunkelmodus von macOS Mojave und einem neuen Themen-Editor <a href=\"https:\/\/www.alfredapp.com\/v4\/\">umfangreiche Erweiterungen und Verbesserungen<\/a> im Detail liefern. Das Update wird f\u00fcr alle Nutzer, die Alfred im aktuellen Jahr erworben haben, kostenlos sein. \u00c4ltere Kunden d\u00fcrfen sich auf die M\u00f6glichkeit zum Update mit Preisnachlass freuen.<\/p>\n<p><a href=\"https:\/\/images.ifun.de\/wp-content\/uploads\/2019\/05\/alfred-suche.jpg\"><img loading=\"lazy\" decoding=\"async\" src=\"https:\/\/images.ifun.de\/wp-content\/uploads\/2019\/05\/alfred-suche-500x327.jpg\" alt=\"Alfred Suche\" width=\"500\" height=\"327\" class=\"alignnone size-medium wp-image-137852\" srcset=\"https:\/\/images.ifun.de\/wp-content\/uploads\/2019\/05\/alfred-suche-500x327.jpg 500w, https:\/\/images.ifun.de\/wp-content\/uploads\/2019\/05\/alfred-suche-768x502.jpg 768w, https:\/\/images.ifun.de\/wp-content\/uploads\/2019\/05\/alfred-suche-700x457.jpg 700w, https:\/\/images.ifun.de\/wp-content\/uploads\/2019\/05\/alfred-suche.jpg 1000w\" sizes=\"auto, (max-width: 500px) 100vw, 500px\" \/><\/a><\/p>\n<p>Die Basisversion von Alfred ist kostenlos, seine uneingeschr\u00e4nkte Leistung entfaltet die App allerdings erst in Verbindung mit der f\u00fcr umgerechnet rund 26 Euro erh\u00e4ltlichen <a href=\"https:\/\/www.alfredapp.com\/powerpack\/\">Powerpack-Lizenz<\/a>. Stellt euch die App in ihrer Grundform als Kombination aus einer erweiterten Spotlight-Suche und Apples Launchpad vor. Alfred arbeitet zuverl\u00e4ssiger als Apples Suchfunktion und packt noch eine Menge Funktionen obendrauf, so k\u00f6nnt ihr bei Sucheingaben beispielsweise bereits beim Eintippen steuern, wo ihr suchen wollt und direkt Google Maps, Wikipedia, eBay oder Amazon aufrufen. <\/p>\n<p>Erg\u00e4nzend zu den von den Alfred-Entwickler integrierten Funktionserweiterungen hat die Plattform <a href=\"https:\/\/pacmax.org\">Pacmax<\/a> mittlerweile mehr als 100 von freien Entwicklern und Alfred-Nutzern bereitgestellten Workflows und Themen f\u00fcr Alfred zusammengetragen.<\/p>\n","protected":false},"excerpt":{"rendered":"<a href=\"https:\/\/www.ifun.de\/mac-helfer-alfred-kommt-demnaechst-in-version-4-137850\/\"><img width=\"150\" height=\"150\" src=\"https:\/\/images.ifun.de\/wp-content\/uploads\/2019\/05\/alfred-mac-150x150.jpg\" class=\"alignright tfe wp-post-image\" alt=\"Alfred Mac\" decoding=\"async\" loading=\"lazy\" \/><\/a><p>Ein kleines Update f\u00fcr die Alfred-Nutzer unter euch. Nach drei Jahren steht in den kommenden Wochen wieder ein rundes und damit kostenpflichtiges Update des Universal-Helfers an. Alfred 4 soll neben optischen Anpassungen wie der Unterst\u00fctzung des Dunkelmodus von macOS Mojave und einem neuen Themen-Editor umfangreiche Erweiterungen und Verbesserungen im Detail liefern. Das Update wird f\u00fcr [&hellip;]<\/p>\n","protected":false},"author":2,"featured_media":137853,"comment_status":"open","ping_status":"closed","sticky":false,"template":"","format":"standard","meta":{"_acf_changed":false,"footnotes":""},"categories":[16],"tags":[1926,6321],"class_list":["post-137850","post","type-post","status-publish","format-standard","has-post-thumbnail","hentry","category-mac","tag-alfred","tag-mac"],"acf":[],"aioseo_notices":[],"subheadline":["Effektiver arbeiten"],"featured_image":["https:\/\/images.ifun.de\/wp-content\/uploads\/2019\/05\/alfred-mac.jpg"],"rest_api_enabler":{"subheadline":"Effektiver arbeiten","featured_image":"https:\/\/images.ifun.de\/wp-content\/uploads\/2019\/05\/alfred-mac.jpg"},"_links":{"self":[{"href":"https:\/\/www.ifun.de\/apiv2\/wp\/v2\/posts\/137850","targetHints":{"allow":["GET"]}}],"collection":[{"href":"https:\/\/www.ifun.de\/apiv2\/wp\/v2\/posts"}],"about":[{"href":"https:\/\/www.ifun.de\/apiv2\/wp\/v2\/types\/post"}],"author":[{"embeddable":true,"href":"https:\/\/www.ifun.de\/apiv2\/wp\/v2\/users\/2"}],"replies":[{"embeddable":true,"href":"https:\/\/www.ifun.de\/apiv2\/wp\/v2\/comments?post=137850"}],"version-history":[{"count":2,"href":"https:\/\/www.ifun.de\/apiv2\/wp\/v2\/posts\/137850\/revisions"}],"predecessor-version":[{"id":137854,"href":"https:\/\/www.ifun.de\/apiv2\/wp\/v2\/posts\/137850\/revisions\/137854"}],"wp:featuredmedia":[{"embeddable":true,"href":"https:\/\/www.ifun.de\/apiv2\/wp\/v2\/media\/137853"}],"wp:attachment":[{"href":"https:\/\/www.ifun.de\/apiv2\/wp\/v2\/media?parent=137850"}],"wp:term":[{"taxonomy":"category","embeddable":true,"href":"https:\/\/www.ifun.de\/apiv2\/wp\/v2\/categories?post=137850"},{"taxonomy":"post_tag","embeddable":true,"href":"https:\/\/www.ifun.de\/apiv2\/wp\/v2\/tags?post=137850"}],"curies":[{"name":"wp","href":"https:\/\/api.w.org\/{rel}","templated":true}]}}