{"id":137762,"date":"2019-05-17T08:11:56","date_gmt":"2019-05-17T06:11:56","guid":{"rendered":"https:\/\/www.ifun.de\/?p=137762"},"modified":"2019-05-17T08:17:41","modified_gmt":"2019-05-17T06:17:41","slug":"magenta-smarthome-bindet-gardena-geraete-ein","status":"publish","type":"post","link":"https:\/\/www.ifun.de\/magenta-smarthome-bindet-gardena-geraete-ein-137762\/","title":{"rendered":"Magenta SmartHome bindet Gardena-Ger\u00e4te ein"},"content":{"rendered":"<p>Der Gartenger\u00e4te-Anbieter Gardena bzw. dessen &#8222;GARDENA smart system&#8220;-Familie l\u00e4sst sich fortan auch in die Smart-Home-Infrastruktur der Telekom einbinden. <\/p>\n<p><a href=\"https:\/\/images.ifun.de\/wp-content\/uploads\/2019\/05\/gardena-smart.jpg\"><img loading=\"lazy\" decoding=\"async\" src=\"https:\/\/images.ifun.de\/wp-content\/uploads\/2019\/05\/gardena-smart-500x401.jpg\" alt=\"Gardena Smart\" width=\"500\" height=\"401\" class=\"aligncenter size-medium wp-image-137764\" srcset=\"https:\/\/images.ifun.de\/wp-content\/uploads\/2019\/05\/gardena-smart-500x401.jpg 500w, https:\/\/images.ifun.de\/wp-content\/uploads\/2019\/05\/gardena-smart-768x616.jpg 768w, https:\/\/images.ifun.de\/wp-content\/uploads\/2019\/05\/gardena-smart-700x562.jpg 700w, https:\/\/images.ifun.de\/wp-content\/uploads\/2019\/05\/gardena-smart.jpg 1500w\" sizes=\"auto, (max-width: 500px) 100vw, 500px\" \/><\/a><\/p>\n<p>Mit dem Update der Magenta SmartHome App auf Version 5.3.0 wird <a href=\"https:\/\/www.media-gardena.com\/news-smart-gardening-mit-gardena-und-magenta-smarthome?id=83936&#038;menueid=17201&#038;l=deutschland\">jetzt auch<\/a> das GARDENA Smart System in die Haussteuerung der Telekom integriert. <\/p>\n<p>Konkret lassen sich die Bew\u00e4sserungssteuerungen <a rel=\"noindex, nofollow\" href=\"http:\/\/www.ifun.de\/amzn\/B01BIWLOXU\">Smart Water Control<\/a>, <a rel=\"noindex, nofollow\" href=\"http:\/\/www.ifun.de\/amzn\/B076WYHCRJ\">Smart Irrigation Control<\/a>, der <a rel=\"noindex, nofollow\" href=\"http:\/\/www.ifun.de\/amzn\/B01BIWN5LE\">Smart Sensor<\/a> und die Au\u00dfensteckdose <a rel=\"noindex, nofollow\" href=\"http:\/\/www.ifun.de\/amzn\/B0773GSQRV\">Smart Power<\/a> einbinden und steuern.<\/p>\n<p>Die Integration in das Magenta-Angebot folgt nur wenige Monate, nachdem GARDENA <a href=\"https:\/\/www.iphone-ticker.de\/homekit-anbindung-gardena-startet-nachruestung-per-app-137585\/\">zum Jahresanfang<\/a> die Unterst\u00fctzung f\u00fcr Apples HomeKit-Protokoll und die Online-Plattform IFTTT ausgeliefert hat.<\/p>\n<!-- WP-Appbox (Version: 4.5.12 \/\/ Store: appstore \/\/ ID: 698708574) -->\t<!-- app-link -->\n\t<div id=\"article-single-app-preview\">\n\t\t<div id=\"article-single-app-preview-header\">\n\t\t\t<span class=\"title\">Laden im App Store<\/span>\n\t\t<\/div>\n\t\t<div id=\"article-single-app-preview-content\">\n\t\t\t<div id=\"article-single-app-preview-img\"><img loading=\"lazy\" decoding=\"async\" src=\"\/\/is1-ssl.mzstatic.com\/image\/thumb\/Purple211\/v4\/7c\/38\/ab\/7c38abd6-16b2-2b3a-5fef-cb01f6d53b79\/AppIcon-0-0-1x_U007emarketing-0-7-0-85-220.png\/200x200ia-75.png\" alt=\"Magenta SmartHome\"  height=\"72\" width=\"72\" class=\"asl-icon-img\" \/><\/div>\n\t\t\t<div id=\"article-single-app-preview-desc\">\n\t\t\t\t<span class=\"name\">Magenta SmartHome<\/span><br \/>\n\t\t\t\t<span class=\"seller\">Entwickler: <a target=\"_blank\" rel=\"nofollow\" href=\"https:\/\/apps.apple.com\/de\/developer\/telekom-deutschland-gmbh\/id930125248\">Telekom Deutschland GmbH<\/a><\/span>\n\t\t\t<\/div>\n\t\t\t<a target=\"_blank\" rel=\"nofollow\" href=\"https:\/\/apps.apple.com\/de\/app\/magenta-smarthome\/id698708574\"><div id=\"article-single-app-preview-download\">Preis: Kostenlos<br \/>\n\t\t\t<span class=\"size\">Laden<\/span><\/div><\/a>\n\t\t<\/div>\n\t\t<!-- <div id=\"article-single-app-preview-footer\"><\/div>\t-->\n\t<\/div>\n\t<!-- app-link\/ende --><!-- \/WP-Appbox -->\n<!-- WP-Appbox (Version: 4.5.12 \/\/ Store: appstore \/\/ ID: 971199503) -->\t<!-- app-link -->\n\t<div id=\"article-single-app-preview\">\n\t\t<div id=\"article-single-app-preview-header\">\n\t\t\t<span class=\"title\">Laden im App Store<\/span>\n\t\t<\/div>\n\t\t<div id=\"article-single-app-preview-content\">\n\t\t\t<div id=\"article-single-app-preview-img\"><img loading=\"lazy\" decoding=\"async\" src=\"\/\/is1-ssl.mzstatic.com\/image\/thumb\/Purple211\/v4\/bf\/ac\/77\/bfac77a6-3acc-926f-719a-c2154106b898\/AppIcon-1x_U007emarketing-0-11-0-85-220-0.png\/200x200ia-75.png\" alt=\"GARDENA smart system\"  height=\"72\" width=\"72\" class=\"asl-icon-img\" \/><\/div>\n\t\t\t<div id=\"article-single-app-preview-desc\">\n\t\t\t\t<span class=\"name\">GARDENA smart system<\/span><br \/>\n\t\t\t\t<span class=\"seller\">Entwickler: <a target=\"_blank\" rel=\"nofollow\" href=\"https:\/\/apps.apple.com\/de\/developer\/gardena\/id665805786\">GARDENA<\/a><\/span>\n\t\t\t<\/div>\n\t\t\t<a target=\"_blank\" rel=\"nofollow\" href=\"https:\/\/apps.apple.com\/de\/app\/gardena-smart-system\/id971199503\"><div id=\"article-single-app-preview-download\">Preis: Kostenlos<br \/>\n\t\t\t<span class=\"size\">Laden<\/span><\/div><\/a>\n\t\t<\/div>\n\t\t<!-- <div id=\"article-single-app-preview-footer\"><\/div>\t-->\n\t<\/div>\n\t<!-- app-link\/ende --><!-- \/WP-Appbox -->\n<p><div class=\"responsive-video\"><iframe loading=\"lazy\" width=\"700\" height=\"371\" src=\"https:\/\/www.youtube-nocookie.com\/embed\/dj_ffONGVtw\" frameborder=\"0\" allowfullscreen><\/iframe><\/div><\/p>\n","protected":false},"excerpt":{"rendered":"<a href=\"https:\/\/www.ifun.de\/magenta-smarthome-bindet-gardena-geraete-ein-137762\/\"><img width=\"150\" height=\"150\" src=\"https:\/\/images.ifun.de\/wp-content\/uploads\/2019\/05\/gardena-telekom-150x150.jpg\" class=\"alignright tfe wp-post-image\" alt=\"Gardena Telekom\" decoding=\"async\" loading=\"lazy\" \/><\/a><p>Der Gartenger\u00e4te-Anbieter Gardena bzw. dessen &#8222;GARDENA smart system&#8220;-Familie l\u00e4sst sich fortan auch in die Smart-Home-Infrastruktur der Telekom einbinden. Mit dem Update der Magenta SmartHome App auf Version 5.3.0 wird jetzt auch das GARDENA Smart System in die Haussteuerung der Telekom integriert. Konkret lassen sich die Bew\u00e4sserungssteuerungen Smart Water Control, Smart Irrigation Control, der Smart Sensor [&hellip;]<\/p>\n","protected":false},"author":1,"featured_media":137765,"comment_status":"open","ping_status":"closed","sticky":false,"template":"","format":"standard","meta":{"_acf_changed":false,"footnotes":""},"categories":[1],"tags":[3819,282],"class_list":["post-137762","post","type-post","status-publish","format-standard","has-post-thumbnail","hentry","category-news","tag-gardena","tag-telekom"],"acf":[],"aioseo_notices":[],"subheadline":["Nach HomeKit und IFTTT"],"featured_image":["https:\/\/images.ifun.de\/wp-content\/uploads\/2019\/05\/gardena-telekom.jpg"],"rest_api_enabler":{"subheadline":"Nach HomeKit und IFTTT","featured_image":"https:\/\/images.ifun.de\/wp-content\/uploads\/2019\/05\/gardena-telekom.jpg"},"_links":{"self":[{"href":"https:\/\/www.ifun.de\/apiv2\/wp\/v2\/posts\/137762","targetHints":{"allow":["GET"]}}],"collection":[{"href":"https:\/\/www.ifun.de\/apiv2\/wp\/v2\/posts"}],"about":[{"href":"https:\/\/www.ifun.de\/apiv2\/wp\/v2\/types\/post"}],"author":[{"embeddable":true,"href":"https:\/\/www.ifun.de\/apiv2\/wp\/v2\/users\/1"}],"replies":[{"embeddable":true,"href":"https:\/\/www.ifun.de\/apiv2\/wp\/v2\/comments?post=137762"}],"version-history":[{"count":5,"href":"https:\/\/www.ifun.de\/apiv2\/wp\/v2\/posts\/137762\/revisions"}],"predecessor-version":[{"id":137769,"href":"https:\/\/www.ifun.de\/apiv2\/wp\/v2\/posts\/137762\/revisions\/137769"}],"wp:featuredmedia":[{"embeddable":true,"href":"https:\/\/www.ifun.de\/apiv2\/wp\/v2\/media\/137765"}],"wp:attachment":[{"href":"https:\/\/www.ifun.de\/apiv2\/wp\/v2\/media?parent=137762"}],"wp:term":[{"taxonomy":"category","embeddable":true,"href":"https:\/\/www.ifun.de\/apiv2\/wp\/v2\/categories?post=137762"},{"taxonomy":"post_tag","embeddable":true,"href":"https:\/\/www.ifun.de\/apiv2\/wp\/v2\/tags?post=137762"}],"curies":[{"name":"wp","href":"https:\/\/api.w.org\/{rel}","templated":true}]}}