{"id":137626,"date":"2019-05-14T19:17:09","date_gmt":"2019-05-14T17:17:09","guid":{"rendered":"https:\/\/www.ifun.de\/?p=137626"},"modified":"2019-05-14T19:24:45","modified_gmt":"2019-05-14T17:24:45","slug":"mediamarkt-iphone-airpods-und-macbook-fortan-auch-zur-miete","status":"publish","type":"post","link":"https:\/\/www.ifun.de\/mediamarkt-iphone-airpods-und-macbook-fortan-auch-zur-miete-137626\/","title":{"rendered":"MediaMarkt: iPhone, AirPods und MacBook fortan auch zur Miete"},"content":{"rendered":"<p>Die Elektronik-Kette MediaMarkt hat sich in Sachen Apple-Hardware wei\u00df Gott nicht mit Ruhm bekleckert. Vor allem zum Marktstart neuer Produkte, scheint man gut damit beraten, nicht auf die Metro-Tochter zu setzen.<\/p>\n<p><a href=\"https:\/\/images.ifun.de\/wp-content\/uploads\/2019\/05\/mietpreise.gif\"><img decoding=\"async\" class=\"aligncenter size-full wp-image-137627\" src=\"https:\/\/images.ifun.de\/wp-content\/uploads\/2019\/05\/mietpreise.gif\" alt=\"Mietpreise\" width=\"500\" \/><\/a><\/p>\n<p>Zuletzt <a href=\"https:\/\/www.ifun.de\/mediamarkt-homepod-verschwindet-aus-dem-online-angebot-127613\/\">verprellte MediaMarkt fr\u00fche Vorbesteller<\/a> neuer Apple-Hardware mit pl\u00f6tzlich versetzen Lieferzeiten und fiel h\u00e4ufiger mit leeren Apple-Lagern vor gro\u00dfen Verkaufs-Aktionen auf.<\/p>\n<p>Daf\u00fcr empfiehlt sich der <a href=\"https:\/\/www.ifun.de\/auf-amazon-pastewka-mit-schleichwerbung-fuer-mediamarkt-132654\/\">Schleichwerbe-Standort<\/a> fortan als Miet-Vermittler. So kooperiert MediaMarkt jetzt mit dem Mietanbieter Grover und verspricht &#8222;topaktuelle Elektronikprodukte auch f\u00fcr kurze Zeit und zu fairen Konditionen&#8220; flexibel zu vermieten.<\/p>\n<p><a href=\"https:\/\/www.mediamarkt.de\/de\/shop\/miete.html\">Die neue Ausleih-Option<\/a> wird dabei nicht nur im Onlineshop von MediaMarkt, sondern ab sofort auch bundesweit in allen 275 M\u00e4rkten des Elektronikh\u00e4ndlers offeriert.<\/p>\n<p>Zum Start soll ein befristetes Angebot f\u00fcr Nachfrage sorgen: Wer bis zum 15.06.2019 in einem MediaMarkt einen Mietvertrag abschlie\u00dft, bekommt bei einer Miete ab drei Monaten einen Monat geschenkt. Dabei werden auch AirPods vermietet&#8230;<\/p>\n<blockquote><p>Alle Produkte, die in den Media M\u00e4rkten gemietet werden k\u00f6nnen, sind mit dem Hinweis \u201eMiet mich\u201c gekennzeichnet. Zur Auswahl stehen aktuell rund 1.500 neue Elektronikprodukte aus den Bereichen TV und Audio, Entertainment, Smartphones, Wearables, Neue Medien und IT, Foto\/Video sowie Haushaltsger\u00e4te. Den Mietvertrag schlie\u00dft der Kunde einfach innerhalb weniger Minuten vor Ort im Markt mithilfe seines Smartphones und der Unterst\u00fctzung eines MediaMarkt Mitarbeiters ab. [&#8230;] Alle Produkte k\u00f6nnen monatlich gemietet werden \u2013 ohne Kaution und mit nur einem Monat Mindestvertragslaufzeit. Die Abrechnung erfolgt monatlich im Voraus und ist somit leicht plan- und k\u00fcndbar. Zudem ist jedes Produkt f\u00fcr den Schadensfall versichert. Im Mietpreis inklusive ist auch die kostenlose R\u00fccksendung. Sobald man ein Ger\u00e4t nicht mehr braucht, schickt man es einfach bequem an Grover zur\u00fcck. Wer aber von dem Produkt so \u00fcberzeugt ist, dass er es nicht mehr hergeben m\u00f6chte, kann das Ger\u00e4t auf Wunsch auch behalten. Grover bietet daf\u00fcr ebenfalls verschiedene Optionen an.<\/p><\/blockquote>\n<p>Die Preise variieren abh\u00e4ngig von der Mietzeit massiv. Wer etwa den Apple HomePod einen Monat lang zu Hause nutzen m\u00f6chte zahlt 32,90 Euro, wer sechs Monate mietet zahlt nur noch 22,90 pro Monat.<\/p>\n<p><a href=\"https:\/\/images.ifun.de\/wp-content\/uploads\/2019\/05\/beispiel-geraete.jpg\"><img loading=\"lazy\" decoding=\"async\" class=\"aligncenter size-large wp-image-137629\" src=\"https:\/\/images.ifun.de\/wp-content\/uploads\/2019\/05\/beispiel-geraete-700x326.jpg\" alt=\"Beispiel Geraete\" width=\"700\" height=\"326\" srcset=\"https:\/\/images.ifun.de\/wp-content\/uploads\/2019\/05\/beispiel-geraete-700x326.jpg 700w, https:\/\/images.ifun.de\/wp-content\/uploads\/2019\/05\/beispiel-geraete-500x233.jpg 500w, https:\/\/images.ifun.de\/wp-content\/uploads\/2019\/05\/beispiel-geraete-768x358.jpg 768w, https:\/\/images.ifun.de\/wp-content\/uploads\/2019\/05\/beispiel-geraete.jpg 1830w\" sizes=\"auto, (max-width: 700px) 100vw, 700px\" \/><\/a><\/p>\n<h2>Monatspreis bei 3 Monaten Mietzeit<\/h2>\n<ul>\n<li><b>59,90 Euro<\/b> f\u00fcr iPad Pro 12,9&#8243; Wi-Fi (2018) mit 64GB Speicher<\/li>\n<li><b>149,90 Euro<\/b> f\u00fcr MacBook Pro 15.4&#8243; i7 Prozessor, 16GB RAM, 256GB SSD<\/li>\n<li><b>79,90 Euro<\/b> f\u00fcr iPhone Xs Max 64GB Speicher<\/li>\n<li><b>17,90 Euro<\/b> f\u00fcr die 2. Generation der drahtlosen AirPods Ohrh\u00f6rer<\/li>\n<\/ul>\n","protected":false},"excerpt":{"rendered":"<a href=\"https:\/\/www.ifun.de\/mediamarkt-iphone-airpods-und-macbook-fortan-auch-zur-miete-137626\/\"><img width=\"150\" height=\"150\" src=\"https:\/\/images.ifun.de\/wp-content\/uploads\/2019\/05\/beispiel-geraete-150x150.jpg\" class=\"alignright tfe wp-post-image\" alt=\"Beispiel Geraete\" decoding=\"async\" loading=\"lazy\" \/><\/a><p>Die Elektronik-Kette MediaMarkt hat sich in Sachen Apple-Hardware wei\u00df Gott nicht mit Ruhm bekleckert. Vor allem zum Marktstart neuer Produkte, scheint man gut damit beraten, nicht auf die Metro-Tochter zu setzen. Zuletzt verprellte MediaMarkt fr\u00fche Vorbesteller neuer Apple-Hardware mit pl\u00f6tzlich versetzen Lieferzeiten und fiel h\u00e4ufiger mit leeren Apple-Lagern vor gro\u00dfen Verkaufs-Aktionen auf. Daf\u00fcr empfiehlt sich [&hellip;]<\/p>\n","protected":false},"author":1,"featured_media":137629,"comment_status":"open","ping_status":"closed","sticky":false,"template":"","format":"standard","meta":{"_acf_changed":false,"footnotes":""},"categories":[3],"tags":[4736,115,4000,4506],"class_list":["post-137626","post","type-post","status-publish","format-standard","has-post-thumbnail","hentry","category-apple","tag-apple","tag-geld","tag-mediamarkt","tag-miete"],"acf":[],"aioseo_notices":[],"featured_image":["https:\/\/images.ifun.de\/wp-content\/uploads\/2019\/05\/mietmich-mediamarkt.jpg"],"subheadline":["Ab 1 Monat Laufzeit"],"rest_api_enabler":{"featured_image":"https:\/\/images.ifun.de\/wp-content\/uploads\/2019\/05\/mietmich-mediamarkt.jpg","subheadline":"Ab 1 Monat Laufzeit"},"_links":{"self":[{"href":"https:\/\/www.ifun.de\/apiv2\/wp\/v2\/posts\/137626","targetHints":{"allow":["GET"]}}],"collection":[{"href":"https:\/\/www.ifun.de\/apiv2\/wp\/v2\/posts"}],"about":[{"href":"https:\/\/www.ifun.de\/apiv2\/wp\/v2\/types\/post"}],"author":[{"embeddable":true,"href":"https:\/\/www.ifun.de\/apiv2\/wp\/v2\/users\/1"}],"replies":[{"embeddable":true,"href":"https:\/\/www.ifun.de\/apiv2\/wp\/v2\/comments?post=137626"}],"version-history":[{"count":5,"href":"https:\/\/www.ifun.de\/apiv2\/wp\/v2\/posts\/137626\/revisions"}],"predecessor-version":[{"id":137634,"href":"https:\/\/www.ifun.de\/apiv2\/wp\/v2\/posts\/137626\/revisions\/137634"}],"wp:featuredmedia":[{"embeddable":true,"href":"https:\/\/www.ifun.de\/apiv2\/wp\/v2\/media\/137629"}],"wp:attachment":[{"href":"https:\/\/www.ifun.de\/apiv2\/wp\/v2\/media?parent=137626"}],"wp:term":[{"taxonomy":"category","embeddable":true,"href":"https:\/\/www.ifun.de\/apiv2\/wp\/v2\/categories?post=137626"},{"taxonomy":"post_tag","embeddable":true,"href":"https:\/\/www.ifun.de\/apiv2\/wp\/v2\/tags?post=137626"}],"curies":[{"name":"wp","href":"https:\/\/api.w.org\/{rel}","templated":true}]}}