{"id":137534,"date":"2019-05-13T17:11:11","date_gmt":"2019-05-13T15:11:11","guid":{"rendered":"https:\/\/www.ifun.de\/?p=137534"},"modified":"2019-05-15T19:54:23","modified_gmt":"2019-05-15T17:54:23","slug":"star-trek-ableger-und-drei-fuer-prime-abonnenten","status":"publish","type":"post","link":"https:\/\/www.ifun.de\/star-trek-ableger-und-drei-fuer-prime-abonnenten-137534\/","title":{"rendered":"Star-Trek-Ableger und &#8222;Drei ???&#8220; f\u00fcr Prime-Abonnenten"},"content":{"rendered":"<p>Die Star-Trek-Fraktion darf sich auf neues Serienfutter freuen. Der amerikanische Videodienst CBS All Access produziert derzeit eine <a href=\"https:\/\/www.cbs.com\/shows\/star-trek-discovery\/news\/1008706\/sir-patrick-stewart-to-return-as-jean-luc-picard-in-a-new-star-trek-series-for-cbs-all-access-\/\">TV-Serie \u00fcber den Enterprise-Kommandanten<\/a> Jean-Luc Picard und die einzelnen Folgen werden nur 24 Stunden nach der US-Premiere hierzulande \u00fcber <a href=\"https:\/\/amzn.to\/2WHK87t\">Amazon Prime Video<\/a> verf\u00fcgbar sein.<\/p>\n<p><a href=\"https:\/\/images.ifun.de\/wp-content\/uploads\/2019\/05\/jean-luc-picard.jpg\"><img loading=\"lazy\" decoding=\"async\" src=\"https:\/\/images.ifun.de\/wp-content\/uploads\/2019\/05\/jean-luc-picard-500x332.jpg\" alt=\"Jean Luc Picard\" width=\"500\" height=\"332\" class=\"alignnone size-medium wp-image-137538\" srcset=\"https:\/\/images.ifun.de\/wp-content\/uploads\/2019\/05\/jean-luc-picard-500x332.jpg 500w, https:\/\/images.ifun.de\/wp-content\/uploads\/2019\/05\/jean-luc-picard-700x465.jpg 700w, https:\/\/images.ifun.de\/wp-content\/uploads\/2019\/05\/jean-luc-picard.jpg 710w\" sizes=\"auto, (max-width: 500px) 100vw, 500px\" \/><\/a><\/p>\n<p>Die Vereinbarung zwischen CBS und Amazon wurde geschlossen, noch bevor die neue Serie einen Titel hat. Bislang wurde lediglich best\u00e4tigt, dass der Originaldarsteller Patrick Stewart in der Rolle von Jean-Luc Picard am Kommandopult steht.<\/p>\n<h2>\u201eDie drei ???\u201c jetzt auch bei Prime Music<\/h2>\n<p>Prime-Kunden k\u00f6nnen mittlerweile \u00fcbrigens auch ausgew\u00e4hlte H\u00f6rspiele aus der Reihe \u201e<a href=\"https:\/\/amzn.to\/2Ji8QbE\">Die drei ???<\/a>\u201c kostenlos h\u00f6ren. Keine Ahnung ob dies schon l\u00e4nger der Fall ist, zumindest vor einiger Zeit noch waren die popul\u00e4ren H\u00f6rspiele ausschlie\u00dflich f\u00fcr Abonnenten von Amazon Music Unlimited sowie \u00fcber die kostenpflichtige Streaming-Konkurrenz von Spotify, Apple Music oder Deezer verf\u00fcgbar.<\/p>\n<p><a href=\"https:\/\/images.ifun.de\/wp-content\/uploads\/2019\/05\/drei-fragezeichen-prime.jpg\"><img loading=\"lazy\" decoding=\"async\" src=\"https:\/\/images.ifun.de\/wp-content\/uploads\/2019\/05\/drei-fragezeichen-prime-700x368.jpg\" alt=\"Drei Fragezeichen Prime\" width=\"700\" height=\"368\" class=\"alignnone size-large wp-image-137539\" srcset=\"https:\/\/images.ifun.de\/wp-content\/uploads\/2019\/05\/drei-fragezeichen-prime-700x368.jpg 700w, https:\/\/images.ifun.de\/wp-content\/uploads\/2019\/05\/drei-fragezeichen-prime-500x263.jpg 500w, https:\/\/images.ifun.de\/wp-content\/uploads\/2019\/05\/drei-fragezeichen-prime-768x404.jpg 768w, https:\/\/images.ifun.de\/wp-content\/uploads\/2019\/05\/drei-fragezeichen-prime.jpg 1000w\" sizes=\"auto, (max-width: 700px) 100vw, 700px\" \/><\/a><\/p>\n<p>Ein kleines <b>Update<\/b> noch zu den &#8222;Drei ???&#8220;: Wie uns Amazon mitteilt, wird das Angebot diesbez\u00fcglich bei Prime Music seit April kontinuierlich aktualisiert. Aktuell sind die Folgen 1-20 der H\u00f6rspielreihe verf\u00fcgbar.<\/p>\n","protected":false},"excerpt":{"rendered":"<a href=\"https:\/\/www.ifun.de\/star-trek-ableger-und-drei-fuer-prime-abonnenten-137534\/\"><img width=\"150\" height=\"150\" src=\"https:\/\/images.ifun.de\/wp-content\/uploads\/2019\/05\/star-trek-cbs-150x150.jpg\" class=\"alignright tfe wp-post-image\" alt=\"Star Trek Cbs\" decoding=\"async\" loading=\"lazy\" \/><\/a><p>Die Star-Trek-Fraktion darf sich auf neues Serienfutter freuen. Der amerikanische Videodienst CBS All Access produziert derzeit eine TV-Serie \u00fcber den Enterprise-Kommandanten Jean-Luc Picard und die einzelnen Folgen werden nur 24 Stunden nach der US-Premiere hierzulande \u00fcber Amazon Prime Video verf\u00fcgbar sein. Die Vereinbarung zwischen CBS und Amazon wurde geschlossen, noch bevor die neue Serie einen [&hellip;]<\/p>\n","protected":false},"author":2,"featured_media":137540,"comment_status":"open","ping_status":"closed","sticky":false,"template":"","format":"standard","meta":{"_acf_changed":false,"footnotes":""},"categories":[1],"tags":[],"class_list":["post-137534","post","type-post","status-publish","format-standard","has-post-thumbnail","hentry","category-news"],"acf":[],"aioseo_notices":[],"subheadline":["Neue Amazon-Inhalte (kommen)"],"featured_image":["https:\/\/images.ifun.de\/wp-content\/uploads\/2019\/05\/star-trek-cbs.jpg"],"rest_api_enabler":{"subheadline":"Neue Amazon-Inhalte (kommen)","featured_image":"https:\/\/images.ifun.de\/wp-content\/uploads\/2019\/05\/star-trek-cbs.jpg"},"_links":{"self":[{"href":"https:\/\/www.ifun.de\/apiv2\/wp\/v2\/posts\/137534","targetHints":{"allow":["GET"]}}],"collection":[{"href":"https:\/\/www.ifun.de\/apiv2\/wp\/v2\/posts"}],"about":[{"href":"https:\/\/www.ifun.de\/apiv2\/wp\/v2\/types\/post"}],"author":[{"embeddable":true,"href":"https:\/\/www.ifun.de\/apiv2\/wp\/v2\/users\/2"}],"replies":[{"embeddable":true,"href":"https:\/\/www.ifun.de\/apiv2\/wp\/v2\/comments?post=137534"}],"version-history":[{"count":6,"href":"https:\/\/www.ifun.de\/apiv2\/wp\/v2\/posts\/137534\/revisions"}],"predecessor-version":[{"id":137690,"href":"https:\/\/www.ifun.de\/apiv2\/wp\/v2\/posts\/137534\/revisions\/137690"}],"wp:featuredmedia":[{"embeddable":true,"href":"https:\/\/www.ifun.de\/apiv2\/wp\/v2\/media\/137540"}],"wp:attachment":[{"href":"https:\/\/www.ifun.de\/apiv2\/wp\/v2\/media?parent=137534"}],"wp:term":[{"taxonomy":"category","embeddable":true,"href":"https:\/\/www.ifun.de\/apiv2\/wp\/v2\/categories?post=137534"},{"taxonomy":"post_tag","embeddable":true,"href":"https:\/\/www.ifun.de\/apiv2\/wp\/v2\/tags?post=137534"}],"curies":[{"name":"wp","href":"https:\/\/api.w.org\/{rel}","templated":true}]}}