{"id":137487,"date":"2019-05-12T12:25:12","date_gmt":"2019-05-12T10:25:12","guid":{"rendered":"https:\/\/www.ifun.de\/?p=137487"},"modified":"2019-05-12T12:26:12","modified_gmt":"2019-05-12T10:26:12","slug":"carnegie-library-apples-neue-repraesentanz-in-der-us-hauptstadt","status":"publish","type":"post","link":"https:\/\/www.ifun.de\/carnegie-library-apples-neue-repraesentanz-in-der-us-hauptstadt-137487\/","title":{"rendered":"Carnegie Library: Apples neue Repr\u00e4sentanz in der US-Hauptstadt"},"content":{"rendered":"<p>Apples neuer Vorzeige-Store im Geb\u00e4ude der <a href=\"https:\/\/www.apple.com\/retail\/carnegie\/\" title=\"Carnegie Library in Washington\">Carnegie Library<\/a> in Washington D.C. wurde nun offiziell er\u00f6ffnet. Wie der iPhone-Hersteller mitteilt, erhalten die B\u00fcrger der amerikanischen Hauptstadt die geschichtstr\u00e4chtige Bibliothek damit als Zentrum der Bildung, des Entdeckens und der Kreativit\u00e4t zur\u00fcck.<\/p>\n<p>Apple will diesem Anspruch unter anderem durch ein umfangreiches Kursangebot vor Ort gerecht werden, zudem beherbergt das Geb\u00e4ude das Informationszentrum der der <a href=\"http:\/\/www.dchistory.org\/\">Historical Society of Washington D.C.<\/a> gemeinsam mit einer Forschungsbibliothek und drei Galerien.<\/p>\n<p><a href=\"https:\/\/images.ifun.de\/wp-content\/uploads\/2019\/05\/tim-cook-eroeffnung-carnegie-library-washington.jpg\"><img loading=\"lazy\" decoding=\"async\" src=\"https:\/\/images.ifun.de\/wp-content\/uploads\/2019\/05\/tim-cook-eroeffnung-carnegie-library-washington-700x502.jpg\" alt=\"Tim Cook Eroeffnung Carnegie Library Washington\" width=\"700\" height=\"502\" class=\"alignnone size-large wp-image-137492\" srcset=\"https:\/\/images.ifun.de\/wp-content\/uploads\/2019\/05\/tim-cook-eroeffnung-carnegie-library-washington.jpg 700w, https:\/\/images.ifun.de\/wp-content\/uploads\/2019\/05\/tim-cook-eroeffnung-carnegie-library-washington-500x359.jpg 500w\" sizes=\"auto, (max-width: 700px) 100vw, 700px\" \/><\/a><\/p>\n<p>Bei den Er\u00f6ffnungsfeierlichkeiten herrschte gro\u00dfer Andrang, unter anderem waren hochrangige Apple-Mitarbeiter vor Ort, darunter Tim Cook und mit Deirdre O\u2019Brien die neuerdings f\u00fcr die Ladengesch\u00e4fte verantwortliche Nachfolgerin von Angela Ahrendts. Das Geb\u00e4ude aus dem Jahr 1903 wurde \u00fcber mehrere Jahre hinweg von Apple aufw\u00e4ndig renoviert. Ausgew\u00e4hlte Bilder von der Er\u00f6ffnung finden sich <a href=\"https:\/\/www.apple.com\/newsroom\/2019\/05\/apple-starts-a-new-chapter-at-carnegie-library\/\">hier bei Apple<\/a>.<\/p>\n","protected":false},"excerpt":{"rendered":"<a href=\"https:\/\/www.ifun.de\/carnegie-library-apples-neue-repraesentanz-in-der-us-hauptstadt-137487\/\"><img width=\"150\" height=\"150\" src=\"https:\/\/images.ifun.de\/wp-content\/uploads\/2019\/05\/carnegie-library-washington-150x150.jpg\" class=\"alignright tfe wp-post-image\" alt=\"Carnegie Library Washington\" decoding=\"async\" loading=\"lazy\" \/><\/a><p>Apples neuer Vorzeige-Store im Geb\u00e4ude der Carnegie Library in Washington D.C. wurde nun offiziell er\u00f6ffnet. Wie der iPhone-Hersteller mitteilt, erhalten die B\u00fcrger der amerikanischen Hauptstadt die geschichtstr\u00e4chtige Bibliothek damit als Zentrum der Bildung, des Entdeckens und der Kreativit\u00e4t zur\u00fcck. Apple will diesem Anspruch unter anderem durch ein umfangreiches Kursangebot vor Ort gerecht werden, zudem beherbergt [&hellip;]<\/p>\n","protected":false},"author":2,"featured_media":137493,"comment_status":"open","ping_status":"closed","sticky":false,"template":"","format":"standard","meta":{"_acf_changed":false,"footnotes":""},"categories":[3],"tags":[49,4499],"class_list":["post-137487","post","type-post","status-publish","format-standard","has-post-thumbnail","hentry","category-apple","tag-apple-store","tag-washington"],"acf":[],"aioseo_notices":[],"subheadline":["Tim Cook zeigt sich bei der Er\u00f6ffnung"],"featured_image":["https:\/\/images.ifun.de\/wp-content\/uploads\/2019\/05\/carnegie-library-washington.jpg"],"rest_api_enabler":{"subheadline":"Tim Cook zeigt sich bei der Er\u00f6ffnung","featured_image":"https:\/\/images.ifun.de\/wp-content\/uploads\/2019\/05\/carnegie-library-washington.jpg"},"_links":{"self":[{"href":"https:\/\/www.ifun.de\/apiv2\/wp\/v2\/posts\/137487","targetHints":{"allow":["GET"]}}],"collection":[{"href":"https:\/\/www.ifun.de\/apiv2\/wp\/v2\/posts"}],"about":[{"href":"https:\/\/www.ifun.de\/apiv2\/wp\/v2\/types\/post"}],"author":[{"embeddable":true,"href":"https:\/\/www.ifun.de\/apiv2\/wp\/v2\/users\/2"}],"replies":[{"embeddable":true,"href":"https:\/\/www.ifun.de\/apiv2\/wp\/v2\/comments?post=137487"}],"version-history":[{"count":6,"href":"https:\/\/www.ifun.de\/apiv2\/wp\/v2\/posts\/137487\/revisions"}],"predecessor-version":[{"id":137511,"href":"https:\/\/www.ifun.de\/apiv2\/wp\/v2\/posts\/137487\/revisions\/137511"}],"wp:featuredmedia":[{"embeddable":true,"href":"https:\/\/www.ifun.de\/apiv2\/wp\/v2\/media\/137493"}],"wp:attachment":[{"href":"https:\/\/www.ifun.de\/apiv2\/wp\/v2\/media?parent=137487"}],"wp:term":[{"taxonomy":"category","embeddable":true,"href":"https:\/\/www.ifun.de\/apiv2\/wp\/v2\/categories?post=137487"},{"taxonomy":"post_tag","embeddable":true,"href":"https:\/\/www.ifun.de\/apiv2\/wp\/v2\/tags?post=137487"}],"curies":[{"name":"wp","href":"https:\/\/api.w.org\/{rel}","templated":true}]}}