{"id":137426,"date":"2019-05-09T17:48:00","date_gmt":"2019-05-09T15:48:00","guid":{"rendered":"https:\/\/www.ifun.de\/?p=137426"},"modified":"2019-05-09T17:48:00","modified_gmt":"2019-05-09T15:48:00","slug":"carnegie-library-washington-apples-neuer-vorzeige-store","status":"publish","type":"post","link":"https:\/\/www.ifun.de\/carnegie-library-washington-apples-neuer-vorzeige-store-137426\/","title":{"rendered":"Carnegie Library Washington: Apples neuer Vorzeige-Store"},"content":{"rendered":"<p>Mit der anstehenden Er\u00f6ffnung eines Ladengesch\u00e4fts in der ehemaligen <a href=\"https:\/\/www.apple.com\/retail\/carnegie\/\">Carnegie Library in Washington<\/a> hat Apple ein mehrj\u00e4hriges Renovierungsprojekt abgeschlossen. Das 1903 entstandene Geb\u00e4ude war \u00fcber beinahe 70 Jahre hinweg der Sitz einer \u00f6ffentlichen Bibliothek und wurde im Anschluss wechselhaft genutzt.<\/p>\n<p><a href=\"https:\/\/images.ifun.de\/wp-content\/uploads\/2019\/05\/apple-carnegie-libary-eingang.jpg\"><img loading=\"lazy\" decoding=\"async\" src=\"https:\/\/images.ifun.de\/wp-content\/uploads\/2019\/05\/apple-carnegie-libary-eingang-500x334.jpg\" alt=\"Apple Carnegie Libary Eingang\" width=\"500\" height=\"334\" class=\"alignnone size-medium wp-image-137432\" srcset=\"https:\/\/images.ifun.de\/wp-content\/uploads\/2019\/05\/apple-carnegie-libary-eingang-500x334.jpg 500w, https:\/\/images.ifun.de\/wp-content\/uploads\/2019\/05\/apple-carnegie-libary-eingang.jpg 700w\" sizes=\"auto, (max-width: 500px) 100vw, 500px\" \/><\/a><\/p>\n<p>Vor knapp drei Jahren bekam Apple dann den Zuschlag f\u00fcr die Pl\u00e4ne, das historische Geb\u00e4ude aufw\u00e4ndig und unter Anerkennung seiner Geschichte zu renovieren, um einen Apple Store darin zu er\u00f6ffnen.<\/p>\n<p>Die Carnegie Library am Washingtoner Mount Vernon Square ist Apples bisher umfangreichstes historisches Restaurierungsprojekt. Dementsprechend findet die f\u00fcr Samstag angesetzten Er\u00f6ffnung in gr\u00f6\u00dferem Rahmen statt. \u00dcber sechs Wochen hinweg sollen 40 von Apple geladene K\u00fcnstler ein sogenanntes <a href=\"https:\/\/www.apple.com\/today\/collection\/story-makers-festival\/carnegielibrary\/\">StoryMaker-Festival<\/a> bestreiten und kreative Sessions leiten &#8211; diese waren allerdings nahezu alle innerhalb k\u00fcrzester Zeit ausgebucht.<\/p>\n<p><a href=\"https:\/\/images.ifun.de\/wp-content\/uploads\/2019\/05\/apple-carnegie-libary-innenraum.jpg\"><img loading=\"lazy\" decoding=\"async\" src=\"https:\/\/images.ifun.de\/wp-content\/uploads\/2019\/05\/apple-carnegie-libary-innenraum-700x504.jpg\" alt=\"Apple Carnegie Libary Innenraum\" width=\"700\" height=\"504\" class=\"alignnone size-large wp-image-137430\" srcset=\"https:\/\/images.ifun.de\/wp-content\/uploads\/2019\/05\/apple-carnegie-libary-innenraum-700x504.jpg 700w, https:\/\/images.ifun.de\/wp-content\/uploads\/2019\/05\/apple-carnegie-libary-innenraum-500x360.jpg 500w, https:\/\/images.ifun.de\/wp-content\/uploads\/2019\/05\/apple-carnegie-libary-innenraum-768x553.jpg 768w, https:\/\/images.ifun.de\/wp-content\/uploads\/2019\/05\/apple-carnegie-libary-innenraum.jpg 1000w\" sizes=\"auto, (max-width: 700px) 100vw, 700px\" \/><\/a><\/p>\n<p>Apple will das Geb\u00e4ude zumindest teilweise weiter im Sinne des Gr\u00fcnders der Carnegie-Bibliotheken als kreatives Zentrum sowie auch f\u00fcr Fortbildungen nutzen:<\/p>\n<blockquote>\n<p>Egal, ob Kunden kommen, um neue Produkte zu entdecken, einen unserer Genius-Mitarbeiter zu treffen oder ihre Kreativit\u00e4t in einer Today at Apple Session zu entfalten, die Apple Carnegie Library ist ein Ort f\u00fcr jeden. Wir freuen uns, diesen gro\u00dfartigen Ort mit allen unseren Besuchern in Washington, D.C. zu teilen und der n\u00e4chsten Generation ein Zuhause f\u00fcr Inspiration zu bieten.<br \/>-Deirdre O&#39;Brien, Apples Senior Vice President of Retail + People<\/p>\n<\/blockquote>\n<p>Neben Apple wird das Geb\u00e4ude dar\u00fcber hinaus auch das <a href=\"http:\/\/www.dchistory.org\">DC History Center<\/a>, zu dem die Kiplinger Research Library, drei Galerien und ein Museumsshop geh\u00f6ren, beherbergen.<\/p>\n","protected":false},"excerpt":{"rendered":"<a href=\"https:\/\/www.ifun.de\/carnegie-library-washington-apples-neuer-vorzeige-store-137426\/\"><img width=\"150\" height=\"150\" src=\"https:\/\/images.ifun.de\/wp-content\/uploads\/2019\/05\/apple-carnegie-libary-eingang-150x150.jpg\" class=\"alignright tfe wp-post-image\" alt=\"Apple Carnegie Libary Eingang\" decoding=\"async\" loading=\"lazy\" \/><\/a><p>Mit der anstehenden Er\u00f6ffnung eines Ladengesch\u00e4fts in der ehemaligen Carnegie Library in Washington hat Apple ein mehrj\u00e4hriges Renovierungsprojekt abgeschlossen. Das 1903 entstandene Geb\u00e4ude war \u00fcber beinahe 70 Jahre hinweg der Sitz einer \u00f6ffentlichen Bibliothek und wurde im Anschluss wechselhaft genutzt. Vor knapp drei Jahren bekam Apple dann den Zuschlag f\u00fcr die Pl\u00e4ne, das historische Geb\u00e4ude [&hellip;]<\/p>\n","protected":false},"author":2,"featured_media":137432,"comment_status":"open","ping_status":"closed","sticky":false,"template":"","format":"standard","meta":{"_acf_changed":false,"footnotes":""},"categories":[3],"tags":[49,4499],"class_list":["post-137426","post","type-post","status-publish","format-standard","has-post-thumbnail","hentry","category-apple","tag-apple-store","tag-washington"],"acf":[],"aioseo_notices":[],"subheadline":["Aufw\u00e4ndig renoviertes Baudenkmal"],"featured_image":["https:\/\/images.ifun.de\/wp-content\/uploads\/2019\/05\/apple-carnegie-library-washington.jpg"],"rest_api_enabler":{"subheadline":"Aufw\u00e4ndig renoviertes Baudenkmal","featured_image":"https:\/\/images.ifun.de\/wp-content\/uploads\/2019\/05\/apple-carnegie-library-washington.jpg"},"_links":{"self":[{"href":"https:\/\/www.ifun.de\/apiv2\/wp\/v2\/posts\/137426","targetHints":{"allow":["GET"]}}],"collection":[{"href":"https:\/\/www.ifun.de\/apiv2\/wp\/v2\/posts"}],"about":[{"href":"https:\/\/www.ifun.de\/apiv2\/wp\/v2\/types\/post"}],"author":[{"embeddable":true,"href":"https:\/\/www.ifun.de\/apiv2\/wp\/v2\/users\/2"}],"replies":[{"embeddable":true,"href":"https:\/\/www.ifun.de\/apiv2\/wp\/v2\/comments?post=137426"}],"version-history":[{"count":4,"href":"https:\/\/www.ifun.de\/apiv2\/wp\/v2\/posts\/137426\/revisions"}],"predecessor-version":[{"id":137433,"href":"https:\/\/www.ifun.de\/apiv2\/wp\/v2\/posts\/137426\/revisions\/137433"}],"wp:featuredmedia":[{"embeddable":true,"href":"https:\/\/www.ifun.de\/apiv2\/wp\/v2\/media\/137432"}],"wp:attachment":[{"href":"https:\/\/www.ifun.de\/apiv2\/wp\/v2\/media?parent=137426"}],"wp:term":[{"taxonomy":"category","embeddable":true,"href":"https:\/\/www.ifun.de\/apiv2\/wp\/v2\/categories?post=137426"},{"taxonomy":"post_tag","embeddable":true,"href":"https:\/\/www.ifun.de\/apiv2\/wp\/v2\/tags?post=137426"}],"curies":[{"name":"wp","href":"https:\/\/api.w.org\/{rel}","templated":true}]}}