{"id":137392,"date":"2019-05-09T08:11:00","date_gmt":"2019-05-09T06:11:00","guid":{"rendered":"https:\/\/www.ifun.de\/?p=137392"},"modified":"2019-05-13T08:25:18","modified_gmt":"2019-05-13T06:25:18","slug":"macbook-pro-modell-ohne-touch-bar-nicht-mehr-konkurrenzfaehig","status":"publish","type":"post","link":"https:\/\/www.ifun.de\/macbook-pro-modell-ohne-touch-bar-nicht-mehr-konkurrenzfaehig-137392\/","title":{"rendered":"MacBook Pro: Modell ohne Touch Bar nicht mehr konkurrenzf\u00e4hig"},"content":{"rendered":"<p>Dass Apple die Variante des MacBook Pro ohne den ber\u00fchrungsempfindlichen Eingabestreifen eher stiefm\u00fctterlich behandelt, ist inzwischen hinl\u00e4nglich bekannt. Wie gravierend die Unterschiede <a href=\"https:\/\/www.apple.com\/de\/mac\/compare\/results\/?product1=macbook-pro-13&#038;product2=macbook-pro-touchbar-13\">der beiden 13-Zoll-Modelle<\/a> jedoch dar\u00fcber hinaus ausfallen, hatten auch wir bis zu <a href=\"https:\/\/robservatory.com\/its-easy-to-win-when-you-dont-fight-fair\/\">dem Hinweis<\/a> von Rob Griffiths nicht auf dem Radar. <\/p>\n<p>Gibt man sich M\u00fche und konfiguriert Apples Basis-Modelle so, dass sich die Touch Bar-Variante und die Version mit herk\u00f6mmlichen Funktionstasten etwa auf Augenh\u00f6he treffen, dann stehen die Differenzen im Sachen Preis und Funktionsumfang in keine Verh\u00e4ltnis mehr zueinander. <\/p>\n<p>So unterscheiden sich das Modell ohne Touch Bar und die Variante mit dem Eingabestreifen (bei 16GB RAM und 512GB SSD) im Preis nur minimal &#8211; f\u00fcr die Touch Bar m\u00fcssen lediglich 250 Euro mehr ausgegeben werden &#8211; funktional h\u00e4ngt die Version mit Funktionstasten jedoch in zahlreichen Bereichen hinterher. <\/p>\n<p><a href=\"https:\/\/images.ifun.de\/wp-content\/uploads\/2019\/05\/touch-bar-macbook-pro-specs.png\"><img loading=\"lazy\" decoding=\"async\" src=\"https:\/\/images.ifun.de\/wp-content\/uploads\/2019\/05\/touch-bar-macbook-pro-specs-700x414.png\" alt=\"Touch Bar Macbook Pro Specs\" width=\"700\" height=\"414\" class=\"aligncenter size-large wp-image-137409\" srcset=\"https:\/\/images.ifun.de\/wp-content\/uploads\/2019\/05\/touch-bar-macbook-pro-specs-700x414.png 700w, https:\/\/images.ifun.de\/wp-content\/uploads\/2019\/05\/touch-bar-macbook-pro-specs-500x295.png 500w, https:\/\/images.ifun.de\/wp-content\/uploads\/2019\/05\/touch-bar-macbook-pro-specs-768x454.png 768w, https:\/\/images.ifun.de\/wp-content\/uploads\/2019\/05\/touch-bar-macbook-pro-specs.png 1002w\" sizes=\"auto, (max-width: 700px) 100vw, 700px\" \/><\/a><\/p>\n<p>Statt vier Thunderbolt-Anschl\u00fcssen bekommt man nur zwei, der Prozessor h\u00e4ngt eine Generation hinterher und besitzt nur zwei anstatt vier Kerne, das Display besitzt keinen True Tone-Wei\u00dfabgleich, das verbaute Bluetooth-Modul ist nicht mehr zeitgem\u00e4\u00df, der Fingerabdruckscanner Touch ID fehlt vollst\u00e4ndig. <\/p>\n<p><h8>Dieser Eintrag wurde \u00fcberarbeitet und die Prozessor-Angaben pr\u00e4zisiert.<\/h8><\/p>\n","protected":false},"excerpt":{"rendered":"<a href=\"https:\/\/www.ifun.de\/macbook-pro-modell-ohne-touch-bar-nicht-mehr-konkurrenzfaehig-137392\/\"><img width=\"150\" height=\"150\" src=\"https:\/\/images.ifun.de\/wp-content\/uploads\/2019\/05\/toucch-bar-macbook-pro-150x150.png\" class=\"alignright tfe wp-post-image\" alt=\"Toucch Bar Macbook Pro\" decoding=\"async\" loading=\"lazy\" \/><\/a><p>Dass Apple die Variante des MacBook Pro ohne den ber\u00fchrungsempfindlichen Eingabestreifen eher stiefm\u00fctterlich behandelt, ist inzwischen hinl\u00e4nglich bekannt. Wie gravierend die Unterschiede der beiden 13-Zoll-Modelle jedoch dar\u00fcber hinaus ausfallen, hatten auch wir bis zu dem Hinweis von Rob Griffiths nicht auf dem Radar. Gibt man sich M\u00fche und konfiguriert Apples Basis-Modelle so, dass sich die [&hellip;]<\/p>\n","protected":false},"author":1,"featured_media":137393,"comment_status":"open","ping_status":"closed","sticky":false,"template":"","format":"standard","meta":{"_acf_changed":false,"footnotes":""},"categories":[3,1783],"tags":[4736,115,373,224,3477],"class_list":["post-137392","post","type-post","status-publish","format-standard","has-post-thumbnail","hentry","category-apple","category-feature","tag-apple","tag-geld","tag-kritik","tag-macbook-pro","tag-touch-bar"],"acf":[],"aioseo_notices":[],"featured_image":["https:\/\/images.ifun.de\/wp-content\/uploads\/2018\/08\/touchbar-energybar.jpg"],"subheadline":["Nur 250 Euro Preisdifferenz"],"rest_api_enabler":{"featured_image":"https:\/\/images.ifun.de\/wp-content\/uploads\/2018\/08\/touchbar-energybar.jpg","subheadline":"Nur 250 Euro Preisdifferenz"},"_links":{"self":[{"href":"https:\/\/www.ifun.de\/apiv2\/wp\/v2\/posts\/137392","targetHints":{"allow":["GET"]}}],"collection":[{"href":"https:\/\/www.ifun.de\/apiv2\/wp\/v2\/posts"}],"about":[{"href":"https:\/\/www.ifun.de\/apiv2\/wp\/v2\/types\/post"}],"author":[{"embeddable":true,"href":"https:\/\/www.ifun.de\/apiv2\/wp\/v2\/users\/1"}],"replies":[{"embeddable":true,"href":"https:\/\/www.ifun.de\/apiv2\/wp\/v2\/comments?post=137392"}],"version-history":[{"count":5,"href":"https:\/\/www.ifun.de\/apiv2\/wp\/v2\/posts\/137392\/revisions"}],"predecessor-version":[{"id":137412,"href":"https:\/\/www.ifun.de\/apiv2\/wp\/v2\/posts\/137392\/revisions\/137412"}],"wp:featuredmedia":[{"embeddable":true,"href":"https:\/\/www.ifun.de\/apiv2\/wp\/v2\/media\/137393"}],"wp:attachment":[{"href":"https:\/\/www.ifun.de\/apiv2\/wp\/v2\/media?parent=137392"}],"wp:term":[{"taxonomy":"category","embeddable":true,"href":"https:\/\/www.ifun.de\/apiv2\/wp\/v2\/categories?post=137392"},{"taxonomy":"post_tag","embeddable":true,"href":"https:\/\/www.ifun.de\/apiv2\/wp\/v2\/tags?post=137392"}],"curies":[{"name":"wp","href":"https:\/\/api.w.org\/{rel}","templated":true}]}}