{"id":137275,"date":"2019-05-07T12:41:29","date_gmt":"2019-05-07T10:41:29","guid":{"rendered":"https:\/\/www.ifun.de\/?p=137275"},"modified":"2019-05-07T12:41:55","modified_gmt":"2019-05-07T10:41:55","slug":"vor-unitymedia-uebernahme-vodafone-oeffnet-kabelnetz-fuer-telefnica","status":"publish","type":"post","link":"https:\/\/www.ifun.de\/vor-unitymedia-uebernahme-vodafone-oeffnet-kabelnetz-fuer-telefnica-137275\/","title":{"rendered":"Vor Unitymedia-\u00dcbernahme: Vodafone \u00f6ffnet Kabelnetz f\u00fcr Telef\u00f3nica"},"content":{"rendered":"<p>Die o2-Mutter Telef\u00f3nica Deutschland und der D\u00fcsseldorfer Netzbetreiber Vodafone wollen  in Sachen Kabelnetz zuk\u00fcnftig miteinander kooperieren. Dazu haben beide Unternehmen nun vereinbart, dass Telef\u00f3nica Deutschland k\u00fcnftig Zugriff auf das Kabelnetz von Vodafone und Unitymedia in Deutschland <a href=\"https:\/\/blog.telefonica.de\/2019\/05\/highspeed-internet-per-kabel-telefonica-deutschland-und-vodafone-kooperieren-bei-schnellen-kabelanschluessen\/\">erhalten soll<\/a>.<\/p>\n<p><a href=\"https:\/\/images.ifun.de\/wp-content\/uploads\/2019\/05\/Hannes-Ametsreiter.jpg\"><img loading=\"lazy\" decoding=\"async\" class=\"aligncenter size-medium wp-image-137276\" src=\"https:\/\/images.ifun.de\/wp-content\/uploads\/2019\/05\/Hannes-Ametsreiter-500x333.jpg\" alt=\"Hannes Ametsreiter\" width=\"500\" height=\"333\" srcset=\"https:\/\/images.ifun.de\/wp-content\/uploads\/2019\/05\/Hannes-Ametsreiter-500x333.jpg 500w, https:\/\/images.ifun.de\/wp-content\/uploads\/2019\/05\/Hannes-Ametsreiter-768x512.jpg 768w, https:\/\/images.ifun.de\/wp-content\/uploads\/2019\/05\/Hannes-Ametsreiter-700x467.jpg 700w, https:\/\/images.ifun.de\/wp-content\/uploads\/2019\/05\/Hannes-Ametsreiter.jpg 1024w\" sizes=\"auto, (max-width: 500px) 100vw, 500px\" \/><\/a><\/p>\n<h6>Hannes Ametsreiter, CEO Vodafone Deutschland<\/h6>\n<p>Beide Parteien haben hierf\u00fcr ein Zugangsabkommen unterzeichnet, das den Zugriff auf die Kabelinfrastruktur von Vodafone in Deutschland langfristig sicherstellt. <\/p>\n<p>Durch den Zugang zum Kabelnetz soll Telef\u00f3nica Deutschland das bundesweite Angebot im Festnetzbereich ausbauen und verbessern k\u00f6nnen.<\/p>\n<h2>Vereinbarung greift nur bei \u00dcbernahme<\/h2>\n<p>Die Vereinbarung gilt allerdings vorbehaltlich der geplanten \u00dcbernahme von Unitymedia durch Vodafone, die derzeit von der EU-Kommission gepr\u00fcft wird.<\/p>\n<p>Markus Haas, CEO von Telef\u00f3nica Deutschland kommentiert:<\/p>\n<blockquote><p>&#8222;Durch das geschlossene Kabel-Abkommen k\u00f6nnen wir k\u00fcnftig Millionen zus\u00e4tzlicher Haushalte in Deutschland mit Highspeed-Internet ausstatten. Durch die Erg\u00e4nzung mit schnellen Kabelanbindungen haben wir nun Zugriff auf ein umfangreiches Infrastruktur-Portfolio. Wir k\u00f6nnen damit noch mehr O2 Kunden attraktive Breitbandprodukte \u2013 einschlie\u00dflich internetbasierten TV-Diensten wie O2 TV \u2013 zu einem noch besseren Preis-Leistungs-Verh\u00e4ltnis anbieten.&#8220;<\/p><\/blockquote>\n<p>Telef\u00f3nica Deutschland w\u00fcrde sein deutschlandweites Angebot im Festnetzbereich durch die Zugangsvereinbarung mit Vodafone erheblich erweitern. Durch das Kabel-Abkommen k\u00f6nnte Telef\u00f3nica Deutschland k\u00fcnftig bis zu 24 Millionen Kabelhaushalte in Deutschland versorgen.<\/p>\n<p>Mit der \u00d6ffnung seines Kabelnetzes f\u00fcr die Telef\u00f3nica will Vodafone die Regulierer davon \u00dcberzeugen, die geplante Unitymedia-\u00dcbernahme abzusegnen. <\/p>\n<p>Im Rahmen des Unitymedia-\u00dcbernahmeverfahrens hat Vodafone der EU-Kommission <a href=\"https:\/\/www.vodafone.de\/newsroom\/unternehmen\/geplante-unitymedia-uebernahme-massnahmenvorschlag-an-eu-kommission-kann-wettbewerb-auf-neue-stufe-heben\/\">ein Ma\u00dfnahmenpaket vorgelegt<\/a>, welches neben der \u00d6ffnung des Kabelmarktes auch Vorschl\u00e4ge f\u00fcr den Fernsehmarkt macht. Hier will Vodafone unter anderem die folgende Selbstverpflichtung abgeben:<\/p>\n<blockquote><p>[&#8230;] Damit die Fernsehsender von dieser Entwicklung profitieren k\u00f6nnen, verpflichtet sich Vodafone, Sendern die Verbreitung ihrer Inhalte im Internet nicht einzuschr\u00e4nken und die Netz\u00fcberg\u00e4nge so zu gestalten, dass ausreichende \u00dcbertragungungs-Kapazit\u00e4t \u00fcber das Internet vorhanden ist. TV-Sender werden damit unabh\u00e4ngiger vom klassischen TV-Kabelnetz und damit von Vodafone.<\/p><\/blockquote>\n","protected":false},"excerpt":{"rendered":"<a href=\"https:\/\/www.ifun.de\/vor-unitymedia-uebernahme-vodafone-oeffnet-kabelnetz-fuer-telefnica-137275\/\"><img width=\"150\" height=\"150\" src=\"https:\/\/images.ifun.de\/wp-content\/uploads\/2019\/05\/vodafone-o2-kabelnetz-kooperation-150x150.jpg\" class=\"alignright tfe wp-post-image\" alt=\"Vodafone O2 Kabelnetz Kooperation\" decoding=\"async\" loading=\"lazy\" \/><\/a><p>Die o2-Mutter Telef\u00f3nica Deutschland und der D\u00fcsseldorfer Netzbetreiber Vodafone wollen in Sachen Kabelnetz zuk\u00fcnftig miteinander kooperieren. Dazu haben beide Unternehmen nun vereinbart, dass Telef\u00f3nica Deutschland k\u00fcnftig Zugriff auf das Kabelnetz von Vodafone und Unitymedia in Deutschland erhalten soll. Hannes Ametsreiter, CEO Vodafone Deutschland Beide Parteien haben hierf\u00fcr ein Zugangsabkommen unterzeichnet, das den Zugriff auf die [&hellip;]<\/p>\n","protected":false},"author":1,"featured_media":137277,"comment_status":"open","ping_status":"closed","sticky":false,"template":"","format":"standard","meta":{"_acf_changed":false,"footnotes":""},"categories":[1],"tags":[118,671,1022,2048,2162,1023,541],"class_list":["post-137275","post","type-post","status-publish","format-standard","has-post-thumbnail","hentry","category-news","tag-internet","tag-o2","tag-tarif","tag-telefnica","tag-unitymedia","tag-vertrag","tag-vodafone"],"acf":[],"aioseo_notices":[],"featured_image":["https:\/\/images.ifun.de\/wp-content\/uploads\/2019\/05\/vodafone-o2-kabelnetz-kooperation.jpg"],"subheadline":["Vereinbarung greift nur bei \u00dcbernahme"],"rest_api_enabler":{"featured_image":"https:\/\/images.ifun.de\/wp-content\/uploads\/2019\/05\/vodafone-o2-kabelnetz-kooperation.jpg","subheadline":"Vereinbarung greift nur bei \u00dcbernahme"},"_links":{"self":[{"href":"https:\/\/www.ifun.de\/apiv2\/wp\/v2\/posts\/137275","targetHints":{"allow":["GET"]}}],"collection":[{"href":"https:\/\/www.ifun.de\/apiv2\/wp\/v2\/posts"}],"about":[{"href":"https:\/\/www.ifun.de\/apiv2\/wp\/v2\/types\/post"}],"author":[{"embeddable":true,"href":"https:\/\/www.ifun.de\/apiv2\/wp\/v2\/users\/1"}],"replies":[{"embeddable":true,"href":"https:\/\/www.ifun.de\/apiv2\/wp\/v2\/comments?post=137275"}],"version-history":[{"count":1,"href":"https:\/\/www.ifun.de\/apiv2\/wp\/v2\/posts\/137275\/revisions"}],"predecessor-version":[{"id":137278,"href":"https:\/\/www.ifun.de\/apiv2\/wp\/v2\/posts\/137275\/revisions\/137278"}],"wp:featuredmedia":[{"embeddable":true,"href":"https:\/\/www.ifun.de\/apiv2\/wp\/v2\/media\/137277"}],"wp:attachment":[{"href":"https:\/\/www.ifun.de\/apiv2\/wp\/v2\/media?parent=137275"}],"wp:term":[{"taxonomy":"category","embeddable":true,"href":"https:\/\/www.ifun.de\/apiv2\/wp\/v2\/categories?post=137275"},{"taxonomy":"post_tag","embeddable":true,"href":"https:\/\/www.ifun.de\/apiv2\/wp\/v2\/tags?post=137275"}],"curies":[{"name":"wp","href":"https:\/\/api.w.org\/{rel}","templated":true}]}}