{"id":136874,"date":"2019-04-26T08:17:21","date_gmt":"2019-04-26T06:17:21","guid":{"rendered":"https:\/\/www.ifun.de\/?p=136874"},"modified":"2019-04-26T08:17:21","modified_gmt":"2019-04-26T06:17:21","slug":"apples-design-team-verliert-drei-langjaehrige-mitarbeiter","status":"publish","type":"post","link":"https:\/\/www.ifun.de\/apples-design-team-verliert-drei-langjaehrige-mitarbeiter-136874\/","title":{"rendered":"Apples Design-Team verliert drei langj\u00e4hrige Mitarbeiter"},"content":{"rendered":"<p>In Apples Design-Team bahnt sich offenbar ein Generationenwechsel an. Erneut verlassen einem Bericht des <a href=\"https:\/\/www.wsj.com\/articles\/turnover-hits-apples-famed-industrial-design-team-11556225563\" title=\"The Wall Street Journal\">Wall Street Journal<\/a> zufolge drei langj\u00e4hrige Mitarbeiter das kleine Team um Jony Ive.<\/p>\n<p>Rico Zorkendorfer und Daniele De Iuliis sind beide um die Jahrtausendwende bei Apple eingestiegen, Julian H\u00f6nig ist seit gut neun Jahren bei Apple t\u00e4tig. Zumindest die beiden erstgenannten durften noch einige Jahre auch eng mit Steve Jobs zusammenarbeiten. Der ehemalige Apple-Chef hat es sich seinerzeit nicht nehmen lassen, die Arbeit seiner Designer nahezu t\u00e4glich pers\u00f6nlich zu kontrollieren und zu inspirieren.<\/p>\n<p><a href=\"https:\/\/images.ifun.de\/wp-content\/uploads\/2017\/12\/apple-jony-ive.jpg\"><img loading=\"lazy\" decoding=\"async\" src=\"https:\/\/images.ifun.de\/wp-content\/uploads\/2017\/12\/apple-jony-ive.jpg\" alt=\"Apple Jony Ive\" width=\"700\" height=\"407\" class=\"alignnone size-full wp-image-116340\" srcset=\"https:\/\/images.ifun.de\/wp-content\/uploads\/2017\/12\/apple-jony-ive.jpg 700w, https:\/\/images.ifun.de\/wp-content\/uploads\/2017\/12\/apple-jony-ive-300x174.jpg 300w\" sizes=\"auto, (max-width: 700px) 100vw, 700px\" \/><\/a><\/p>\n<h6>Apples Chef-Designer Jonathan Ive<\/h6>\n<p>Nach dem Tod von Steve Jobs hat dessen ehemaliger Chef-Designer Jonathan Ive die Leitung des Teams \u00fcbernommen. Durch zus\u00e4tzliche Aufgaben insbesondere im Zusammenhang mit dem Bau der neuen Apple-Firmenzentrale hat im Laufe der Zeit allerdings auch Ive viele Aufgaben delegiert &#8211; der enge Zusammenhalt schien sich mehr und mehr zu verlieren. Bereits in den vergangenen Jahren haben namhafte und altgediente Mitglieder das Team verlassen.<\/p>\n<p>\u00dcber Jahrzehnte hinweg waren Apples Designer ein mehr oder weniger eingespieltes Team aus \u201ealten Hasen\u201c. Ein Generationenwechsel ist wichtiger N\u00e4hrboden f\u00fcr neue Ideen. Allerdings wachsen damit auch Aufgaben und Verantwortung f\u00fcr die F\u00fchrungskr\u00e4fte, insbesondere wenn es darum geht, Apples traditionelle Anspr\u00fcche zu wahren.<\/p>\n<p><h8>Via <a href=\"https:\/\/9to5mac.com\/2019\/04\/25\/apple-industrial-design-team-departures\/\">9to5Mac<\/a><\/h8><\/p>\n","protected":false},"excerpt":{"rendered":"<a href=\"https:\/\/www.ifun.de\/apples-design-team-verliert-drei-langjaehrige-mitarbeiter-136874\/\"><img decoding=\"async\" width=\"150\" src=\"https:\/\/images.ifun.de\/wp-content\/uploads\/2017\/12\/apple-jony-ive.jpg\" class=\"alignright wp-post-image tfe\" alt=\"Apple Jony Ive\" title=\"\" \/><\/a><p>In Apples Design-Team bahnt sich offenbar ein Generationenwechsel an. Erneut verlassen einem Bericht des Wall Street Journal zufolge drei langj\u00e4hrige Mitarbeiter das kleine Team um Jony Ive. Rico Zorkendorfer und Daniele De Iuliis sind beide um die Jahrtausendwende bei Apple eingestiegen, Julian H\u00f6nig ist seit gut neun Jahren bei Apple t\u00e4tig. Zumindest die beiden erstgenannten [&hellip;]<\/p>\n","protected":false},"author":2,"featured_media":0,"comment_status":"open","ping_status":"closed","sticky":false,"template":"","format":"standard","meta":{"_acf_changed":false,"footnotes":""},"categories":[1],"tags":[4736,250],"class_list":["post-136874","post","type-post","status-publish","format-standard","hentry","category-news","tag-apple","tag-design"],"acf":[],"aioseo_notices":[],"subheadline":["Generationenwechsel bahnt sich an"],"featured_image":["https:\/\/images.ifun.de\/wp-content\/uploads\/2018\/09\/ive-cook.jpg"],"rest_api_enabler":{"subheadline":"Generationenwechsel bahnt sich an","featured_image":"https:\/\/images.ifun.de\/wp-content\/uploads\/2018\/09\/ive-cook.jpg"},"_links":{"self":[{"href":"https:\/\/www.ifun.de\/apiv2\/wp\/v2\/posts\/136874","targetHints":{"allow":["GET"]}}],"collection":[{"href":"https:\/\/www.ifun.de\/apiv2\/wp\/v2\/posts"}],"about":[{"href":"https:\/\/www.ifun.de\/apiv2\/wp\/v2\/types\/post"}],"author":[{"embeddable":true,"href":"https:\/\/www.ifun.de\/apiv2\/wp\/v2\/users\/2"}],"replies":[{"embeddable":true,"href":"https:\/\/www.ifun.de\/apiv2\/wp\/v2\/comments?post=136874"}],"version-history":[{"count":5,"href":"https:\/\/www.ifun.de\/apiv2\/wp\/v2\/posts\/136874\/revisions"}],"predecessor-version":[{"id":136879,"href":"https:\/\/www.ifun.de\/apiv2\/wp\/v2\/posts\/136874\/revisions\/136879"}],"wp:attachment":[{"href":"https:\/\/www.ifun.de\/apiv2\/wp\/v2\/media?parent=136874"}],"wp:term":[{"taxonomy":"category","embeddable":true,"href":"https:\/\/www.ifun.de\/apiv2\/wp\/v2\/categories?post=136874"},{"taxonomy":"post_tag","embeddable":true,"href":"https:\/\/www.ifun.de\/apiv2\/wp\/v2\/tags?post=136874"}],"curies":[{"name":"wp","href":"https:\/\/api.w.org\/{rel}","templated":true}]}}