{"id":136821,"date":"2019-04-25T08:23:11","date_gmt":"2019-04-25T06:23:11","guid":{"rendered":"https:\/\/www.ifun.de\/?p=136821"},"modified":"2019-04-25T08:23:21","modified_gmt":"2019-04-25T06:23:21","slug":"so-in-etwa-bildschirmzeit-auf-dem-mac","status":"publish","type":"post","link":"https:\/\/www.ifun.de\/so-in-etwa-bildschirmzeit-auf-dem-mac-136821\/","title":{"rendered":"So in etwa: &#8222;Bildschirmzeit&#8220; auf dem Mac"},"content":{"rendered":"<p>Nach dem Aufkommen der Ger\u00fcchte, Apple k\u00f6nnte die Freigabe von macOS 10.15 im Herbst dazu nutzen, die von iOS 12 auf iPhone und iPad eingef\u00fchrte Bildschirmzeit-Funktion auch auf dem Mac abzulegen, pr\u00e4sentiert der Gestalter Jacob Grozian eine m\u00f6gliche Umsetzung.<\/p>\n<p><a href=\"https:\/\/images.ifun.de\/wp-content\/uploads\/2019\/04\/bildschirmzeit-mac.jpg\"><img loading=\"lazy\" decoding=\"async\" class=\"aligncenter size-medium wp-image-136823\" src=\"https:\/\/images.ifun.de\/wp-content\/uploads\/2019\/04\/bildschirmzeit-mac-500x465.jpg\" alt=\"Bildschirmzeit Mac\" width=\"500\" height=\"465\" srcset=\"https:\/\/images.ifun.de\/wp-content\/uploads\/2019\/04\/bildschirmzeit-mac-500x465.jpg 500w, https:\/\/images.ifun.de\/wp-content\/uploads\/2019\/04\/bildschirmzeit-mac-768x715.jpg 768w, https:\/\/images.ifun.de\/wp-content\/uploads\/2019\/04\/bildschirmzeit-mac-700x651.jpg 700w, https:\/\/images.ifun.de\/wp-content\/uploads\/2019\/04\/bildschirmzeit-mac.jpg 934w\" sizes=\"auto, (max-width: 500px) 100vw, 500px\" \/><\/a><\/p>\n<p><a href=\"https:\/\/jacobgrozian.com\/screentimeformac\/\">Das Konzept<\/a> orientiert sich an Apples k\u00fcrzlich neu gestaltetem Mac App Store und h\u00e4lt sich an die funktionalen Vorgaben des mobilen Originals, mit dessen Hilfe sich nicht nur die eigene Ger\u00e4te-Nutzung \u00fcberwachen l\u00e4sst, sondern auch fein konfigurierbare Limits f\u00fcr Familienangeh\u00f6rige gesetzt werden k\u00f6nnen.<\/p>\n<p>Im vergangenen Dezember ver\u00f6ffentlichte Apple ein deutschsprachiges <a href=\"https:\/\/www.youtube.com\/watch?v=nwXFlUNZADc\">Erkl\u00e4r-Video<\/a> der damals noch recht neuen Funktion \u201eBildschirmzeit\u201c und erl\u00e4utert <a href=\"https:\/\/support.apple.com\/de-de\/HT208982\">im Support-Bereich<\/a>:<\/p>\n<blockquote><p>Mit der Funktion &#8222;Bildschirmzeit&#8220; siehst du, wie viel Zeit du mit deinen Lieblings-Apps verbringst, und kannst Limits festlegen, um deine Zeit besser einzuteilen. Hier erf\u00e4hrst du, wie du l\u00e4stige Unterbrechungen vermeiden kannst und die Bildschirmzeit f\u00fcr dich und deine Familie verwaltest.<\/p><\/blockquote>\n<h2><a href=\"https:\/\/images.ifun.de\/wp-content\/uploads\/2019\/04\/bildschirmzeit-mac-large.jpg\"><img loading=\"lazy\" decoding=\"async\" class=\"aligncenter size-large wp-image-136824\" src=\"https:\/\/images.ifun.de\/wp-content\/uploads\/2019\/04\/bildschirmzeit-mac-large-700x425.jpg\" alt=\"Bildschirmzeit Mac Large\" width=\"700\" height=\"425\" srcset=\"https:\/\/images.ifun.de\/wp-content\/uploads\/2019\/04\/bildschirmzeit-mac-large-700x425.jpg 700w, https:\/\/images.ifun.de\/wp-content\/uploads\/2019\/04\/bildschirmzeit-mac-large-500x304.jpg 500w, https:\/\/images.ifun.de\/wp-content\/uploads\/2019\/04\/bildschirmzeit-mac-large-768x467.jpg 768w\" sizes=\"auto, (max-width: 700px) 100vw, 700px\" \/><\/a><\/h2>\n<h2>Grozian Bildschirmzeit-Konzept:<\/h2>\n<ul>\n<li><a href=\"https:\/\/jacobgrozian.com\/screentimeformac\/\">Projekt-Seite: &#8222;Screen Time for MacOS&#8220;<\/a><\/li>\n<li><a href=\"https:\/\/www.behance.net\/gallery\/79357429\/Screen-Time-for-Mac\">Entwurfsgrafiken auf behance.net<\/a><\/li>\n<\/ul>\n","protected":false},"excerpt":{"rendered":"<a href=\"https:\/\/www.ifun.de\/so-in-etwa-bildschirmzeit-auf-dem-mac-136821\/\"><img width=\"150\" height=\"150\" src=\"https:\/\/images.ifun.de\/wp-content\/uploads\/2019\/04\/bildschirmzeit-mac-large-150x150.jpg\" class=\"alignright tfe wp-post-image\" alt=\"Bildschirmzeit Mac Large\" decoding=\"async\" loading=\"lazy\" \/><\/a><p>Nach dem Aufkommen der Ger\u00fcchte, Apple k\u00f6nnte die Freigabe von macOS 10.15 im Herbst dazu nutzen, die von iOS 12 auf iPhone und iPad eingef\u00fchrte Bildschirmzeit-Funktion auch auf dem Mac abzulegen, pr\u00e4sentiert der Gestalter Jacob Grozian eine m\u00f6gliche Umsetzung. Das Konzept orientiert sich an Apples k\u00fcrzlich neu gestaltetem Mac App Store und h\u00e4lt sich an [&hellip;]<\/p>\n","protected":false},"author":1,"featured_media":136824,"comment_status":"open","ping_status":"closed","sticky":false,"template":"","format":"standard","meta":{"_acf_changed":false,"footnotes":""},"categories":[1],"tags":[4225,250,4739,3095],"class_list":["post-136821","post","type-post","status-publish","format-standard","has-post-thumbnail","hentry","category-news","tag-bildschirmzeit","tag-design","tag-ios","tag-macos"],"acf":[],"aioseo_notices":[],"subheadline":["Erste Konzept-Entw\u00fcrfe"],"featured_image":["https:\/\/images.ifun.de\/wp-content\/uploads\/2019\/04\/Bildschirmzeit.jpg"],"rest_api_enabler":{"subheadline":"Erste Konzept-Entw\u00fcrfe","featured_image":"https:\/\/images.ifun.de\/wp-content\/uploads\/2019\/04\/Bildschirmzeit.jpg"},"_links":{"self":[{"href":"https:\/\/www.ifun.de\/apiv2\/wp\/v2\/posts\/136821","targetHints":{"allow":["GET"]}}],"collection":[{"href":"https:\/\/www.ifun.de\/apiv2\/wp\/v2\/posts"}],"about":[{"href":"https:\/\/www.ifun.de\/apiv2\/wp\/v2\/types\/post"}],"author":[{"embeddable":true,"href":"https:\/\/www.ifun.de\/apiv2\/wp\/v2\/users\/1"}],"replies":[{"embeddable":true,"href":"https:\/\/www.ifun.de\/apiv2\/wp\/v2\/comments?post=136821"}],"version-history":[{"count":1,"href":"https:\/\/www.ifun.de\/apiv2\/wp\/v2\/posts\/136821\/revisions"}],"predecessor-version":[{"id":136825,"href":"https:\/\/www.ifun.de\/apiv2\/wp\/v2\/posts\/136821\/revisions\/136825"}],"wp:featuredmedia":[{"embeddable":true,"href":"https:\/\/www.ifun.de\/apiv2\/wp\/v2\/media\/136824"}],"wp:attachment":[{"href":"https:\/\/www.ifun.de\/apiv2\/wp\/v2\/media?parent=136821"}],"wp:term":[{"taxonomy":"category","embeddable":true,"href":"https:\/\/www.ifun.de\/apiv2\/wp\/v2\/categories?post=136821"},{"taxonomy":"post_tag","embeddable":true,"href":"https:\/\/www.ifun.de\/apiv2\/wp\/v2\/tags?post=136821"}],"curies":[{"name":"wp","href":"https:\/\/api.w.org\/{rel}","templated":true}]}}