{"id":136799,"date":"2019-04-24T18:01:06","date_gmt":"2019-04-24T16:01:06","guid":{"rendered":"https:\/\/www.ifun.de\/?p=136799"},"modified":"2019-04-24T18:06:28","modified_gmt":"2019-04-24T16:06:28","slug":"dynamic-dark-mode-ein-umfangreicher-helldunkel-umschalter","status":"publish","type":"post","link":"https:\/\/www.ifun.de\/dynamic-dark-mode-ein-umfangreicher-helldunkel-umschalter-136799\/","title":{"rendered":"Dynamic Dark Mode: Ein umfangreicher Hell\/Dunkel-Umschalter"},"content":{"rendered":"<p>Die quelloffene Mini-App <a href=\"https:\/\/github.com\/ApolloZhu\/Dynamic-Dark-Mode\">Dynamic Dark Mode<\/a> haben wir im Zusammenhang mit dem Dunkelmodus von macOS Mojave zwar schon mal <a href=\"https:\/\/www.ifun.de\/gray-macos-dunkelmodus-auf-app-basis-aktivieren-128205\/\">im Vorbeigehen erw\u00e4hnt<\/a>, ausdr\u00fccklich hingewiesen haben wir auf die nur gut 20MB kleine Men\u00fcleisten-App allerdings noch nicht. <\/p>\n<p><a href=\"https:\/\/images.ifun.de\/wp-content\/uploads\/2019\/04\/dark-mode-umschalten.jpg\"><img loading=\"lazy\" decoding=\"async\" src=\"https:\/\/images.ifun.de\/wp-content\/uploads\/2019\/04\/dark-mode-umschalten-500x278.jpg\" alt=\"Dark Mode Umschalten\" width=\"500\" height=\"278\" class=\"aligncenter size-medium wp-image-136800\" srcset=\"https:\/\/images.ifun.de\/wp-content\/uploads\/2019\/04\/dark-mode-umschalten-500x278.jpg 500w, https:\/\/images.ifun.de\/wp-content\/uploads\/2019\/04\/dark-mode-umschalten.jpg 633w\" sizes=\"auto, (max-width: 500px) 100vw, 500px\" \/><\/a><\/p>\n<p>Die E-Mail-Zuschrift des ifun.de-Lesers Christian \u00e4ndert dies heute. Dieser bricht eine Lanze f\u00fcr den immer griffbereiten, auf Wunsch auch automatisch arbeitenden Umschalter und schreibt: <\/p>\n<blockquote><p>Liebes ifun.de-Team, es gibt zwar mittlerweile gen\u00fcgend Programme, die den automatischen Wechsel zwischen hellem und dunklem Systemdesign \u00fcbernehmen, dennoch w\u00fcrde ich euch gerne Dynamic Dark Mode ans Herz legen. <\/p>\n<p>Der Vorteil im Gegensatz zu anderen Programmen liegt darin, dass sich das Icon in der Men\u00fcleiste vollst\u00e4ndig ausblenden l\u00e4sst und es damit unbemerkt im Hintergrund laufen kann. Zudem l\u00e4sst es sich der Wechsel auch \u00fcber den Lichtsensor regeln.<\/p><\/blockquote>\n<p>Hinzu kommt die Touch Bar-Unterst\u00fctzung, die euch \u00fcberlassene Wahl, das Men\u00fcleisten-Symbol neben dem Tastatur-Umschalter als zus\u00e4tzlichen Knopf f\u00fcr den direkten Wechsel zwischen heller und dunkler Ansicht zu nutzen und die Tatsache, dass Dynamic Dark Mode komplett Deutsch lokalisiert wurde. <\/p>\n<p>Zum Download <a href=\"https:\/\/github.com\/ApolloZhu\/Dynamic-Dark-Mode\/releases\">bitte hier entlang<\/a>. <\/p>\n<p><a href=\"https:\/\/images.ifun.de\/wp-content\/uploads\/2019\/04\/Dynamic-Dark-Mode.png\"><img loading=\"lazy\" decoding=\"async\" src=\"https:\/\/images.ifun.de\/wp-content\/uploads\/2019\/04\/Dynamic-Dark-Mode-700x330.png\" alt=\"Dynamic Dark Mode\" width=\"700\" height=\"330\" class=\"aligncenter size-large wp-image-136802\" srcset=\"https:\/\/images.ifun.de\/wp-content\/uploads\/2019\/04\/Dynamic-Dark-Mode-700x330.png 700w, https:\/\/images.ifun.de\/wp-content\/uploads\/2019\/04\/Dynamic-Dark-Mode-500x236.png 500w, https:\/\/images.ifun.de\/wp-content\/uploads\/2019\/04\/Dynamic-Dark-Mode-768x362.png 768w, https:\/\/images.ifun.de\/wp-content\/uploads\/2019\/04\/Dynamic-Dark-Mode.png 1328w\" sizes=\"auto, (max-width: 700px) 100vw, 700px\" \/><\/a><\/p>\n","protected":false},"excerpt":{"rendered":"<a href=\"https:\/\/www.ifun.de\/dynamic-dark-mode-ein-umfangreicher-helldunkel-umschalter-136799\/\"><img width=\"150\" height=\"150\" src=\"https:\/\/images.ifun.de\/wp-content\/uploads\/2019\/04\/Dynamic-Dark-Mode-150x150.png\" class=\"alignright tfe wp-post-image\" alt=\"Dynamic Dark Mode\" decoding=\"async\" loading=\"lazy\" \/><\/a><p>Die quelloffene Mini-App Dynamic Dark Mode haben wir im Zusammenhang mit dem Dunkelmodus von macOS Mojave zwar schon mal im Vorbeigehen erw\u00e4hnt, ausdr\u00fccklich hingewiesen haben wir auf die nur gut 20MB kleine Men\u00fcleisten-App allerdings noch nicht. Die E-Mail-Zuschrift des ifun.de-Lesers Christian \u00e4ndert dies heute. Dieser bricht eine Lanze f\u00fcr den immer griffbereiten, auf Wunsch auch [&hellip;]<\/p>\n","protected":false},"author":1,"featured_media":136802,"comment_status":"open","ping_status":"closed","sticky":false,"template":"","format":"standard","meta":{"_acf_changed":false,"footnotes":""},"categories":[5],"tags":[4737,2612,3095,2051],"class_list":["post-136799","post","type-post","status-publish","format-standard","has-post-thumbnail","hentry","category-apps","tag-apps","tag-dark-mode","tag-macos","tag-menueleiste"],"acf":[],"aioseo_notices":[],"featured_image":["https:\/\/images.ifun.de\/wp-content\/uploads\/2019\/04\/auto-dynamic-dark-mode.jpg"],"subheadline":["F\u00fcr die Mac-Men\u00fcleiste"],"rest_api_enabler":{"featured_image":"https:\/\/images.ifun.de\/wp-content\/uploads\/2019\/04\/auto-dynamic-dark-mode.jpg","subheadline":"F\u00fcr die Mac-Men\u00fcleiste"},"_links":{"self":[{"href":"https:\/\/www.ifun.de\/apiv2\/wp\/v2\/posts\/136799","targetHints":{"allow":["GET"]}}],"collection":[{"href":"https:\/\/www.ifun.de\/apiv2\/wp\/v2\/posts"}],"about":[{"href":"https:\/\/www.ifun.de\/apiv2\/wp\/v2\/types\/post"}],"author":[{"embeddable":true,"href":"https:\/\/www.ifun.de\/apiv2\/wp\/v2\/users\/1"}],"replies":[{"embeddable":true,"href":"https:\/\/www.ifun.de\/apiv2\/wp\/v2\/comments?post=136799"}],"version-history":[{"count":2,"href":"https:\/\/www.ifun.de\/apiv2\/wp\/v2\/posts\/136799\/revisions"}],"predecessor-version":[{"id":136805,"href":"https:\/\/www.ifun.de\/apiv2\/wp\/v2\/posts\/136799\/revisions\/136805"}],"wp:featuredmedia":[{"embeddable":true,"href":"https:\/\/www.ifun.de\/apiv2\/wp\/v2\/media\/136802"}],"wp:attachment":[{"href":"https:\/\/www.ifun.de\/apiv2\/wp\/v2\/media?parent=136799"}],"wp:term":[{"taxonomy":"category","embeddable":true,"href":"https:\/\/www.ifun.de\/apiv2\/wp\/v2\/categories?post=136799"},{"taxonomy":"post_tag","embeddable":true,"href":"https:\/\/www.ifun.de\/apiv2\/wp\/v2\/tags?post=136799"}],"curies":[{"name":"wp","href":"https:\/\/api.w.org\/{rel}","templated":true}]}}