{"id":136752,"date":"2019-04-24T12:34:20","date_gmt":"2019-04-24T10:34:20","guid":{"rendered":"https:\/\/www.ifun.de\/?p=136752"},"modified":"2019-04-24T12:35:08","modified_gmt":"2019-04-24T10:35:08","slug":"apple-pencil-2-saugt-ipad-akkus-leer","status":"publish","type":"post","link":"https:\/\/www.ifun.de\/apple-pencil-2-saugt-ipad-akkus-leer-136752\/","title":{"rendered":"Apple Pencil 2 saugt iPad-Akkus leer"},"content":{"rendered":"<p>Besitzer der aktuellen <a href=\"https:\/\/apple.sjv.io\/V01yE\">iPad-Pro-Modelle<\/a> klagen dar\u00fcber, dass der Akku der Ger\u00e4te sich im Standby-Betrieb mit angedocktem <a href=\"https:\/\/www.apple.com\/de\/apple-pencil\/\">Apple Pencil 2<\/a> zu schnell entl\u00e4dt. <a href=\"https:\/\/discussions.apple.com\/thread\/8640765\">Im Apple-Supportforum<\/a> gibt es mittlerweile einen langen Diskussionsstrang zu diesem Thema, erg\u00e4nzend liegen uns mehrere Leserzuschriften dazu vor.<\/p>\n<p>Den Berichten zufolge verliert der Akku des iPad in Verbindung mit dem Apple Pencil 2 im Ruhezustand pro Stunde bis zu einem Prozent mehr an Akku-Leistung als ohne den Stift. Der Apple Pencil 2 wird magnetisch ans iPad \u201egeklebt\u201c und f\u00fcllt in dieser Position seinen Akku durch Induktionsladung.<\/p>\n<p><a href=\"https:\/\/images.ifun.de\/wp-content\/uploads\/2019\/04\/apple-pencil-2-akku.jpg\"><img loading=\"lazy\" decoding=\"async\" src=\"https:\/\/images.ifun.de\/wp-content\/uploads\/2019\/04\/apple-pencil-2-akku-700x110.jpg\" alt=\"Apple Pencil 2 Akku\" width=\"700\" height=\"110\" class=\"alignnone size-large wp-image-136757\" srcset=\"https:\/\/images.ifun.de\/wp-content\/uploads\/2019\/04\/apple-pencil-2-akku-700x110.jpg 700w, https:\/\/images.ifun.de\/wp-content\/uploads\/2019\/04\/apple-pencil-2-akku-500x79.jpg 500w, https:\/\/images.ifun.de\/wp-content\/uploads\/2019\/04\/apple-pencil-2-akku-768x121.jpg 768w, https:\/\/images.ifun.de\/wp-content\/uploads\/2019\/04\/apple-pencil-2-akku.jpg 1254w\" sizes=\"auto, (max-width: 700px) 100vw, 700px\" \/><\/a><\/p>\n<blockquote>\n<p>Ist euch schon mal aufgefallen, dass der neue Apple Pencil 2 das neue iPad Pro im unber\u00fchrten, und nicht benutzten Zustand \u00fcber Tage fast komplett entleert?<\/p>\n<p>Ich hatte neulich knappe 80 % Akku, nach 2 Tagen an denen das iPad danach nicht benutzt wurde, lag es schlie\u00dflich noch bei 28 %. Anscheinend saugt der Apple Pencil 2 das iPad komplett leer und l\u00e4dt ununterbrochen auch im Standby. Mein Arbeitskollege und dessen Vater leiden unter demselben Problem!<\/p>\n<\/blockquote>\n<p>Man darf davon ausgehen, dass es sich hierbei um einen Software-Fehler handelt, den Apple mit einem der n\u00e4chsten iOS-Updates oder auch durch eine weitere Firmware-Aktualisierung des Stiftes korrigieren wird. Offenbar wurde die Akku-Gier des Apple Pencil 2 unter iOS 12.1.4 vor\u00fcbergehend gebremst, mit der aktuellen iOS-Version 12.2 ist das Problem jedoch f\u00fcr viele Nutzer zur\u00fcckgekehrt.<\/p>\n","protected":false},"excerpt":{"rendered":"<a href=\"https:\/\/www.ifun.de\/apple-pencil-2-saugt-ipad-akkus-leer-136752\/\"><img width=\"150\" height=\"150\" src=\"https:\/\/images.ifun.de\/wp-content\/uploads\/2019\/04\/apple-pencil-zeichnen-150x150.jpg\" class=\"alignright tfe wp-post-image\" alt=\"Apple Pencil Zeichnen\" decoding=\"async\" loading=\"lazy\" \/><\/a><p>Besitzer der aktuellen iPad-Pro-Modelle klagen dar\u00fcber, dass der Akku der Ger\u00e4te sich im Standby-Betrieb mit angedocktem Apple Pencil 2 zu schnell entl\u00e4dt. Im Apple-Supportforum gibt es mittlerweile einen langen Diskussionsstrang zu diesem Thema, erg\u00e4nzend liegen uns mehrere Leserzuschriften dazu vor. Den Berichten zufolge verliert der Akku des iPad in Verbindung mit dem Apple Pencil 2 [&hellip;]<\/p>\n","protected":false},"author":2,"featured_media":136756,"comment_status":"open","ping_status":"closed","sticky":false,"template":"","format":"standard","meta":{"_acf_changed":false,"footnotes":""},"categories":[10],"tags":[137,2868,2486],"class_list":["post-136752","post","type-post","status-publish","format-standard","has-post-thumbnail","hentry","category-ipad","tag-akku","tag-apple-pencil","tag-ipad-pro"],"acf":[],"aioseo_notices":[],"subheadline":["Probleme kehren mit iOS 12.2 zur\u00fcck"],"featured_image":["https:\/\/images.ifun.de\/wp-content\/uploads\/2019\/04\/apple-pencil-zeichnen.jpg"],"rest_api_enabler":{"subheadline":"Probleme kehren mit iOS 12.2 zur\u00fcck","featured_image":"https:\/\/images.ifun.de\/wp-content\/uploads\/2019\/04\/apple-pencil-zeichnen.jpg"},"_links":{"self":[{"href":"https:\/\/www.ifun.de\/apiv2\/wp\/v2\/posts\/136752","targetHints":{"allow":["GET"]}}],"collection":[{"href":"https:\/\/www.ifun.de\/apiv2\/wp\/v2\/posts"}],"about":[{"href":"https:\/\/www.ifun.de\/apiv2\/wp\/v2\/types\/post"}],"author":[{"embeddable":true,"href":"https:\/\/www.ifun.de\/apiv2\/wp\/v2\/users\/2"}],"replies":[{"embeddable":true,"href":"https:\/\/www.ifun.de\/apiv2\/wp\/v2\/comments?post=136752"}],"version-history":[{"count":5,"href":"https:\/\/www.ifun.de\/apiv2\/wp\/v2\/posts\/136752\/revisions"}],"predecessor-version":[{"id":136759,"href":"https:\/\/www.ifun.de\/apiv2\/wp\/v2\/posts\/136752\/revisions\/136759"}],"wp:featuredmedia":[{"embeddable":true,"href":"https:\/\/www.ifun.de\/apiv2\/wp\/v2\/media\/136756"}],"wp:attachment":[{"href":"https:\/\/www.ifun.de\/apiv2\/wp\/v2\/media?parent=136752"}],"wp:term":[{"taxonomy":"category","embeddable":true,"href":"https:\/\/www.ifun.de\/apiv2\/wp\/v2\/categories?post=136752"},{"taxonomy":"post_tag","embeddable":true,"href":"https:\/\/www.ifun.de\/apiv2\/wp\/v2\/tags?post=136752"}],"curies":[{"name":"wp","href":"https:\/\/api.w.org\/{rel}","templated":true}]}}