{"id":135746,"date":"2019-03-29T13:22:43","date_gmt":"2019-03-29T12:22:43","guid":{"rendered":"https:\/\/www.ifun.de\/?p=135746"},"modified":"2019-03-29T13:35:44","modified_gmt":"2019-03-29T12:35:44","slug":"ipad-air-und-ipod-mini-apple-ladengeschaefte-erhalten-erste-lieferungen","status":"publish","type":"post","link":"https:\/\/www.ifun.de\/ipad-air-und-ipod-mini-apple-ladengeschaefte-erhalten-erste-lieferungen-135746\/","title":{"rendered":"iPad Air und iPad mini: Apple-Ladengesch\u00e4fte erhalten erste Lieferungen"},"content":{"rendered":"<p>Die letzte Woche vorgestellten <a href=\"https:\/\/apple.sjv.io\/V01yE\">neuen iPad-Modelle<\/a> geben ihr Deb\u00fct in den Apple-Ladengesch\u00e4ften. Die Ger\u00e4te sind nun zumindest teilweise auch direkt in den <a href=\"https:\/\/www.apple.com\/de\/retail\/\">15 deutschen Apple Stores<\/a> erh\u00e4ltlich.<\/p>\n<p><a href=\"https:\/\/images.ifun.de\/wp-content\/uploads\/2019\/03\/ipad-mini-2019-1.jpg\"><img loading=\"lazy\" decoding=\"async\" src=\"https:\/\/images.ifun.de\/wp-content\/uploads\/2019\/03\/ipad-mini-2019-1.jpg\" alt=\"Ipad Mini 2019\" width=\"500\" height=\"667\" class=\"alignnone size-full wp-image-135749\" srcset=\"https:\/\/images.ifun.de\/wp-content\/uploads\/2019\/03\/ipad-mini-2019-1.jpg 500w, https:\/\/images.ifun.de\/wp-content\/uploads\/2019\/03\/ipad-mini-2019-1-375x500.jpg 375w\" sizes=\"auto, (max-width: 500px) 100vw, 500px\" \/><\/a><\/p>\n<p>Apples Online-Abfrage listet die Ger\u00e4te allerdings weiterhin mit dem Hinweis \u201eAbholung im Apple Store ist derzeit leider nicht verf\u00fcgbar\u201c. Wenn ihr deswegen also einen l\u00e4ngeren Anfahrtsweg in Kauf nehmt, ruft besser vorab mal dort an. ifun-Leser Benjamin konnte das neue iPad mini heute bereits im Apple Store Sindelfingen mitnehmen.<\/p>\n<p>Apple hat vergangene Woche neue Modelle des iPad Air und des iPad mini vorgestellt. Beide Ger\u00e4te arbeiten mit Apples neuem A12 Bionic Chip, sind mit hochaufl\u00f6senden Retina-Bildschirmen ausgestattet und unterst\u00fctzen den Apple Pencil der ersten Generation. Das iPad Air ist nun zudem mit gr\u00f6\u00dferem 10,5-Zoll-Bildschirm erh\u00e4ltlich. Das neue iPad Air ist zu Preisen ab 549 Euro erh\u00e4ltlich, f\u00fcr das neue iPad mini fallen mindestens 449 Euro an.<\/p>\n","protected":false},"excerpt":{"rendered":"<a href=\"https:\/\/www.ifun.de\/ipad-air-und-ipod-mini-apple-ladengeschaefte-erhalten-erste-lieferungen-135746\/\"><img width=\"150\" height=\"150\" src=\"https:\/\/images.ifun.de\/wp-content\/uploads\/2019\/03\/ipad-mini-2019-1-150x150.jpg\" class=\"alignright tfe wp-post-image\" alt=\"Ipad Mini 2019\" decoding=\"async\" loading=\"lazy\" \/><\/a><p>Die letzte Woche vorgestellten neuen iPad-Modelle geben ihr Deb\u00fct in den Apple-Ladengesch\u00e4ften. Die Ger\u00e4te sind nun zumindest teilweise auch direkt in den 15 deutschen Apple Stores erh\u00e4ltlich. Apples Online-Abfrage listet die Ger\u00e4te allerdings weiterhin mit dem Hinweis \u201eAbholung im Apple Store ist derzeit leider nicht verf\u00fcgbar\u201c. Wenn ihr deswegen also einen l\u00e4ngeren Anfahrtsweg in Kauf [&hellip;]<\/p>\n","protected":false},"author":2,"featured_media":135749,"comment_status":"open","ping_status":"closed","sticky":false,"template":"","format":"standard","meta":{"_acf_changed":false,"footnotes":""},"categories":[10],"tags":[2067,1335],"class_list":["post-135746","post","type-post","status-publish","format-standard","has-post-thumbnail","hentry","category-ipad","tag-ipad-air","tag-ipad-mini"],"acf":[],"aioseo_notices":[],"subheadline":["Teils zum Mitnehmen erh\u00e4ltlich"],"featured_image":["https:\/\/images.ifun.de\/wp-content\/uploads\/2019\/03\/ipad-mini-2019-header.jpg"],"rest_api_enabler":{"subheadline":"Teils zum Mitnehmen erh\u00e4ltlich","featured_image":"https:\/\/images.ifun.de\/wp-content\/uploads\/2019\/03\/ipad-mini-2019-header.jpg"},"_links":{"self":[{"href":"https:\/\/www.ifun.de\/apiv2\/wp\/v2\/posts\/135746","targetHints":{"allow":["GET"]}}],"collection":[{"href":"https:\/\/www.ifun.de\/apiv2\/wp\/v2\/posts"}],"about":[{"href":"https:\/\/www.ifun.de\/apiv2\/wp\/v2\/types\/post"}],"author":[{"embeddable":true,"href":"https:\/\/www.ifun.de\/apiv2\/wp\/v2\/users\/2"}],"replies":[{"embeddable":true,"href":"https:\/\/www.ifun.de\/apiv2\/wp\/v2\/comments?post=135746"}],"version-history":[{"count":4,"href":"https:\/\/www.ifun.de\/apiv2\/wp\/v2\/posts\/135746\/revisions"}],"predecessor-version":[{"id":135751,"href":"https:\/\/www.ifun.de\/apiv2\/wp\/v2\/posts\/135746\/revisions\/135751"}],"wp:featuredmedia":[{"embeddable":true,"href":"https:\/\/www.ifun.de\/apiv2\/wp\/v2\/media\/135749"}],"wp:attachment":[{"href":"https:\/\/www.ifun.de\/apiv2\/wp\/v2\/media?parent=135746"}],"wp:term":[{"taxonomy":"category","embeddable":true,"href":"https:\/\/www.ifun.de\/apiv2\/wp\/v2\/categories?post=135746"},{"taxonomy":"post_tag","embeddable":true,"href":"https:\/\/www.ifun.de\/apiv2\/wp\/v2\/tags?post=135746"}],"curies":[{"name":"wp","href":"https:\/\/api.w.org\/{rel}","templated":true}]}}