{"id":135706,"date":"2019-03-28T20:44:04","date_gmt":"2019-03-28T19:44:04","guid":{"rendered":"https:\/\/www.ifun.de\/?p=135706"},"modified":"2019-03-28T20:45:49","modified_gmt":"2019-03-28T19:45:49","slug":"imac-pro-wer-256-gb-ram-will-muss-gleich-zu-beginn-in-den-sauren-apfel-beissen","status":"publish","type":"post","link":"https:\/\/www.ifun.de\/imac-pro-wer-256-gb-ram-will-muss-gleich-zu-beginn-in-den-sauren-apfel-beissen-135706\/","title":{"rendered":"iMac Pro: Wer 256 GB RAM will muss gleich zu Beginn in den sauren Apfel bei\u00dfen"},"content":{"rendered":"<p>Der <a href=\"https:\/\/apple.sjv.io\/AGvXJ\">iMac Pro<\/a> ist seit vergangener Woche auch mit 256 GB Arbeitsspeicher erh\u00e4ltlich. Wie es scheint, l\u00e4sst sich der Rechner wenn er zun\u00e4chst mit weniger Speicher gekauft wurde nicht im Nachhinein auf dieses neue Maximum aufr\u00fcsten.<\/p>\n<p><a href=\"https:\/\/images.ifun.de\/wp-content\/uploads\/2017\/06\/new_2017_imac_pro_accessories.jpg\"><img decoding=\"async\" src=\"https:\/\/images.ifun.de\/wp-content\/uploads\/2017\/06\/new_2017_imac_pro_accessories.jpg\" alt=\"New 2017 Imac Pro Accessories\" width=\"500\" class=\"aligncenter size-full wp-image-108524\" srcset=\"https:\/\/images.ifun.de\/wp-content\/uploads\/2017\/06\/new_2017_imac_pro_accessories.jpg 700w, https:\/\/images.ifun.de\/wp-content\/uploads\/2017\/06\/new_2017_imac_pro_accessories-300x170.jpg 300w\" sizes=\"(max-width: 700px) 100vw, 700px\" \/><\/a><\/p>\n<p>Internen Support-Dokumenten zufolge sind nachtr\u00e4gliche Speicher-Upgrades auch nach der letzten Aktualisierung nur bis 128 GB Speicher durchf\u00fchrbar. Der Grund f\u00fcr diese Limitierung scheint eine speziell erforderliche Konfiguration des Rechners zu sein. Dementsprechend sollen auch externe Anbieter nicht in der Lage sein, die Speichererweiterung durchzuf\u00fchren. (Via <a href=\"https:\/\/www.macrumors.com\/2019\/03\/28\/imac-pro-256gb-ram-only-at-time-of-purchase\/\">MacRumors<\/a>)<\/p>\n<h2>6.240 Euro Aufpreis<\/h2>\n<p>Wer jetzt denkt, dann stecken wir das Maximum eben gleich zu Beginn rein, sollte einen dezenten Blick auf die Preisgestaltung der Upgrades werfen. Der Basispreis f\u00fcr den iMac Pro liegt in Deutschland mit 32 GB Speicher bei 5.499 Euro. Bereits f\u00fcr die Erweiterung auf 64 GB werden zus\u00e4tzliche 480 Euro f\u00e4llig, mit 128 GB Speicher verlangt Apple 2.400 Euro Aufschlag und die Erweiterung auf 256 GB RAM kostet mit 6.240 Euro mehr als der Rechner selbst in seiner einfachsten Konfiguration.<\/p>\n<p><a href=\"https:\/\/images.ifun.de\/wp-content\/uploads\/2019\/03\/ausstattung.jpg\"><img loading=\"lazy\" decoding=\"async\" src=\"https:\/\/images.ifun.de\/wp-content\/uploads\/2019\/03\/ausstattung-700x326.jpg\" alt=\"Ausstattung\" width=\"700\" height=\"326\" class=\"aligncenter size-large wp-image-135246\" srcset=\"https:\/\/images.ifun.de\/wp-content\/uploads\/2019\/03\/ausstattung-700x326.jpg 700w, https:\/\/images.ifun.de\/wp-content\/uploads\/2019\/03\/ausstattung-500x233.jpg 500w, https:\/\/images.ifun.de\/wp-content\/uploads\/2019\/03\/ausstattung-768x358.jpg 768w\" sizes=\"auto, (max-width: 700px) 100vw, 700px\" \/><\/a><\/p>\n","protected":false},"excerpt":{"rendered":"<a href=\"https:\/\/www.ifun.de\/imac-pro-wer-256-gb-ram-will-muss-gleich-zu-beginn-in-den-sauren-apfel-beissen-135706\/\"><img decoding=\"async\" width=\"150\" src=\"https:\/\/images.ifun.de\/wp-content\/uploads\/2017\/06\/new_2017_imac_pro_accessories.jpg\" class=\"alignright wp-post-image tfe\" alt=\"New 2017 Imac Pro Accessories\" title=\"\" \/><\/a><p>Der iMac Pro ist seit vergangener Woche auch mit 256 GB Arbeitsspeicher erh\u00e4ltlich. Wie es scheint, l\u00e4sst sich der Rechner wenn er zun\u00e4chst mit weniger Speicher gekauft wurde nicht im Nachhinein auf dieses neue Maximum aufr\u00fcsten. Internen Support-Dokumenten zufolge sind nachtr\u00e4gliche Speicher-Upgrades auch nach der letzten Aktualisierung nur bis 128 GB Speicher durchf\u00fchrbar. Der Grund [&hellip;]<\/p>\n","protected":false},"author":2,"featured_media":0,"comment_status":"open","ping_status":"closed","sticky":false,"template":"","format":"standard","meta":{"_acf_changed":false,"footnotes":""},"categories":[1],"tags":[3718,795],"class_list":["post-135706","post","type-post","status-publish","format-standard","hentry","category-news","tag-imac-pro","tag-ram"],"acf":[],"aioseo_notices":[],"subheadline":["Erweiterung im Nachhinein nicht m\u00f6glich"],"featured_image":["https:\/\/images.ifun.de\/wp-content\/uploads\/2017\/10\/imac-pro.jpg"],"rest_api_enabler":{"subheadline":"Erweiterung im Nachhinein nicht m\u00f6glich","featured_image":"https:\/\/images.ifun.de\/wp-content\/uploads\/2017\/10\/imac-pro.jpg"},"_links":{"self":[{"href":"https:\/\/www.ifun.de\/apiv2\/wp\/v2\/posts\/135706","targetHints":{"allow":["GET"]}}],"collection":[{"href":"https:\/\/www.ifun.de\/apiv2\/wp\/v2\/posts"}],"about":[{"href":"https:\/\/www.ifun.de\/apiv2\/wp\/v2\/types\/post"}],"author":[{"embeddable":true,"href":"https:\/\/www.ifun.de\/apiv2\/wp\/v2\/users\/2"}],"replies":[{"embeddable":true,"href":"https:\/\/www.ifun.de\/apiv2\/wp\/v2\/comments?post=135706"}],"version-history":[{"count":8,"href":"https:\/\/www.ifun.de\/apiv2\/wp\/v2\/posts\/135706\/revisions"}],"predecessor-version":[{"id":135714,"href":"https:\/\/www.ifun.de\/apiv2\/wp\/v2\/posts\/135706\/revisions\/135714"}],"wp:attachment":[{"href":"https:\/\/www.ifun.de\/apiv2\/wp\/v2\/media?parent=135706"}],"wp:term":[{"taxonomy":"category","embeddable":true,"href":"https:\/\/www.ifun.de\/apiv2\/wp\/v2\/categories?post=135706"},{"taxonomy":"post_tag","embeddable":true,"href":"https:\/\/www.ifun.de\/apiv2\/wp\/v2\/tags?post=135706"}],"curies":[{"name":"wp","href":"https:\/\/api.w.org\/{rel}","templated":true}]}}