{"id":135563,"date":"2019-03-26T11:32:44","date_gmt":"2019-03-26T10:32:44","guid":{"rendered":"https:\/\/www.ifun.de\/?p=135563"},"modified":"2019-03-27T15:31:39","modified_gmt":"2019-03-27T14:31:39","slug":"ikea-symfonisk-offizielle-bilder-zeigen-sonos-lautsprecher","status":"publish","type":"post","link":"https:\/\/www.ifun.de\/ikea-symfonisk-offizielle-bilder-zeigen-sonos-lautsprecher-135563\/","title":{"rendered":"IKEA SYMFONISK: Offizielle Bilder zeigen Sonos-Lautsprecher"},"content":{"rendered":"<p>Gef\u00fchlt besitzt der RED DOT Design-Award in etwa die gleiche Exklusivit\u00e4t wie ein Siegel des T\u00dcV-Rheinland: Im Zweifelsfall m\u00fcsst ihr euch nur kurz umdrehen, und schon prangen auf dem soeben abgestellten Papierm\u00fclleimer Sticker von beiden Organisationen. <\/p>\n<p><a href=\"https:\/\/images.ifun.de\/wp-content\/uploads\/2019\/03\/ikea-symfonisk-bett.jpg\"><img loading=\"lazy\" decoding=\"async\" src=\"https:\/\/images.ifun.de\/wp-content\/uploads\/2019\/03\/ikea-symfonisk-bett-500x375.jpg\" alt=\"Ikea Symfonisk Bett\" width=\"500\" height=\"375\" class=\"aligncenter size-medium wp-image-135565\" srcset=\"https:\/\/images.ifun.de\/wp-content\/uploads\/2019\/03\/ikea-symfonisk-bett-500x375.jpg 500w, https:\/\/images.ifun.de\/wp-content\/uploads\/2019\/03\/ikea-symfonisk-bett-768x576.jpg 768w, https:\/\/images.ifun.de\/wp-content\/uploads\/2019\/03\/ikea-symfonisk-bett-700x525.jpg 700w\" sizes=\"auto, (max-width: 500px) 100vw, 500px\" \/><\/a><\/p>\n<p>Anders formuliert: Der RED DOT Design-Award zeichnet nicht unbedingt gutes Design aus, sch\u00f6n gestaltete Objekte k\u00f6nnen aber durchaus mit dem RED DOT Design-Award gekennzeichnet worden sein. Der Design-Award stellt seinen Gewinnern \u00fcbrigens <a href=\"https:\/\/newsroom.inter.ikea.com\/news\/all\/ikea-receives-seven-red-dot-awards-2019-for-product-design\/s\/0401ecec-8b18-4e8d-bff7-8c29cb332844\">happige Jahresgeb\u00fchren<\/a> in Rechnung &#8211; aber das nur nebenbei.<\/p>\n<p>Denn eigentlich geht es um etwas ganz anderes: IKEAs Sonos Lautsprecher, der erst <a href=\"https:\/\/www.iphone-ticker.de\/ikea-symfonisk-zulassungs-unterlagen-zeigen-sonos-lautsprecher-139111\/\">am Freitag gesichtete<\/a> IKEA SYMFONISK, hat k\u00fcrzlich den RED DOT Design-Award zugeteilt bekommen. Aus Anlass der Auszeichnung hat das schwedische Einrichtungshaus jetzt zwei neue Bilder des g\u00fcnstigen Sonos-Lautsprechers ver\u00f6ffentlicht, der bereits im kommenden Monat offiziell vorgestellt werden soll und im August <a href=\"https:\/\/www.iphone-ticker.de\/sonos-symfonisk-und-eneby-neue-ikea-lautsprecher-im-april-138691\/\">in den Handel kommen wird<\/a>.<\/p>\n<p>Der fehlende Mikrofon-Knopf deutet darauf hin, dass die Speaker auf eine Alexa-Unterst\u00fctzung verzichten werden. <\/p>\n<p><a href=\"https:\/\/images.ifun.de\/wp-content\/uploads\/2019\/03\/ikea-symfonisk-buchregal.jpg\"><img loading=\"lazy\" decoding=\"async\" src=\"https:\/\/images.ifun.de\/wp-content\/uploads\/2019\/03\/ikea-symfonisk-buchregal-700x525.jpg\" alt=\"Ikea Symfonisk Buchregal\" width=\"700\" height=\"525\" class=\"aligncenter size-large wp-image-135566\" srcset=\"https:\/\/images.ifun.de\/wp-content\/uploads\/2019\/03\/ikea-symfonisk-buchregal-700x525.jpg 700w, https:\/\/images.ifun.de\/wp-content\/uploads\/2019\/03\/ikea-symfonisk-buchregal-500x375.jpg 500w, https:\/\/images.ifun.de\/wp-content\/uploads\/2019\/03\/ikea-symfonisk-buchregal-768x576.jpg 768w\" sizes=\"auto, (max-width: 700px) 100vw, 700px\" \/><\/a><\/p>\n","protected":false},"excerpt":{"rendered":"<a href=\"https:\/\/www.ifun.de\/ikea-symfonisk-offizielle-bilder-zeigen-sonos-lautsprecher-135563\/\"><img width=\"150\" height=\"150\" src=\"https:\/\/images.ifun.de\/wp-content\/uploads\/2019\/03\/ikea-symfonisk-buchregal-150x150.jpg\" class=\"alignright tfe wp-post-image\" alt=\"Ikea Symfonisk Buchregal\" decoding=\"async\" loading=\"lazy\" \/><\/a><p>Gef\u00fchlt besitzt der RED DOT Design-Award in etwa die gleiche Exklusivit\u00e4t wie ein Siegel des T\u00dcV-Rheinland: Im Zweifelsfall m\u00fcsst ihr euch nur kurz umdrehen, und schon prangen auf dem soeben abgestellten Papierm\u00fclleimer Sticker von beiden Organisationen. Anders formuliert: Der RED DOT Design-Award zeichnet nicht unbedingt gutes Design aus, sch\u00f6n gestaltete Objekte k\u00f6nnen aber durchaus mit [&hellip;]<\/p>\n","protected":false},"author":1,"featured_media":135566,"comment_status":"open","ping_status":"closed","sticky":false,"template":"","format":"standard","meta":{"_acf_changed":false,"footnotes":""},"categories":[22],"tags":[1132,126,1068,4470,6325],"class_list":["post-135563","post","type-post","status-publish","format-standard","has-post-thumbnail","hentry","category-zubehor","tag-ikea","tag-lautsprecher","tag-sonos","tag-symfonisk","tag-zubehor"],"acf":[],"aioseo_notices":[],"featured_image":["https:\/\/images.ifun.de\/wp-content\/uploads\/2019\/03\/sonos-ikea-symfonisk.jpg"],"subheadline":["Offenbar ohne Sprachsteuerung"],"rest_api_enabler":{"featured_image":"https:\/\/images.ifun.de\/wp-content\/uploads\/2019\/03\/sonos-ikea-symfonisk.jpg","subheadline":"Offenbar ohne Sprachsteuerung"},"_links":{"self":[{"href":"https:\/\/www.ifun.de\/apiv2\/wp\/v2\/posts\/135563","targetHints":{"allow":["GET"]}}],"collection":[{"href":"https:\/\/www.ifun.de\/apiv2\/wp\/v2\/posts"}],"about":[{"href":"https:\/\/www.ifun.de\/apiv2\/wp\/v2\/types\/post"}],"author":[{"embeddable":true,"href":"https:\/\/www.ifun.de\/apiv2\/wp\/v2\/users\/1"}],"replies":[{"embeddable":true,"href":"https:\/\/www.ifun.de\/apiv2\/wp\/v2\/comments?post=135563"}],"version-history":[{"count":3,"href":"https:\/\/www.ifun.de\/apiv2\/wp\/v2\/posts\/135563\/revisions"}],"predecessor-version":[{"id":135638,"href":"https:\/\/www.ifun.de\/apiv2\/wp\/v2\/posts\/135563\/revisions\/135638"}],"wp:featuredmedia":[{"embeddable":true,"href":"https:\/\/www.ifun.de\/apiv2\/wp\/v2\/media\/135566"}],"wp:attachment":[{"href":"https:\/\/www.ifun.de\/apiv2\/wp\/v2\/media?parent=135563"}],"wp:term":[{"taxonomy":"category","embeddable":true,"href":"https:\/\/www.ifun.de\/apiv2\/wp\/v2\/categories?post=135563"},{"taxonomy":"post_tag","embeddable":true,"href":"https:\/\/www.ifun.de\/apiv2\/wp\/v2\/tags?post=135563"}],"curies":[{"name":"wp","href":"https:\/\/api.w.org\/{rel}","templated":true}]}}