{"id":135416,"date":"2019-03-22T07:21:04","date_gmt":"2019-03-22T06:21:04","guid":{"rendered":"https:\/\/www.ifun.de\/?p=135416"},"modified":"2019-03-22T07:21:04","modified_gmt":"2019-03-22T06:21:04","slug":"videoschnitt-imovie-und-final-cut-pro-aktualisiert","status":"publish","type":"post","link":"https:\/\/www.ifun.de\/videoschnitt-imovie-und-final-cut-pro-aktualisiert-135416\/","title":{"rendered":"Videoschnitt: iMovie und Final Cut Pro aktualisiert"},"content":{"rendered":"<p>Zwei Monate nach der letzten \u00dcberarbeitung hat Apple seine Videoschnitt-Applikationen <a href=\"https:\/\/itunes.apple.com\/de\/app\/imovie\/id408981434?mt=12\">iMovie<\/a> und <a href=\"https:\/\/itunes.apple.com\/de\/app\/final-cut-pro\/id424389933?mt=12\">Final Cut Pro<\/a> mit frischen Aktualisierungen versehen und bietet beide Updates \u00fcber den Mac App Store an.<\/p>\n<p><a href=\"https:\/\/images.ifun.de\/wp-content\/uploads\/2018\/04\/final-cut.jpg\"><img decoding=\"async\" src=\"https:\/\/images.ifun.de\/wp-content\/uploads\/2018\/04\/final-cut.jpg\" alt=\"Final Cut\" width=\"500\" class=\"aligncenter size-full wp-image-120761\" srcset=\"https:\/\/images.ifun.de\/wp-content\/uploads\/2018\/04\/final-cut.jpg 1000w, https:\/\/images.ifun.de\/wp-content\/uploads\/2018\/04\/final-cut-300x236.jpg 300w, https:\/\/images.ifun.de\/wp-content\/uploads\/2018\/04\/final-cut-768x604.jpg 768w\" sizes=\"(max-width: 1000px) 100vw, 1000px\" \/><\/a><\/p>\n<p>W\u00e4hrend der Beipackzettel zur Privatanwender-App iMovie eher \u00fcberschaubar ausf\u00e4llt und lediglich eine verbesserte YouTube-Kompatibilit\u00e4t anf\u00fchrt, f\u00fchrt die 329 Euro teure Profi-Anwendung Final Cut Pro eine gro\u00dfe Liste kleinerer Korrekturen unter der Haube an.<\/p>\n<h2>Neu in iMovie 10.1.11<\/h2>\n<ul>\n<li>Erkennt Mediendateien, die mit zuk\u00fcnftigen macOS-Versionen nach Mojave m\u00f6glicherweise nicht mehr kompatibel sind und konvertiert sie in ein kompatibles Format<\/li>\n<li>Verbessert die Zuverl\u00e4ssigkeit beim Teilen von Videos auf YouTube<\/li>\n<\/ul>\n<!-- WP-Appbox (Version: 4.5.12 \/\/ Store: appstore \/\/ ID: 408981434) -->\t<!-- app-link -->\n\t<div id=\"article-single-app-preview\">\n\t\t<div id=\"article-single-app-preview-header\">\n\t\t\t<span class=\"title\">Laden im App Store<\/span>\n\t\t<\/div>\n\t\t<div id=\"article-single-app-preview-content\">\n\t\t\t<div id=\"article-single-app-preview-img\"><img loading=\"lazy\" decoding=\"async\" src=\"\/\/is1-ssl.mzstatic.com\/image\/thumb\/PurpleSource221\/v4\/5e\/15\/d8\/5e15d8d4-a82b-e0b3-5c82-9a8728c1a6ff\/Placeholder.mill\/200x200bb-75.png\" alt=\"iMovie\"  height=\"72\" width=\"72\" class=\"asl-icon-img\" \/><\/div>\n\t\t\t<div id=\"article-single-app-preview-desc\">\n\t\t\t\t<span class=\"name\">iMovie<\/span><br \/>\n\t\t\t\t<span class=\"seller\">Entwickler: <a target=\"_blank\" rel=\"nofollow\" href=\"https:\/\/apps.apple.com\/de\/developer\/apple\/id284417353?mt=12\">Apple<\/a><\/span>\n\t\t\t<\/div>\n\t\t\t<a target=\"_blank\" rel=\"nofollow\" href=\"https:\/\/apps.apple.com\/de\/app\/imovie\/id408981434?mt=12\"><div id=\"article-single-app-preview-download\">Preis: Kostenlos<br \/>\n\t\t\t<span class=\"size\">Laden<\/span><\/div><\/a>\n\t\t<\/div>\n\t\t<!-- <div id=\"article-single-app-preview-footer\"><\/div>\t-->\n\t<\/div>\n\t<!-- app-link\/ende --><!-- \/WP-Appbox -->\n<h2>Neu in Final Cut Pro 10.4.6<\/h2>\n<ul>\n<li>Erkennt Mediendateien, die mit zuk\u00fcnftigen macOS-Versionen nach Mojave m\u00f6glicherweise nicht mehr kompatibel sind und konvertiert sie in ein kompatibles Format<\/li>\n<li>Behebt ein Problem, bei dem nach dem Beenden von Final Cut Pro die Ziele zum Teilen aus dem Men\u00fc zum Teilen verschwanden<\/li>\n<li>Behebt ein Problem, bei dem die Taste f\u00fcr Arbeitsablauferweiterungen bei Gr\u00f6\u00dfen\u00e4nderungen der Benutzeroberfl\u00e4che verschwand<\/li>\n<li>Behebt ein Problem, bei dem der Befehl \u201eClip ausw\u00e4hlen&#8220; f\u00e4lschlicherweise den Clip unter der Abspielposition ausw\u00e4hlte<\/li>\n<li>Behebt ein Problem, bei dem nach dem Abbrechen des Teilens ein Hinweis angezeigt wurde, dass das Teilen erfolgreich war<\/li>\n<li>Behebt ein Problem, bei dem in der Bild\u00fcbersicht im Vergleich-Viewer gesicherte Bilder anders aussahen als im Viewer<\/li>\n<li>Behebt ein Problem, bei dem Frequenzinformationen f\u00fcr \u201eBrummen entfernen&#8220; im lnformationsfenster \u201eAudio&#8220; nicht sichtbar waren &#8211; Behebt ein Problem, bei dem erneut verbundene Medien mit schwarzen Miniaturen in der \u00dcbersicht und der Timeline angezeigt wurden<\/li>\n<li>Behebt ein Problem, bei dem bei der Verwendung von Final Cut Pro im Vollbildmodus das Men\u00fc zum Teilen vom Viewer verdeckt wurde<\/li>\n<li>Verbessert die Zuverl\u00e4ssigkeit beim Teilen von Videos auf YouTube<\/li>\n<\/ul>\n<!-- WP-Appbox (Version: 4.5.12 \/\/ Store: appstore \/\/ ID: 424389933) -->\t<!-- app-link -->\n\t<div id=\"article-single-app-preview\">\n\t\t<div id=\"article-single-app-preview-header\">\n\t\t\t<span class=\"title\">Laden im App Store<\/span>\n\t\t<\/div>\n\t\t<div id=\"article-single-app-preview-content\">\n\t\t\t<div id=\"article-single-app-preview-img\"><img loading=\"lazy\" decoding=\"async\" src=\"\/\/is1-ssl.mzstatic.com\/image\/thumb\/PurpleSource221\/v4\/e0\/2e\/c0\/e02ec0f2-f80c-9155-006d-015221161c33\/Placeholder.mill\/200x200bb-75.png\" alt=\"Final Cut Pro\"  height=\"72\" width=\"72\" class=\"asl-icon-img\" \/><\/div>\n\t\t\t<div id=\"article-single-app-preview-desc\">\n\t\t\t\t<span class=\"name\">Final Cut Pro<\/span><br \/>\n\t\t\t\t<span class=\"seller\">Entwickler: <a target=\"_blank\" rel=\"nofollow\" href=\"https:\/\/apps.apple.com\/de\/developer\/apple\/id284417353?mt=12\">Apple<\/a><\/span>\n\t\t\t<\/div>\n\t\t\t<a target=\"_blank\" rel=\"nofollow\" href=\"https:\/\/apps.apple.com\/de\/app\/final-cut-pro\/id424389933?mt=12\"><div id=\"article-single-app-preview-download\">Preis: 349,99\u00a0\u20ac<br \/>\n\t\t\t<span class=\"size\">Laden<\/span><\/div><\/a>\n\t\t<\/div>\n\t\t<!-- <div id=\"article-single-app-preview-footer\"><\/div>\t-->\n\t<\/div>\n\t<!-- app-link\/ende --><!-- \/WP-Appbox -->\n","protected":false},"excerpt":{"rendered":"<a href=\"https:\/\/www.ifun.de\/videoschnitt-imovie-und-final-cut-pro-aktualisiert-135416\/\"><img decoding=\"async\" width=\"150\" src=\"https:\/\/images.ifun.de\/wp-content\/uploads\/2018\/04\/final-cut.jpg\" class=\"alignright wp-post-image tfe\" alt=\"Final Cut\" title=\"\" \/><\/a><p>Zwei Monate nach der letzten \u00dcberarbeitung hat Apple seine Videoschnitt-Applikationen iMovie und Final Cut Pro mit frischen Aktualisierungen versehen und bietet beide Updates \u00fcber den Mac App Store an. W\u00e4hrend der Beipackzettel zur Privatanwender-App iMovie eher \u00fcberschaubar ausf\u00e4llt und lediglich eine verbesserte YouTube-Kompatibilit\u00e4t anf\u00fchrt, f\u00fchrt die 329 Euro teure Profi-Anwendung Final Cut Pro eine gro\u00dfe [&hellip;]<\/p>\n","protected":false},"author":1,"featured_media":0,"comment_status":"open","ping_status":"closed","sticky":false,"template":"","format":"standard","meta":{"_acf_changed":false,"footnotes":""},"categories":[3],"tags":[4737,1124,346,52,69],"class_list":["post-135416","post","type-post","status-publish","format-standard","hentry","category-apple","tag-apps","tag-final-cut-pro","tag-imovie","tag-software","tag-update"],"acf":[],"aioseo_notices":[],"subheadline":["Von Apple \u00fcberarbeitet"],"featured_image":["https:\/\/images.ifun.de\/wp-content\/uploads\/2016\/11\/macbook-pro-touch-bar-final-cut-pro.jpg"],"rest_api_enabler":{"subheadline":"Von Apple \u00fcberarbeitet","featured_image":"https:\/\/images.ifun.de\/wp-content\/uploads\/2016\/11\/macbook-pro-touch-bar-final-cut-pro.jpg"},"_links":{"self":[{"href":"https:\/\/www.ifun.de\/apiv2\/wp\/v2\/posts\/135416","targetHints":{"allow":["GET"]}}],"collection":[{"href":"https:\/\/www.ifun.de\/apiv2\/wp\/v2\/posts"}],"about":[{"href":"https:\/\/www.ifun.de\/apiv2\/wp\/v2\/types\/post"}],"author":[{"embeddable":true,"href":"https:\/\/www.ifun.de\/apiv2\/wp\/v2\/users\/1"}],"replies":[{"embeddable":true,"href":"https:\/\/www.ifun.de\/apiv2\/wp\/v2\/comments?post=135416"}],"version-history":[{"count":1,"href":"https:\/\/www.ifun.de\/apiv2\/wp\/v2\/posts\/135416\/revisions"}],"predecessor-version":[{"id":135417,"href":"https:\/\/www.ifun.de\/apiv2\/wp\/v2\/posts\/135416\/revisions\/135417"}],"wp:attachment":[{"href":"https:\/\/www.ifun.de\/apiv2\/wp\/v2\/media?parent=135416"}],"wp:term":[{"taxonomy":"category","embeddable":true,"href":"https:\/\/www.ifun.de\/apiv2\/wp\/v2\/categories?post=135416"},{"taxonomy":"post_tag","embeddable":true,"href":"https:\/\/www.ifun.de\/apiv2\/wp\/v2\/tags?post=135416"}],"curies":[{"name":"wp","href":"https:\/\/api.w.org\/{rel}","templated":true}]}}