{"id":135380,"date":"2019-03-21T12:27:36","date_gmt":"2019-03-21T11:27:36","guid":{"rendered":"https:\/\/www.ifun.de\/?p=135380"},"modified":"2019-03-21T12:29:50","modified_gmt":"2019-03-21T11:29:50","slug":"ipad-pro-kopfhoerer-adapter-und-ladekabel-fuer-usb-c-anschluesse","status":"publish","type":"post","link":"https:\/\/www.ifun.de\/ipad-pro-kopfhoerer-adapter-und-ladekabel-fuer-usb-c-anschluesse-135380\/","title":{"rendered":"iPad Pro: Satechi Kopfh\u00f6rer-Adapter und Ladekabel f\u00fcr USB-C-Anschl\u00fcsse"},"content":{"rendered":"<p>W\u00e4hrend die in dieser Woche vorgestellten neuen iPad-Modelle klassisch mit Lightning-Anschluss und Ohrh\u00f6rerbuchse ausgestattet sind, setzt Apple beim iPad Pro ausschlie\u00dflich auf USB-C. Besitzer der High-End-Tablets kommen somit nicht umhin, f\u00fcr den Anschluss von kabelgebundenen Kopfh\u00f6rern oder sonstigen Ger\u00e4ten einen Adapter zu verwenden. Ein Markt, auf dem sich bereits verschiedene urspr\u00fcnglich f\u00fcr Android-Ger\u00e4te konzipierte Produkte finden. Der Zubeh\u00f6rhersteller <a href=\"https:\/\/satechi.net\/\">Satechi<\/a> will hier jedoch mit ansprechender Optik und hochwertiger Verarbeitung die gesteigerten Erwartungen von Apple-Kunden befriedigen.<\/p>\n<p><a href=\"https:\/\/images.ifun.de\/wp-content\/uploads\/2019\/03\/satechi-usb-c-auf-miniklinke-adapter.jpg\"><img loading=\"lazy\" decoding=\"async\" src=\"https:\/\/images.ifun.de\/wp-content\/uploads\/2019\/03\/satechi-usb-c-auf-miniklinke-adapter-500x413.jpg\" alt=\"Satechi Usb C Auf Miniklinke Adapter\" width=\"500\" height=\"413\" class=\"alignnone size-medium wp-image-135383\" srcset=\"https:\/\/images.ifun.de\/wp-content\/uploads\/2019\/03\/satechi-usb-c-auf-miniklinke-adapter-500x413.jpg 500w, https:\/\/images.ifun.de\/wp-content\/uploads\/2019\/03\/satechi-usb-c-auf-miniklinke-adapter-768x634.jpg 768w, https:\/\/images.ifun.de\/wp-content\/uploads\/2019\/03\/satechi-usb-c-auf-miniklinke-adapter-700x578.jpg 700w, https:\/\/images.ifun.de\/wp-content\/uploads\/2019\/03\/satechi-usb-c-auf-miniklinke-adapter.jpg 1000w\" sizes=\"auto, (max-width: 500px) 100vw, 500px\" \/><\/a><\/p>\n<p>Mit dem 59 Euro teuren <a rel=\"noindex, nofollow\" href=\"http:\/\/www.ifun.de\/amzn\/B07K6W853B\">Aluminium Typ-C Mobile Pro Hub<\/a> bietet Satechi bereits einen ersten Multi-Adapter f\u00fcr das iPad Pro auf dem deutschen Markt an. Der neue <a href=\"https:\/\/satechi.net\/collections\/whats-new\/products\/type-c-to-3-5mm-audio-headphone-jack-adapter\">Type-C to 3,5mm Audio Adapter<\/a> soll in K\u00fcrze auch hierzulande als g\u00fcnstigere Alternative f\u00fcr Nutzer erh\u00e4ltlich sein, die lediglich ihren Kopfh\u00f6rer oder ein anderes Audioger\u00e4t am iPad Pro betreiben wollen. Zum Preis von 25 Euro gibt es hier einen kurzen Adapterstecker im Aluminium-Design, der den Anschluss \u00fcber Miniklinke und gleichzeitig eine stromf\u00fchrende Verbindung \u00fcber USB-C erlaubt.<\/p>\n<p>Ebenfalls neu im Angebot von Satechi ist ein hochwertiges <a href=\"https:\/\/satechi.net\/collections\/whats-new\/products\/usb-c-to-usb-c-100w-charging-cable#detail-section\">USB-C-Ladekabel<\/a> mit einem geplanten Verkaufspreis von 20 Euro. Bemerkenswert ist hier die L\u00e4nge von zwei Metern, die nicht nur MacBook-Nutzern mit gr\u00f6\u00dferer Entfernung zur Steckdose sondern auch iPad-Besitzern, die sich freier bewegen wollen, zugute kommt. Das Kabel ist auf eine Ladeleistung von bis zu 100 Watt ausgelegt und unterst\u00fctzt dem Hersteller zufolge auch schnellen Datenaustausch mit bis zu 480 Mbps.<\/p>\n<p><a href=\"https:\/\/images.ifun.de\/wp-content\/uploads\/2019\/03\/satechi-usb-c-ladekabel-100-watt.jpg\"><img loading=\"lazy\" decoding=\"async\" src=\"https:\/\/images.ifun.de\/wp-content\/uploads\/2019\/03\/satechi-usb-c-ladekabel-100-watt.jpg\" alt=\"Satechi Usb C Ladekabel 100 Watt\" width=\"700\" height=\"548\" class=\"alignnone size-full wp-image-135384\" srcset=\"https:\/\/images.ifun.de\/wp-content\/uploads\/2019\/03\/satechi-usb-c-ladekabel-100-watt.jpg 700w, https:\/\/images.ifun.de\/wp-content\/uploads\/2019\/03\/satechi-usb-c-ladekabel-100-watt-500x391.jpg 500w\" sizes=\"auto, (max-width: 700px) 100vw, 700px\" \/><\/a><\/p>\n<p>Die beiden neuen Produkte k\u00f6nnen bereits in den USA bestellt werden und sollten in absehbarer Zeit auch den Weg in die Regal der deutschen H\u00e4ndler finden.<\/p>\n","protected":false},"excerpt":{"rendered":"<a href=\"https:\/\/www.ifun.de\/ipad-pro-kopfhoerer-adapter-und-ladekabel-fuer-usb-c-anschluesse-135380\/\"><img width=\"150\" height=\"150\" src=\"https:\/\/images.ifun.de\/wp-content\/uploads\/2019\/03\/satechi-usb-c-kopfhoerer-adapter-150x150.jpg\" class=\"alignright tfe wp-post-image\" alt=\"Satechi Usb C Kopfhoerer Adapter\" decoding=\"async\" loading=\"lazy\" \/><\/a><p>W\u00e4hrend die in dieser Woche vorgestellten neuen iPad-Modelle klassisch mit Lightning-Anschluss und Ohrh\u00f6rerbuchse ausgestattet sind, setzt Apple beim iPad Pro ausschlie\u00dflich auf USB-C. Besitzer der High-End-Tablets kommen somit nicht umhin, f\u00fcr den Anschluss von kabelgebundenen Kopfh\u00f6rern oder sonstigen Ger\u00e4ten einen Adapter zu verwenden. Ein Markt, auf dem sich bereits verschiedene urspr\u00fcnglich f\u00fcr Android-Ger\u00e4te konzipierte Produkte [&hellip;]<\/p>\n","protected":false},"author":2,"featured_media":135385,"comment_status":"open","ping_status":"closed","sticky":false,"template":"","format":"standard","meta":{"_acf_changed":false,"footnotes":""},"categories":[10],"tags":[4740,2650,6325],"class_list":["post-135380","post","type-post","status-publish","format-standard","has-post-thumbnail","hentry","category-ipad","tag-ipad","tag-usb-c","tag-zubehor"],"acf":[],"aioseo_notices":[],"featured_image":["https:\/\/images.ifun.de\/wp-content\/uploads\/2019\/03\/satechi-usb-c-kopfhoerer-adapter.jpg"],"subheadline":["In passendem Aluminium-Design"],"rest_api_enabler":{"featured_image":"https:\/\/images.ifun.de\/wp-content\/uploads\/2019\/03\/satechi-usb-c-kopfhoerer-adapter.jpg","subheadline":"In passendem Aluminium-Design"},"_links":{"self":[{"href":"https:\/\/www.ifun.de\/apiv2\/wp\/v2\/posts\/135380","targetHints":{"allow":["GET"]}}],"collection":[{"href":"https:\/\/www.ifun.de\/apiv2\/wp\/v2\/posts"}],"about":[{"href":"https:\/\/www.ifun.de\/apiv2\/wp\/v2\/types\/post"}],"author":[{"embeddable":true,"href":"https:\/\/www.ifun.de\/apiv2\/wp\/v2\/users\/2"}],"replies":[{"embeddable":true,"href":"https:\/\/www.ifun.de\/apiv2\/wp\/v2\/comments?post=135380"}],"version-history":[{"count":4,"href":"https:\/\/www.ifun.de\/apiv2\/wp\/v2\/posts\/135380\/revisions"}],"predecessor-version":[{"id":135387,"href":"https:\/\/www.ifun.de\/apiv2\/wp\/v2\/posts\/135380\/revisions\/135387"}],"wp:featuredmedia":[{"embeddable":true,"href":"https:\/\/www.ifun.de\/apiv2\/wp\/v2\/media\/135385"}],"wp:attachment":[{"href":"https:\/\/www.ifun.de\/apiv2\/wp\/v2\/media?parent=135380"}],"wp:term":[{"taxonomy":"category","embeddable":true,"href":"https:\/\/www.ifun.de\/apiv2\/wp\/v2\/categories?post=135380"},{"taxonomy":"post_tag","embeddable":true,"href":"https:\/\/www.ifun.de\/apiv2\/wp\/v2\/tags?post=135380"}],"curies":[{"name":"wp","href":"https:\/\/api.w.org\/{rel}","templated":true}]}}