{"id":135353,"date":"2019-03-21T07:03:27","date_gmt":"2019-03-21T06:03:27","guid":{"rendered":"https:\/\/www.ifun.de\/?p=135353"},"modified":"2019-03-21T07:06:30","modified_gmt":"2019-03-21T06:06:30","slug":"20-modelle-vier-kategorien-alle-ipads-seit-2010-im-ueberblick","status":"publish","type":"post","link":"https:\/\/www.ifun.de\/20-modelle-vier-kategorien-alle-ipads-seit-2010-im-ueberblick-135353\/","title":{"rendered":"20 Modelle, vier Kategorien: Alle iPads seit 2010 im \u00dcberblick"},"content":{"rendered":"<p>Seit der Vorstellung des ersten iPad im Jahr 2010 hat Apple 20 verschiedene Modelle auf den Markt gebracht. Damit hier der \u00dcberblick nicht verloren geht, h\u00e4lt der Hersteller die \u00dcbersichtsseite \u201e<a href=\"https:\/\/support.apple.com\/en-us\/HT201471\">iPad-Modell bestimmen<\/a>\u201c stets aktuell. Die Aufstellung ist auch immer dann hilfreich, wenn ihr ein gebrauchtes iPad kaufen oder verkaufen wollt.<\/p>\n<p><a href=\"https:\/\/images.ifun.de\/wp-content\/uploads\/2019\/03\/ipad-air-generation-3-technische-zeichnung.jpg\"><img loading=\"lazy\" decoding=\"async\" src=\"https:\/\/images.ifun.de\/wp-content\/uploads\/2019\/03\/ipad-air-generation-3-technische-zeichnung-500x369.jpg\" alt=\"Ipad Air Generation 3 Technische Zeichnung\" width=\"500\" height=\"369\" class=\"alignnone size-medium wp-image-135355\" srcset=\"https:\/\/images.ifun.de\/wp-content\/uploads\/2019\/03\/ipad-air-generation-3-technische-zeichnung-500x369.jpg 500w, https:\/\/images.ifun.de\/wp-content\/uploads\/2019\/03\/ipad-air-generation-3-technische-zeichnung-768x566.jpg 768w, https:\/\/images.ifun.de\/wp-content\/uploads\/2019\/03\/ipad-air-generation-3-technische-zeichnung-700x516.jpg 700w, https:\/\/images.ifun.de\/wp-content\/uploads\/2019\/03\/ipad-air-generation-3-technische-zeichnung.jpg 1560w\" sizes=\"auto, (max-width: 500px) 100vw, 500px\" \/><\/a><\/p>\n<p>Apple sortiert die iPads in die vier Modellgruppen \u201e<a href=\"https:\/\/support.apple.com\/en-us\/HT201471#ipadpro\">iPad Pro<\/a>\u201c, \u201e<a href=\"https:\/\/support.apple.com\/en-us\/HT201471#ipadair\">iPad Air<\/a>\u201c, \u201e<a href=\"https:\/\/support.apple.com\/en-us\/HT201471#ipadmini\">iPad mini<\/a>\u201c und \u201e<a href=\"https:\/\/support.apple.com\/en-us\/HT201471#ipad\">iPad<\/a>\u201c. Bei der Vorstellung des ersten iPad Air ging man 2013 noch davon aus, dass diese Ger\u00e4tereihe als Nachfolger f\u00fcr das im Jahr zuvor vorgestellte iPad der vierten Generation zu sehen ist. Wie wir mittlerweile wissen, f\u00fchrt Apple beide Modellreihen weiter. 2017 erschien das iPad der f\u00fcnften Generation und 2018 die sechste Generation, das iPad Air wurde in der dritten Generation erst diese Woche vorgestellt.<\/p>\n<p>Bei Apple findet sich auch eine <a href=\"https:\/\/support.apple.com\/de-de\/HT201471\">deutsche Version<\/a> dieser Auflistung, allerdings sind die neuen Modelle hier aktuell noch nicht eingepflegt.<\/p>\n<h2>Welcher Apple Pencil funktioniert mit welchem iPad<\/h2>\n<p>Auch mit Blick auf die Tatsache, dass Apple mit den neu vorgestellten iPad-Modellen dem alten Apple Pencil wieder mehr Relevanz zuspricht, gibt es Erkl\u00e4rungsbedarf. Ein neues iPad kann nicht zwangsl\u00e4ufig mit dem neuen Apple Pencil zusammen genutzt werden, letzterer bleibt ausschlie\u00dflich den beiden iPad-Pro-Modellen vorbehalten.<\/p>\n<p>Apple hat diesbez\u00fcglich die Support-Webseite \u201e<a href=\"https:\/\/support.apple.com\/en-us\/HT205236\">Apple Pencil mit dem iPad und iPad Pro verwenden<\/a>\u201c aktualisiert und listet dort nun die unterschiedlichen iPad-Modelle nach ihrer Kompatibilit\u00e4t mit dem Apple Pencil sortiert. (Auch in diesem Fall gibt es eine <a href=\"https:\/\/support.apple.com\/de-de\/HT205236\">deutsche Seite<\/a>, die allerdings noch auf dem alten Stand ist.)<\/p>\n<p><a href=\"https:\/\/images.ifun.de\/wp-content\/uploads\/2019\/03\/welches-ipad-mit-welchem-apple-pencil.jpg\"><img loading=\"lazy\" decoding=\"async\" src=\"https:\/\/images.ifun.de\/wp-content\/uploads\/2019\/03\/welches-ipad-mit-welchem-apple-pencil-700x443.jpg\" alt=\"Welches Ipad Mit Welchem Apple Pencil\" width=\"700\" height=\"443\" class=\"alignnone size-large wp-image-135356\" srcset=\"https:\/\/images.ifun.de\/wp-content\/uploads\/2019\/03\/welches-ipad-mit-welchem-apple-pencil.jpg 700w, https:\/\/images.ifun.de\/wp-content\/uploads\/2019\/03\/welches-ipad-mit-welchem-apple-pencil-500x316.jpg 500w\" sizes=\"auto, (max-width: 700px) 100vw, 700px\" \/><\/a><\/p>\n","protected":false},"excerpt":{"rendered":"<a href=\"https:\/\/www.ifun.de\/20-modelle-vier-kategorien-alle-ipads-seit-2010-im-ueberblick-135353\/\"><img width=\"150\" height=\"150\" src=\"https:\/\/images.ifun.de\/wp-content\/uploads\/2019\/03\/welches-ipad-mit-welchem-apple-pencil-150x150.jpg\" class=\"alignright tfe wp-post-image\" alt=\"Welches Ipad Mit Welchem Apple Pencil\" decoding=\"async\" loading=\"lazy\" \/><\/a><p>Seit der Vorstellung des ersten iPad im Jahr 2010 hat Apple 20 verschiedene Modelle auf den Markt gebracht. Damit hier der \u00dcberblick nicht verloren geht, h\u00e4lt der Hersteller die \u00dcbersichtsseite \u201eiPad-Modell bestimmen\u201c stets aktuell. Die Aufstellung ist auch immer dann hilfreich, wenn ihr ein gebrauchtes iPad kaufen oder verkaufen wollt. Apple sortiert die iPads in [&hellip;]<\/p>\n","protected":false},"author":2,"featured_media":135356,"comment_status":"open","ping_status":"closed","sticky":false,"template":"","format":"standard","meta":{"_acf_changed":false,"footnotes":""},"categories":[10],"tags":[4740],"class_list":["post-135353","post","type-post","status-publish","format-standard","has-post-thumbnail","hentry","category-ipad","tag-ipad"],"acf":[],"aioseo_notices":[],"subheadline":["Apple-Liste sorgt f\u00fcr Durchblick"],"featured_image":["https:\/\/images.ifun.de\/wp-content\/uploads\/2016\/03\/ipad-pro-header-3.jpg"],"rest_api_enabler":{"subheadline":"Apple-Liste sorgt f\u00fcr Durchblick","featured_image":"https:\/\/images.ifun.de\/wp-content\/uploads\/2016\/03\/ipad-pro-header-3.jpg"},"_links":{"self":[{"href":"https:\/\/www.ifun.de\/apiv2\/wp\/v2\/posts\/135353","targetHints":{"allow":["GET"]}}],"collection":[{"href":"https:\/\/www.ifun.de\/apiv2\/wp\/v2\/posts"}],"about":[{"href":"https:\/\/www.ifun.de\/apiv2\/wp\/v2\/types\/post"}],"author":[{"embeddable":true,"href":"https:\/\/www.ifun.de\/apiv2\/wp\/v2\/users\/2"}],"replies":[{"embeddable":true,"href":"https:\/\/www.ifun.de\/apiv2\/wp\/v2\/comments?post=135353"}],"version-history":[{"count":7,"href":"https:\/\/www.ifun.de\/apiv2\/wp\/v2\/posts\/135353\/revisions"}],"predecessor-version":[{"id":135361,"href":"https:\/\/www.ifun.de\/apiv2\/wp\/v2\/posts\/135353\/revisions\/135361"}],"wp:featuredmedia":[{"embeddable":true,"href":"https:\/\/www.ifun.de\/apiv2\/wp\/v2\/media\/135356"}],"wp:attachment":[{"href":"https:\/\/www.ifun.de\/apiv2\/wp\/v2\/media?parent=135353"}],"wp:term":[{"taxonomy":"category","embeddable":true,"href":"https:\/\/www.ifun.de\/apiv2\/wp\/v2\/categories?post=135353"},{"taxonomy":"post_tag","embeddable":true,"href":"https:\/\/www.ifun.de\/apiv2\/wp\/v2\/tags?post=135353"}],"curies":[{"name":"wp","href":"https:\/\/api.w.org\/{rel}","templated":true}]}}