{"id":135245,"date":"2019-03-19T15:23:51","date_gmt":"2019-03-19T14:23:51","guid":{"rendered":"https:\/\/www.ifun.de\/?p=135245"},"modified":"2019-03-19T15:25:05","modified_gmt":"2019-03-19T14:25:05","slug":"bis-zu-18-339-euro-imac-pro-mit-neuen-ausstattungsvarianten","status":"publish","type":"post","link":"https:\/\/www.ifun.de\/bis-zu-18-339-euro-imac-pro-mit-neuen-ausstattungsvarianten-135245\/","title":{"rendered":"Bis zu 18.339 Euro: Auch iMac Pro mit neuen Ausstattungsvarianten"},"content":{"rendered":"<p>Neben den \u00fcberf\u00e4lligen Hardware-Aktualisierungen, die Apple heute seiner iMac-Familie <a href=\"https:\/\/www.ifun.de\/fuenf-neue-imac-verfuegbar-apple-ueberarbeitet-komplette-imac-familie-135226\/\">hat zukommen lassen<\/a>, hat das Unternehmen auch die Konfigurationen des <a href=\"http:\/\/ifun.de\/applestore\/https:\/\/www.apple.com\/de\/shop\/buy-mac\/imac-pro\">iMac Pro<\/a> leicht \u00fcberarbeitet. <\/p>\n<p><a href=\"https:\/\/images.ifun.de\/wp-content\/uploads\/2017\/06\/new_2017_imac_pro_accessories.jpg\"><img decoding=\"async\" src=\"https:\/\/images.ifun.de\/wp-content\/uploads\/2017\/06\/new_2017_imac_pro_accessories.jpg\" alt=\"New 2017 Imac Pro Accessories\" width=\"500\" class=\"aligncenter size-full wp-image-108524\" srcset=\"https:\/\/images.ifun.de\/wp-content\/uploads\/2017\/06\/new_2017_imac_pro_accessories.jpg 700w, https:\/\/images.ifun.de\/wp-content\/uploads\/2017\/06\/new_2017_imac_pro_accessories-300x170.jpg 300w\" sizes=\"(max-width: 700px) 100vw, 700px\" \/><\/a><\/p>\n<p>Die neuen Ausstattungsvarianten, deren Vorhandensein Apple nicht gesondert angek\u00fcndigt hat, betreffen Grafik und Arbeitsspeicher. So l\u00e4sst sich der RAM des iMac Pro von den standardm\u00e4\u00dfig verbauten 32GB nicht mehr nur auf 64GB (+480 Euro) bzw. 128GB (+2.400 Euro) ausbauen, fortan ist auch die Bestellung mit bis zu 256GB DDR4 ECC Arbeitsspeicher mit 2666 MHz m\u00f6glich. Die Kosten betragen hier +6.240 Euro. <\/p>\n<p>Im Grafik-Bereich steht neben der Radeon Pro Vega 56 mit 8 GB HBM2 Grafikspeicher zuk\u00fcnftig zwei statt nur eine bessere Ausbaustufe bereit. Wie bislang gibt es die Radeon Pro Vega 64 mit 16 GB HBM2 Grafikspeicher f\u00fcr zus\u00e4tzliche 660 Euro. <\/p>\n<p>Wer satte 840 Euro in seine Grafik-Ausstattung investieren kann, darf auf die Radeon Pro Vega 64X mit ebenfalls 16 GB HBM2 Grafikspeicher upgraden. <\/p>\n<p>Die neuen Zusatz-Varianten erlauben nun die Konfiguration eines &#8222;build-to-order&#8220; iMac Pro f\u00fcr sagenhafte 18.339 Euro.<\/p>\n<p><a href=\"https:\/\/images.ifun.de\/wp-content\/uploads\/2019\/03\/ausstattung.jpg\"><img loading=\"lazy\" decoding=\"async\" src=\"https:\/\/images.ifun.de\/wp-content\/uploads\/2019\/03\/ausstattung-700x326.jpg\" alt=\"Ausstattung\" width=\"700\" height=\"326\" class=\"aligncenter size-large wp-image-135246\" srcset=\"https:\/\/images.ifun.de\/wp-content\/uploads\/2019\/03\/ausstattung-700x326.jpg 700w, https:\/\/images.ifun.de\/wp-content\/uploads\/2019\/03\/ausstattung-500x233.jpg 500w, https:\/\/images.ifun.de\/wp-content\/uploads\/2019\/03\/ausstattung-768x358.jpg 768w\" sizes=\"auto, (max-width: 700px) 100vw, 700px\" \/><\/a><\/p>\n","protected":false},"excerpt":{"rendered":"<a href=\"https:\/\/www.ifun.de\/bis-zu-18-339-euro-imac-pro-mit-neuen-ausstattungsvarianten-135245\/\"><img width=\"150\" height=\"150\" src=\"https:\/\/images.ifun.de\/wp-content\/uploads\/2019\/03\/ausstattung-150x150.jpg\" class=\"alignright tfe wp-post-image\" alt=\"Ausstattung\" decoding=\"async\" loading=\"lazy\" \/><\/a><p>Neben den \u00fcberf\u00e4lligen Hardware-Aktualisierungen, die Apple heute seiner iMac-Familie hat zukommen lassen, hat das Unternehmen auch die Konfigurationen des iMac Pro leicht \u00fcberarbeitet. Die neuen Ausstattungsvarianten, deren Vorhandensein Apple nicht gesondert angek\u00fcndigt hat, betreffen Grafik und Arbeitsspeicher. So l\u00e4sst sich der RAM des iMac Pro von den standardm\u00e4\u00dfig verbauten 32GB nicht mehr nur auf 64GB [&hellip;]<\/p>\n","protected":false},"author":1,"featured_media":135246,"comment_status":"open","ping_status":"closed","sticky":false,"template":"","format":"standard","meta":{"_acf_changed":false,"footnotes":""},"categories":[3],"tags":[4736,393,3718],"class_list":["post-135245","post","type-post","status-publish","format-standard","has-post-thumbnail","hentry","category-apple","tag-apple","tag-imac","tag-imac-pro"],"acf":[],"aioseo_notices":[],"featured_image":["https:\/\/images.ifun.de\/wp-content\/uploads\/2017\/10\/imac-pro.jpg"],"subheadline":["Mehr Grafik und Arbeitsspeicher"],"rest_api_enabler":{"featured_image":"https:\/\/images.ifun.de\/wp-content\/uploads\/2017\/10\/imac-pro.jpg","subheadline":"Mehr Grafik und Arbeitsspeicher"},"_links":{"self":[{"href":"https:\/\/www.ifun.de\/apiv2\/wp\/v2\/posts\/135245","targetHints":{"allow":["GET"]}}],"collection":[{"href":"https:\/\/www.ifun.de\/apiv2\/wp\/v2\/posts"}],"about":[{"href":"https:\/\/www.ifun.de\/apiv2\/wp\/v2\/types\/post"}],"author":[{"embeddable":true,"href":"https:\/\/www.ifun.de\/apiv2\/wp\/v2\/users\/1"}],"replies":[{"embeddable":true,"href":"https:\/\/www.ifun.de\/apiv2\/wp\/v2\/comments?post=135245"}],"version-history":[{"count":3,"href":"https:\/\/www.ifun.de\/apiv2\/wp\/v2\/posts\/135245\/revisions"}],"predecessor-version":[{"id":135249,"href":"https:\/\/www.ifun.de\/apiv2\/wp\/v2\/posts\/135245\/revisions\/135249"}],"wp:featuredmedia":[{"embeddable":true,"href":"https:\/\/www.ifun.de\/apiv2\/wp\/v2\/media\/135246"}],"wp:attachment":[{"href":"https:\/\/www.ifun.de\/apiv2\/wp\/v2\/media?parent=135245"}],"wp:term":[{"taxonomy":"category","embeddable":true,"href":"https:\/\/www.ifun.de\/apiv2\/wp\/v2\/categories?post=135245"},{"taxonomy":"post_tag","embeddable":true,"href":"https:\/\/www.ifun.de\/apiv2\/wp\/v2\/tags?post=135245"}],"curies":[{"name":"wp","href":"https:\/\/api.w.org\/{rel}","templated":true}]}}